{"id":13138,"date":"2025-01-01T17:55:08","date_gmt":"2025-01-01T16:55:08","guid":{"rendered":"https:\/\/www.culturalusa.com\/news\/?p=13138"},"modified":"2025-01-01T17:55:08","modified_gmt":"2025-01-01T16:55:08","slug":"economie-francois-bayrou-refuse-de-suspendre-la-reforme-des-retraites-malgre-les-menaces-de-la-gauche","status":"publish","type":"post","link":"https:\/\/www.culturalusa.com\/news\/economie\/economie-francois-bayrou-refuse-de-suspendre-la-reforme-des-retraites-malgre-les-menaces-de-la-gauche\/","title":{"rendered":"Economie: Fran\u00e7ois Bayrou refuse de suspendre la r\u00e9forme des retraites malgr\u00e9 les menaces de la gauche"},"content":{"rendered":"<h2>La r\u00e9forme des retraites ne va pas \u00eatre impact\u00e9e par l&rsquo;arriv\u00e9e de Fran\u00e7ois Bayrou \u00e0 Matignon. Malgr\u00e9 les demandes r\u00e9p\u00e9t\u00e9es de la gauche qui souhaite la suspension du texte voir son abrogation, le Premier ministre ne veut pas y toucher.<\/h2>\n<blockquote><p>\u00abDans quel monde vivent-ils? Savent-ils que la France est observ\u00e9e, notamment par les agences de notation?\u00bb, a-t-il indiqu\u00e9 sur BFMTV, lundi 23 d\u00e9cembre.<\/p><\/blockquote>\n<p>\u00abUne agence a fait descendre d&rsquo;un cran la note de la France parce qu&rsquo;elle pense que la situation \u00e9conomique du pays est inqui\u00e9tante\u00bb, a rappel\u00e9 Fran\u00e7ois Bayrou.<\/p>\n<p>C&rsquo;est par cette situation que le locataire de Matignon a choisi de justifier sa position sur le sujet br\u00fblant des retraites.<\/p>\n<p>\u00abIl se trouve qu&rsquo;une part importante des retraites pay\u00e9es chaque mois aux pensionn\u00e9s ne le sont pas par les gens qui sont au travail mais d\u00e9sormais par l&#8217;emprunt\u00bb, a-t-il pr\u00e9cis\u00e9 avant d&rsquo;ajouter que \u00abceux qui en assureront la charge seront donc les enfants\u00bb.<\/p>\n<p>Pour tenter de calmer l&rsquo;opposition, Fran\u00e7ois Bayrou a donn\u00e9 du lest sur des discussions \u00e0 venir. Il s&rsquo;est dit ouvert \u00e0 rencontrer les organisations syndicales et patronales.<\/p>\n<p>\u00abJe suis pr\u00eat \u00e0 ce que dans les six mois, les syndicats, le patronat, les entreprises et les forces politiques examinent tous les probl\u00e8mes et les solutions pour trouver des compromis et qu&rsquo;ils remplacent l&rsquo;actuelle r\u00e9forme des retraites\u00bb, a-t-il insist\u00e9, pr\u00e9voyant un d\u00e9lai de discussion de six mois.<\/p>\n<p>Le Premier ministre a rappel\u00e9 \u00eatre un \u00abpartisan de la retraite \u00e0 points\u00bb, qui \u00e9tait sur la table fin 2019 et \u00abqui offre des possibilit\u00e9s de trouver des compromis\u00bb, selon lui.<\/p>\n<p>\u00abSi on trouve des compromis, ils seront la base de la r\u00e9forme, a-t-il ajout\u00e9. Sinon, ce sera la r\u00e9forme actuelle qui continuera de s\u2019appliquer.\u00bb<\/p>\n","protected":false},"excerpt":{"rendered":"<p>La r\u00e9forme des retraites ne va pas \u00eatre impact\u00e9e par l&rsquo;arriv\u00e9e de Fran\u00e7ois Bayrou \u00e0 Matignon. Malgr\u00e9 les demandes r\u00e9p\u00e9t\u00e9es de la gauche qui souhaite la suspension du texte voir son abrogation, le Premier ministre ne veut pas y toucher. \u00abDans quel monde vivent-ils? Savent-ils que la France est observ\u00e9e, notamment par les agences de [&hellip;]<\/p>\n","protected":false},"author":1,"featured_media":13139,"comment_status":"open","ping_status":"closed","sticky":false,"template":"","format":"standard","meta":{"footnotes":""},"categories":[1],"tags":[1189,3202,3203],"class_list":["post-13138","post","type-post","status-publish","format-standard","has-post-thumbnail","hentry","category-economie","tag-economie","tag-francois-bayrou","tag-suspendre-la-reforme-des-retraites"],"aioseo_notices":[],"_links":{"self":[{"href":"https:\/\/www.culturalusa.com\/news\/wp-json\/wp\/v2\/posts\/13138","targetHints":{"allow":["GET"]}}],"collection":[{"href":"https:\/\/www.culturalusa.com\/news\/wp-json\/wp\/v2\/posts"}],"about":[{"href":"https:\/\/www.culturalusa.com\/news\/wp-json\/wp\/v2\/types\/post"}],"author":[{"embeddable":true,"href":"https:\/\/www.culturalusa.com\/news\/wp-json\/wp\/v2\/users\/1"}],"replies":[{"embeddable":true,"href":"https:\/\/www.culturalusa.com\/news\/wp-json\/wp\/v2\/comments?post=13138"}],"version-history":[{"count":1,"href":"https:\/\/www.culturalusa.com\/news\/wp-json\/wp\/v2\/posts\/13138\/revisions"}],"predecessor-version":[{"id":13140,"href":"https:\/\/www.culturalusa.com\/news\/wp-json\/wp\/v2\/posts\/13138\/revisions\/13140"}],"wp:featuredmedia":[{"embeddable":true,"href":"https:\/\/www.culturalusa.com\/news\/wp-json\/wp\/v2\/media\/13139"}],"wp:attachment":[{"href":"https:\/\/www.culturalusa.com\/news\/wp-json\/wp\/v2\/media?parent=13138"}],"wp:term":[{"taxonomy":"category","embeddable":true,"href":"https:\/\/www.culturalusa.com\/news\/wp-json\/wp\/v2\/categories?post=13138"},{"taxonomy":"post_tag","embeddable":true,"href":"https:\/\/www.culturalusa.com\/news\/wp-json\/wp\/v2\/tags?post=13138"}],"curies":[{"name":"wp","href":"https:\/\/api.w.org\/{rel}","templated":true}]}}