{"id":13145,"date":"2025-01-06T17:39:14","date_gmt":"2025-01-06T16:39:14","guid":{"rendered":"https:\/\/www.culturalusa.com\/news\/?p=13145"},"modified":"2025-01-06T17:41:56","modified_gmt":"2025-01-06T16:41:56","slug":"en-europe-le-ton-monte-contre-elon-musk","status":"publish","type":"post","link":"https:\/\/www.culturalusa.com\/news\/actualite\/en-europe-le-ton-monte-contre-elon-musk\/","title":{"rendered":"En Europe, le ton monte contre Elon Musk"},"content":{"rendered":"<h2>Face \u00e0 l&rsquo;intervention croissante d&rsquo;Elon Musk dans les d\u00e9bats politiques europ\u00e9ens, plusieurs dirigeants du Vieux Continent ont hauss\u00e9 le ton contre le tonitruant milliardaire, accus\u00e9 de colporter \u00ab\u00a0mensonges et de d\u00e9sinformation\u00a0\u00bb et de soutenir une \u00ab\u00a0internationale r\u00e9actionnaire\u00a0\u00bb.<\/h2>\n<blockquote><p>Le Premier ministre britannique, une des cibles privil\u00e9gi\u00e9es d&rsquo;Elon Musk ces derni\u00e8res semaines, a d\u00e9nonc\u00e9 \u00ab\u00a0ceux qui propagent mensonges et d\u00e9sinformation\u00a0\u00bb apr\u00e8s plusieurs jours de messages effr\u00e9n\u00e9s du milliardaire sur X pour attaquer la gestion par les autorit\u00e9s d&rsquo;une affaire de p\u00e9docriminalit\u00e9 en Angleterre et soutenir un activiste d&rsquo;extr\u00eame droite.<\/p><\/blockquote>\n<p>Elon Musk lui a r\u00e9pliqu\u00e9, accusant le dirigeant travailliste d&rsquo;\u00eatre \u00ab\u00a0tout \u00e0 fait m\u00e9prisable\u00a0\u00bb.<\/p>\n<p>Au m\u00eame moment, le pr\u00e9sident fran\u00e7ais Emmanuel Macron a regrett\u00e9 de voir l&rsquo;homme le plus riche de la plan\u00e8te soutenir \u00ab\u00a0une internationale r\u00e9actionnaire\u00a0\u00bb en Europe.<\/p>\n<p>\u00ab\u00a0Voil\u00e0 dix ans, si on nous avait dit que le propri\u00e9taire d&rsquo;un des plus grands r\u00e9seaux sociaux du monde soutiendrait une nouvelle internationale r\u00e9actionnaire et interviendrait directement dans les \u00e9lections, y compris en Allemagne, qui l&rsquo;aurait imagin\u00e9?\u00a0\u00bb, a-t-il ainsi lanc\u00e9 lors d&rsquo;une allocution devant les ambassadeurs fran\u00e7ais.<\/p>\n<p>Il faisait r\u00e9f\u00e9rence au soutien appuy\u00e9 du milliardaire am\u00e9ricain au parti d&rsquo;extr\u00eame droite allemand AfD, notamment dans une tribune publi\u00e9e dans le journal Die Welt en pleine campagne pour les \u00e9lections anticip\u00e9es.<\/p>\n<p>La tonalit\u00e9 contraste avec le temps o\u00f9 les dirigeants europ\u00e9ens se battaient pour attirer les faveurs de l&rsquo;homme d&rsquo;affaires, esp\u00e9rant accueillir une future usine Tesla et louant le g\u00e9nie visionnaire du fondateur de <strong>SpaceX<\/strong>.<\/p>\n<p>Depuis qu&rsquo;il s&rsquo;est engag\u00e9 politiquement derri\u00e8re Donald Trump et a jou\u00e9 un r\u00f4le de premier plan dans sa campagne, Elon Musk a multipli\u00e9 les marques de soutien aux repr\u00e9sentants de l&rsquo;extr\u00eame droite en Allemagne ou au Royaume-Uni.<\/p>\n<p>Des sorties souvent publi\u00e9es sur son r\u00e9seau social X, et qui inqui\u00e8tent d\u00e9sormais certains dirigeants en place dans un contexte de mont\u00e9e en puissance de ces courants dans de nombreux pays, port\u00e9s notamment par les pr\u00e9occupations li\u00e9es \u00e0 l&rsquo;immigration.<\/p>\n<p>Elles mettent aussi certains d&rsquo;entre eux dans une situation d\u00e9licate, \u00e0 quelques jours du retour \u00e0 la Maison Blanche de Donald Trump, qui a confi\u00e9 \u00e0 Elon Musk une mission sur la r\u00e9duction de la d\u00e9pense publique.<\/p>\n<h3>\u00a0\u00ab\u00a0Attaque contre la d\u00e9mocratie\u00a0\u00bb<\/h3>\n<p>Exception notable parmi les principaux pays europ\u00e9ens: la Premi\u00e8re ministre italienne Giorgia Meloni, qui a qualifi\u00e9 Musk de \u00ab\u00a0g\u00e9nie\u00a0\u00bb et d'\u00a0\u00bbinnovateur extraordinaire\u00a0\u00bb, dans un entretien au Corriere della Sera vendredi.<\/p>\n<p>\u00ab\u00a0Cela me fait sourire de voir ceux qui jusqu&rsquo;\u00e0 hier parlaient de Musk comme d&rsquo;un g\u00e9nie et qui en revanche aujourd&rsquo;hui le d\u00e9peignent comme un monstre, seulement parce qu&rsquo;il a choisi le camp consid\u00e9r\u00e9 comme +mauvais+ sur la barricade\u00a0\u00bb, a raill\u00e9 la dirigeante italienne, qui a rendu bri\u00e8vement visite \u00e0 Donald Trump samedi en Floride.<\/p>\n<p>En Allemagne, le chancelier Olaf Scholz a condamn\u00e9 samedi les \u00ab\u00a0d\u00e9clarations erratiques\u00a0\u00bb d&rsquo;Elon Musk, qui l&rsquo;avait trait\u00e9 de \u00ab\u00a0fou\u00a0\u00bb et \u00ab\u00a0d&rsquo;imb\u00e9cile incomp\u00e9tent\u00a0\u00bb, avant de qualifier de \u00ab\u00a0tyran\u00a0\u00bb le pr\u00e9sident Frank-Walter Steinmeier.<\/p>\n<p>Musk avait \u00e9galement jug\u00e9 que le gouvernement travailliste britannique dirigeait un \u00ab\u00a0Etat policier tyrannique\u00a0\u00bb, du fait des poursuites engag\u00e9es contre les personnes ayant attis\u00e9 les violences sur les r\u00e9seaux sociaux lors des \u00e9meutes de l&rsquo;\u00e9t\u00e9 dernier.<\/p>\n<p>Dans cet entretien au magazine Stern, le chancelier allemand social-d\u00e9mocrate a toutefois estim\u00e9 qu&rsquo;il fallait \u00ab\u00a0garder son calme\u00a0\u00bb face \u00e0 l&rsquo;hyperactif homme d&rsquo;affaires.<\/p>\n<p>\u00ab\u00a0Le pr\u00e9sident allemand n&rsquo;est pas un tyran anti-d\u00e9mocratique et l&rsquo;Allemagne est une d\u00e9mocratie forte et stable &#8211; peu importe ce que M. Musk affirme\u00a0\u00bb, a soulign\u00e9 Olaf Scholz.<\/p>\n<p>Mais son vice-chancelier et ministre de l&rsquo;Economie, l&rsquo;\u00e9cologiste Robert Habeck, a lui jug\u00e9 ce week-end que \u00ab\u00a0la combinaison d&rsquo;une \u00e9norme richesse, du contr\u00f4le de l&rsquo;information et des r\u00e9seaux, de l&rsquo;utilisation de l&rsquo;intelligence artificielle et de la volont\u00e9 d&rsquo;ignorer les r\u00e8gles est une attaque frontale contre notre d\u00e9mocratie\u00a0\u00bb.<\/p>\n<p>En Norv\u00e8ge aussi, le Premier ministre Jonas Gahr St\u00f8re a fait part lundi de son inqui\u00e9tude, jugeant sur la radio publique NRK, \u00ab\u00a0pr\u00e9occupant qu&rsquo;un homme avec un acc\u00e8s consid\u00e9rable aux r\u00e9seaux sociaux et d&rsquo;importantes ressources \u00e9conomiques s&rsquo;implique de mani\u00e8re si directe dans les affaires internes d&rsquo;autres pays\u00a0\u00bb. (AFP)<\/p>\n","protected":false},"excerpt":{"rendered":"<p>Face \u00e0 l&rsquo;intervention croissante d&rsquo;Elon Musk dans les d\u00e9bats politiques europ\u00e9ens, plusieurs dirigeants du Vieux Continent ont hauss\u00e9 le ton contre le tonitruant milliardaire, accus\u00e9 de colporter \u00ab\u00a0mensonges et de d\u00e9sinformation\u00a0\u00bb et de soutenir une \u00ab\u00a0internationale r\u00e9actionnaire\u00a0\u00bb. Le Premier ministre britannique, une des cibles privil\u00e9gi\u00e9es d&rsquo;Elon Musk ces derni\u00e8res semaines, a d\u00e9nonc\u00e9 \u00ab\u00a0ceux qui propagent [&hellip;]<\/p>\n","protected":false},"author":1,"featured_media":11344,"comment_status":"open","ping_status":"closed","sticky":false,"template":"","format":"standard","meta":{"footnotes":""},"categories":[30],"tags":[3204,2516,85],"class_list":["post-13145","post","type-post","status-publish","format-standard","has-post-thumbnail","hentry","category-actualite","tag-attaque-contre-la-democratie","tag-elon-musk","tag-europe"],"aioseo_notices":[],"_links":{"self":[{"href":"https:\/\/www.culturalusa.com\/news\/wp-json\/wp\/v2\/posts\/13145","targetHints":{"allow":["GET"]}}],"collection":[{"href":"https:\/\/www.culturalusa.com\/news\/wp-json\/wp\/v2\/posts"}],"about":[{"href":"https:\/\/www.culturalusa.com\/news\/wp-json\/wp\/v2\/types\/post"}],"author":[{"embeddable":true,"href":"https:\/\/www.culturalusa.com\/news\/wp-json\/wp\/v2\/users\/1"}],"replies":[{"embeddable":true,"href":"https:\/\/www.culturalusa.com\/news\/wp-json\/wp\/v2\/comments?post=13145"}],"version-history":[{"count":3,"href":"https:\/\/www.culturalusa.com\/news\/wp-json\/wp\/v2\/posts\/13145\/revisions"}],"predecessor-version":[{"id":13148,"href":"https:\/\/www.culturalusa.com\/news\/wp-json\/wp\/v2\/posts\/13145\/revisions\/13148"}],"wp:featuredmedia":[{"embeddable":true,"href":"https:\/\/www.culturalusa.com\/news\/wp-json\/wp\/v2\/media\/11344"}],"wp:attachment":[{"href":"https:\/\/www.culturalusa.com\/news\/wp-json\/wp\/v2\/media?parent=13145"}],"wp:term":[{"taxonomy":"category","embeddable":true,"href":"https:\/\/www.culturalusa.com\/news\/wp-json\/wp\/v2\/categories?post=13145"},{"taxonomy":"post_tag","embeddable":true,"href":"https:\/\/www.culturalusa.com\/news\/wp-json\/wp\/v2\/tags?post=13145"}],"curies":[{"name":"wp","href":"https:\/\/api.w.org\/{rel}","templated":true}]}}