{"id":13149,"date":"2025-01-07T14:58:24","date_gmt":"2025-01-07T13:58:24","guid":{"rendered":"https:\/\/www.culturalusa.com\/news\/?p=13149"},"modified":"2025-01-07T15:02:45","modified_gmt":"2025-01-07T14:02:45","slug":"portugal-andre-ventura-dans-la-course-a-belem","status":"publish","type":"post","link":"https:\/\/www.culturalusa.com\/news\/portugal\/portugal-andre-ventura-dans-la-course-a-belem\/","title":{"rendered":"Portugal: Andr\u00e9 Ventura dans la course \u00e0 Bel\u00e9m ?"},"content":{"rendered":"<h2>Lu\u00eds Marques Mendes a comment\u00e9 l&rsquo;annonce de la candidature d&rsquo;Andr\u00e9 Ventura \u00e0 Bel\u00e9m, en pr\u00e9disant qu&rsquo;elle pourrait ne pas aller jusqu&rsquo;au bout. Toujours au sujet de la pr\u00e9sidence, il s&rsquo;est concentr\u00e9 sur le message du Nouvel An de Marcelo Rebelo de Sousa, qu&rsquo;il a qualifi\u00e9 de \u00ab\u00a0p\u00e9dagogique\u00a0\u00bb.<\/h2>\n<p>L&rsquo;ancien leader du Parti social-d\u00e9mocrate (PSD), Lu\u00eds Marques Mendes, a commenc\u00e9 son espace de commentaires en 2025 en parlant des \u00e9lections pr\u00e9sidentielles, notamment en relation avec l&rsquo;annonce du leader de Chega, Andr\u00e9 Ventura, de sa progression dans la course \u00e0 Bel\u00e9m.<\/p>\n<p>\u00ab\u00a0Je pense que c&rsquo;\u00e9tait tout \u00e0 fait pr\u00e9visible et pr\u00e9visible, surtout ces derniers temps\u00a0\u00bb, a-t-il consid\u00e9r\u00e9 sur l&rsquo;antenne SIC Not\u00edcias.<\/p>\n<p>En plus d&rsquo;\u00eatre attendue, Marques Mendes a consid\u00e9r\u00e9 que cette d\u00e9marche \u00e9tait \u00e9galement \u00ab\u00a0clarificatrice\u00a0\u00bb car \u00ab\u00a0il a \u00e9t\u00e9 dit que Chega pouvait soutenir un autre candidat et ne pas avoir son propre candidat. Une clarification est toujours la bienvenue\u00a0\u00bb.<\/p>\n<h3>Mais, d&rsquo;un autre c\u00f4t\u00e9, le commentateur consid\u00e8re qu&rsquo;il reste un doute sur la table, mais il sera pr\u00e9cis\u00e9 plus tard : \u00ab\u00a0La candidature d&rsquo;Andr\u00e9 Ventura ira-t-elle vraiment jusqu&rsquo;au bout ?\u00a0\u00bb.<\/h3>\n<p>\u00ab\u00a0Ce que je dirais, c&rsquo;est que ce doute existe\u00a0\u00bb, a-t-il renforc\u00e9, rappelant que \u00ab\u00a0l&rsquo;un des noms qu&rsquo;Andr\u00e9 Ventura disait pouvoir soutenir\u00a0\u00bb \u00e9tait Gouveia e Melo. \u00ab\u00a0Est-ce une candidature qui va jusqu&rsquo;au bout ou qui abandonne au profit d&rsquo;un autre [candidat] ? On verra\u00a0\u00bb, a-t-il lanc\u00e9 en l&rsquo;air.<\/p>\n<p>Il convient de noter que le nom du commentateur est celui qui a \u00e9t\u00e9 discut\u00e9 comme une \u00e9ventuelle candidature, mais, m\u00eame s&rsquo;il a \u00e9t\u00e9 interrog\u00e9 \u00e0 ce sujet, Marques Mendes n&rsquo;a rien r\u00e9v\u00e9l\u00e9 et a continu\u00e9 \u00e0 laisser en suspens s&rsquo;il entrerait dans le conflit.<\/p>\n<p>A la question de savoir s&rsquo;il interpr\u00e8te certaines critiques \u00e0 l&rsquo;\u00e9gard du gouvernement, le social-d\u00e9mocrate a r\u00e9pondu qu&rsquo;il n&rsquo;interpr\u00e9tait pas la d\u00e9claration de cette fa\u00e7on. \u00ab\u00a0J&rsquo;ai vu certains dire &#8211; et je respecte -, \u00e0 cause d&rsquo;une expression selon laquelle &lsquo;il faut du bon sens&rsquo; &#8211; qu&rsquo;il s&rsquo;agissait d&rsquo;une critique du gouvernement. J&rsquo;ai vu cette expression dans la perspective la plus g\u00e9n\u00e9rale et la moins particuli\u00e8re.<\/p>\n<p>C&rsquo;est-\u00e0-dire dirig\u00e9e aux diff\u00e9rents agents politiques &#8211; et m\u00eame en pensant au prochain Budget de l&rsquo;Etat\u00a0\u00bb, a-t-il expliqu\u00e9.<\/p>\n<p>Toujours concernant le message, Marques Mendes l&rsquo;a qualifi\u00e9 de \u00ab\u00a0p\u00e9dagogique\u00a0\u00bb et a soulign\u00e9 la premi\u00e8re partie du discours du Pr\u00e9sident. \u00ab\u00a0Il accorde une grande importance \u00e0 la politique \u00e9trang\u00e8re. Je pense que c&rsquo;est tr\u00e8s important parce que la politique \u00e9trang\u00e8re est de plus en plus une politique int\u00e9rieure.\u00a0\u00bb<\/p>\n<p>De plus en plus, ce qui se passe dans les grandes capitales &#8211; Washington, P\u00e9kin, Moscou ou ici, \u00e0 Bruxelles &#8211; pr\u00e9occupe et finit par avoir de l&rsquo;importance. et influence sur nos vies\u00a0\u00bb, a-t-il d\u00e9taill\u00e9.<\/p>\n","protected":false},"excerpt":{"rendered":"<p>Lu\u00eds Marques Mendes a comment\u00e9 l&rsquo;annonce de la candidature d&rsquo;Andr\u00e9 Ventura \u00e0 Bel\u00e9m, en pr\u00e9disant qu&rsquo;elle pourrait ne pas aller jusqu&rsquo;au bout. Toujours au sujet de la pr\u00e9sidence, il s&rsquo;est concentr\u00e9 sur le message du Nouvel An de Marcelo Rebelo de Sousa, qu&rsquo;il a qualifi\u00e9 de \u00ab\u00a0p\u00e9dagogique\u00a0\u00bb. L&rsquo;ancien leader du Parti social-d\u00e9mocrate (PSD), Lu\u00eds Marques [&hellip;]<\/p>\n","protected":false},"author":1,"featured_media":13150,"comment_status":"open","ping_status":"closed","sticky":false,"template":"","format":"standard","meta":{"footnotes":""},"categories":[3],"tags":[1525,1524,3205,321],"class_list":["post-13149","post","type-post","status-publish","format-standard","has-post-thumbnail","hentry","category-portugal","tag-andre-ventura","tag-chega","tag-parti-chega-portugal","tag-portugal"],"aioseo_notices":[],"_links":{"self":[{"href":"https:\/\/www.culturalusa.com\/news\/wp-json\/wp\/v2\/posts\/13149","targetHints":{"allow":["GET"]}}],"collection":[{"href":"https:\/\/www.culturalusa.com\/news\/wp-json\/wp\/v2\/posts"}],"about":[{"href":"https:\/\/www.culturalusa.com\/news\/wp-json\/wp\/v2\/types\/post"}],"author":[{"embeddable":true,"href":"https:\/\/www.culturalusa.com\/news\/wp-json\/wp\/v2\/users\/1"}],"replies":[{"embeddable":true,"href":"https:\/\/www.culturalusa.com\/news\/wp-json\/wp\/v2\/comments?post=13149"}],"version-history":[{"count":1,"href":"https:\/\/www.culturalusa.com\/news\/wp-json\/wp\/v2\/posts\/13149\/revisions"}],"predecessor-version":[{"id":13151,"href":"https:\/\/www.culturalusa.com\/news\/wp-json\/wp\/v2\/posts\/13149\/revisions\/13151"}],"wp:featuredmedia":[{"embeddable":true,"href":"https:\/\/www.culturalusa.com\/news\/wp-json\/wp\/v2\/media\/13150"}],"wp:attachment":[{"href":"https:\/\/www.culturalusa.com\/news\/wp-json\/wp\/v2\/media?parent=13149"}],"wp:term":[{"taxonomy":"category","embeddable":true,"href":"https:\/\/www.culturalusa.com\/news\/wp-json\/wp\/v2\/categories?post=13149"},{"taxonomy":"post_tag","embeddable":true,"href":"https:\/\/www.culturalusa.com\/news\/wp-json\/wp\/v2\/tags?post=13149"}],"curies":[{"name":"wp","href":"https:\/\/api.w.org\/{rel}","templated":true}]}}