{"id":13163,"date":"2025-01-14T19:08:00","date_gmt":"2025-01-14T18:08:00","guid":{"rendered":"https:\/\/www.culturalusa.com\/news\/?p=13163"},"modified":"2025-01-14T19:11:36","modified_gmt":"2025-01-14T18:11:36","slug":"retraites-sante-proportionnelle-ce-quil-faut-retenir-du-discours-de-bayrou","status":"publish","type":"post","link":"https:\/\/www.culturalusa.com\/news\/economie\/retraites-sante-proportionnelle-ce-quil-faut-retenir-du-discours-de-bayrou\/","title":{"rendered":"Retraites, sant\u00e9, proportionnelle: ce qu&rsquo;il faut retenir du discours de Bayrou"},"content":{"rendered":"<h2>Une n\u00e9gociation tr\u00e8s attendue mais peu d&rsquo;annonces concr\u00e8tes: dans sa d\u00e9claration de politique g\u00e9n\u00e9rale mardi devant l&rsquo;Assembl\u00e9e, le Premier ministre Fran\u00e7ois Bayrou s&rsquo;est engag\u00e9 \u00e0 rouvrir le \u00ab\u00a0chantier\u00a0\u00bb des retraites mais s&rsquo;est peu avanc\u00e9 sur les autres sujets.<\/h2>\n<h2><span style=\"color: #800000;\">&#8211; Retraites \u00ab\u00a0en chantier\u00a0\u00bb &#8211;<\/span><\/h2>\n<p>Deux ans apr\u00e8s la r\u00e9forme adopt\u00e9e au forceps par sa pr\u00e9d\u00e9cesseure Elisabeth Borne, Fran\u00e7ois Bayrou a \u00ab\u00a0choisi de remettre ce sujet en chantier, avec les partenaires sociaux, pour un temps bref\u00a0\u00bb.<\/p>\n<p>Dans l&rsquo;imm\u00e9diat, le Premier ministre va demander \u00e0 la Cour des comptes via \u00ab\u00a0une mission flash de quelques semaines\u00a0\u00bb de pr\u00e9senter \u00ab\u00a0l&rsquo;\u00e9tat actuel et pr\u00e9cis du financement du syst\u00e8me de retraites\u00a0\u00bb.<\/p>\n<p>En parall\u00e8le, \u00ab\u00a0une d\u00e9l\u00e9gation permanente sera cr\u00e9\u00e9e\u00a0\u00bb, a indiqu\u00e9 M. Bayrou, qui \u00ab\u00a0r\u00e9unira d\u00e8s vendredi\u00a0\u00bb cette instance. Il \u00ab\u00a0proposera aux repr\u00e9sentants de chaque organisation de travailler autour de la m\u00eame table (&#8230;) pendant trois mois, \u00e0 dater du rapport de la Cour des comptes\u00a0\u00bb.<\/p>\n<p>\u00ab\u00a0Nous pouvons, j&rsquo;en ai la conviction, rechercher une voie de r\u00e9forme nouvelle, sans aucun totem et sans aucun tabou, pas m\u00eame l&rsquo;\u00e2ge de la retraite\u00a0\u00bb, a-t-il assur\u00e9, \u00e0 la seule \u00ab\u00a0condition\u00a0\u00bb de ne pas \u00ab\u00a0d\u00e9grader l&rsquo;\u00e9quilibre financier\u00a0\u00bb du syst\u00e8me de retraites.<\/p>\n<p>\u00ab\u00a0Si au cours de ce conclave\u00a0\u00bb \u00e9merge \u00ab\u00a0un accord d&rsquo;\u00e9quilibre et de meilleure justice, nous l&rsquo;adopterons\u00a0\u00bb, a-t-il affirm\u00e9, fixant comme \u00ab\u00a0\u00e9ch\u00e9ance\u00a0\u00bb le prochain budget de la S\u00e9curit\u00e9 sociale \u00e0 l&rsquo;automne. A d\u00e9faut, \u00ab\u00a0c&rsquo;est la r\u00e9forme actuelle qui continuerait de s&rsquo;appliquer\u00a0\u00bb.<\/p>\n<h3><span style=\"color: #800000;\">&#8211; Budget sous pression &#8211;<\/span><\/h3>\n<p>M. Bayrou a appel\u00e9 le Parlement \u00e0 \u00ab\u00a0adopter sans tarder\u00a0\u00bb les deux budgets de l&rsquo;\u00c9tat et de la S\u00e9curit\u00e9 sociale, en suspens depuis la censure du gouvernement Barnier d\u00e9but d\u00e9cembre.<\/p>\n<p>\u00ab\u00a0Cette pr\u00e9carit\u00e9 budg\u00e9taire, nous la payons tous au prix fort\u00a0\u00bb, a soulign\u00e9 le Premier ministre, avant de revoir en baisse la pr\u00e9vision de croissance de l&rsquo;\u00e9conomie pour 2025, de 1,1% \u00e0 0,9% du PIB.<\/p>\n<p>Le d\u00e9ficit public est d\u00e9sormais attendu \u00e0 5,4%, contre 5% pr\u00e9c\u00e9demment, mais toujours avec l&rsquo;objectif de le ramener en 2029 au maximum de 3% tol\u00e9r\u00e9 par la Commission europ\u00e9enne.<\/p>\n<p>Pour y parvenir, \u00ab\u00a0des \u00e9conomies importantes seront propos\u00e9es\u00a0\u00bb, a indiqu\u00e9 M. Bayrou, sans plus de pr\u00e9cision, avant d&rsquo;annoncer \u00ab\u00a0la cr\u00e9ation d&rsquo;un fonds sp\u00e9cial enti\u00e8rement d\u00e9di\u00e9 \u00e0 la r\u00e9forme de l&rsquo;\u00c9tat\u00a0\u00bb et financ\u00e9 par la vente \u00ab\u00a0d&rsquo;une partie de ses actifs, en particulier immobiliers\u00a0\u00bb.<\/p>\n<h3><span style=\"color: #800000;\">&#8211; Rallonge pour la sant\u00e9 &#8211;<\/span><\/h3>\n<p>Pas de rabot sur le remboursement des m\u00e9dicaments et des consultations m\u00e9dicales. \u00ab\u00a0La mesure de d\u00e9remboursement\u00a0\u00bb envisag\u00e9e par Michel Barnier puis abandonn\u00e9e sous la pression du RN \u00ab\u00a0ne sera pas reprise\u00a0\u00bb, a fait savoir M. Bayrou.<\/p>\n<p>Au contraire, le gouvernement proposera \u00ab\u00a0une hausse notable\u00a0\u00bb des d\u00e9penses de sant\u00e9 afin \u00ab\u00a0d&rsquo;am\u00e9liorer les conditions de travail des soignants et de prot\u00e9ger les plus fragiles\u00a0\u00bb, a ajout\u00e9 le chef du gouvernement, ouvrant la voie \u00e0 une progression sup\u00e9rieure aux 2,8% d\u00e9j\u00e0 propos\u00e9s \u00e0 l&rsquo;automne.<\/p>\n<p>Le Premier ministre a confirm\u00e9 au passage \u00ab\u00a0le remboursement int\u00e9gral des fauteuils roulants d\u00e8s 2025\u00a0\u00bb, promesse formul\u00e9e par Emmanuel Macron il y a bient\u00f4t deux ans.<\/p>\n<h3><span style=\"color: #800000;\">&#8211; Proportionnelle et cumul &#8211;<\/span><\/h3>\n<p>M. Bayrou a remis sur la table un sujet qui lui tient \u00e0 coeur en proposant \u00ab\u00a0d&rsquo;avancer sur la r\u00e9forme du mode de scrutin\u00a0\u00bb aux \u00e9lections l\u00e9gislatives, avec \u00ab\u00a0l&rsquo;adoption du principe proportionnel pour la repr\u00e9sentation du peuple\u00a0\u00bb tout en restant \u00ab\u00a0enracin\u00e9 dans les territoires\u00a0\u00bb.<\/p>\n<p>Cette r\u00e9forme \u00ab\u00a0nous obligera \u00e0 reposer en m\u00eame temps la question de l&rsquo;exercice simultan\u00e9 d&rsquo;une responsabilit\u00e9 locale et nationale\u00a0\u00bb, a-t-il poursuivi, reprenant \u00e0 son compte la position du pr\u00e9sident du S\u00e9nat, G\u00e9rard Larcher, en faveur d&rsquo;un retour du cumul des mandats.<\/p>\n<p>Le Premier ministre a \u00e9galement relanc\u00e9 une autre de ses id\u00e9es: celle d&rsquo;une \u00ab\u00a0banque de la d\u00e9mocratie\u00a0\u00bb pour que les partis politiques puissent se financer aupr\u00e8s d'\u00a0\u00bborganismes publics\u00a0\u00bb et \u00ab\u00a0ne d\u00e9pendent plus de choix de banques priv\u00e9es\u00a0\u00bb.<\/p>\n<h4><span style=\"color: #800000;\">&#8211; Collectivit\u00e9s m\u00e9nag\u00e9es &#8211;<\/span><\/h4>\n<p>Soucieux d&rsquo;accorder \u00ab\u00a0une place centrale\u00a0\u00bb aux collectivit\u00e9s locales, M. Bayrou a confirm\u00e9 que l&rsquo;effort qui leur sera demand\u00e9 dans le budget 2025 sera ramen\u00e9 de \u00ab\u00a05 \u00e0 2,2 milliards d&rsquo;euros\u00a0\u00bb.<\/p>\n<p>Sur le cas sp\u00e9cifique de la Corse, le Premier ministre a \u00e9galement promis de \u00ab\u00a0respecter\u00a0\u00bb le calendrier \u00ab\u00a0pour aboutir \u00e0 une \u00e9volution constitutionnelle fin 2025\u00a0\u00bb.<\/p>\n<p>De m\u00eame pour la Nouvelle-Cal\u00e9donie, il a souhait\u00e9 \u00ab\u00a0que le processus politique reprenne avec des n\u00e9gociations qui devront aboutir \u00e0 la fin de ce trimestre\u00a0\u00bb et annonc\u00e9 qu&rsquo;il \u00ab\u00a0invitera en janvier les forces politiques \u00e0 venir \u00e0 Paris pour ouvrir ces n\u00e9gociations\u00a0\u00bb.<\/p>\n","protected":false},"excerpt":{"rendered":"<p>Une n\u00e9gociation tr\u00e8s attendue mais peu d&rsquo;annonces concr\u00e8tes: dans sa d\u00e9claration de politique g\u00e9n\u00e9rale mardi devant l&rsquo;Assembl\u00e9e, le Premier ministre Fran\u00e7ois Bayrou s&rsquo;est engag\u00e9 \u00e0 rouvrir le \u00ab\u00a0chantier\u00a0\u00bb des retraites mais s&rsquo;est peu avanc\u00e9 sur les autres sujets. &#8211; Retraites \u00ab\u00a0en chantier\u00a0\u00bb &#8211; Deux ans apr\u00e8s la r\u00e9forme adopt\u00e9e au forceps par sa pr\u00e9d\u00e9cesseure Elisabeth [&hellip;]<\/p>\n","protected":false},"author":1,"featured_media":11067,"comment_status":"open","ping_status":"closed","sticky":false,"template":"","format":"standard","meta":{"footnotes":""},"categories":[1],"tags":[659,3211,3210,932,935],"class_list":["post-13163","post","type-post","status-publish","format-standard","has-post-thumbnail","hentry","category-economie","tag-bayrou","tag-ce-quil-faut-retenir-du-discours-de-bayrou","tag-proportionlle","tag-retraites","tag-sante"],"aioseo_notices":[],"_links":{"self":[{"href":"https:\/\/www.culturalusa.com\/news\/wp-json\/wp\/v2\/posts\/13163","targetHints":{"allow":["GET"]}}],"collection":[{"href":"https:\/\/www.culturalusa.com\/news\/wp-json\/wp\/v2\/posts"}],"about":[{"href":"https:\/\/www.culturalusa.com\/news\/wp-json\/wp\/v2\/types\/post"}],"author":[{"embeddable":true,"href":"https:\/\/www.culturalusa.com\/news\/wp-json\/wp\/v2\/users\/1"}],"replies":[{"embeddable":true,"href":"https:\/\/www.culturalusa.com\/news\/wp-json\/wp\/v2\/comments?post=13163"}],"version-history":[{"count":3,"href":"https:\/\/www.culturalusa.com\/news\/wp-json\/wp\/v2\/posts\/13163\/revisions"}],"predecessor-version":[{"id":13166,"href":"https:\/\/www.culturalusa.com\/news\/wp-json\/wp\/v2\/posts\/13163\/revisions\/13166"}],"wp:featuredmedia":[{"embeddable":true,"href":"https:\/\/www.culturalusa.com\/news\/wp-json\/wp\/v2\/media\/11067"}],"wp:attachment":[{"href":"https:\/\/www.culturalusa.com\/news\/wp-json\/wp\/v2\/media?parent=13163"}],"wp:term":[{"taxonomy":"category","embeddable":true,"href":"https:\/\/www.culturalusa.com\/news\/wp-json\/wp\/v2\/categories?post=13163"},{"taxonomy":"post_tag","embeddable":true,"href":"https:\/\/www.culturalusa.com\/news\/wp-json\/wp\/v2\/tags?post=13163"}],"curies":[{"name":"wp","href":"https:\/\/api.w.org\/{rel}","templated":true}]}}