{"id":13167,"date":"2025-01-15T18:24:35","date_gmt":"2025-01-15T17:24:35","guid":{"rendered":"https:\/\/www.culturalusa.com\/news\/?p=13167"},"modified":"2025-01-15T18:24:35","modified_gmt":"2025-01-15T17:24:35","slug":"vol-de-donnees-chez-free-lauteur-presume-interpelle-et-presente-a-la-justice","status":"publish","type":"post","link":"https:\/\/www.culturalusa.com\/news\/actualite\/vol-de-donnees-chez-free-lauteur-presume-interpelle-et-presente-a-la-justice\/","title":{"rendered":"Vol de donn\u00e9es chez Free: l&rsquo;auteur pr\u00e9sum\u00e9 interpell\u00e9 et pr\u00e9sent\u00e9 \u00e0 la justice"},"content":{"rendered":"<h2>Un mineur soup\u00e7onn\u00e9 d&rsquo;\u00eatre l&rsquo;auteur du vol de donn\u00e9es personnelles de 19,2 millions de clients de l&rsquo;op\u00e9rateur et fournisseur d&rsquo;acc\u00e8s Free a \u00e9t\u00e9 interpell\u00e9 et est pr\u00e9sent\u00e9 \u00e0 un juge d&rsquo;instruction, a indiqu\u00e9 le parquet de Paris.<\/h2>\n<blockquote><p>Confirmant une information du Parisien, le minist\u00e8re public a indiqu\u00e9 avoir ouvert une information judiciaire \u00e0 la suite du piratage de Free, pour les infractions d&rsquo;atteintes \u00e0 un syst\u00e8me de traitement automatis\u00e9 de donn\u00e9es, collecte de donn\u00e9es personnelles par moyen frauduleux, extorsion et recel.<\/p><\/blockquote>\n<p>\u00ab\u00a0Un mineur est pr\u00e9sent\u00e9 \u00e0 un juge d&rsquo;instruction en vue de sa mise en examen\u00a0\u00bb, a pr\u00e9cis\u00e9 le parquet.<\/p>\n<p>D&rsquo;apr\u00e8s cette source, ce mineur \u00ab\u00a0identifi\u00e9 comme l&rsquo;auteur de cette fuite \u00e9tait d\u00e9j\u00e0 sous contr\u00f4le judiciaire, pour avoir \u00e9t\u00e9 interpell\u00e9 en juin 2024 dans un dossier de fuites de donn\u00e9es de clients notamment de Sport 2000, et de piratage des comptes Twitter (devenu X, NDLR) du groupe Altice (RMC, BFMTV)\u00a0\u00bb.<\/p>\n<p>\u00ab\u00a0Le magistrat de la lutte contre la cybercriminalit\u00e9 du parquet de Paris s&rsquo;est d\u00e9plac\u00e9 avec les enqu\u00eateurs pour interpeller le suspect \u00e0 son domicile dans l&rsquo;Essonne lundi. Il s&rsquo;agit d&rsquo;un mineur n\u00e9 en janvier 2008\u00a0\u00bb, a encore soulign\u00e9 le parquet.<\/p>\n<p>\u00ab\u00a0Le 21 octobre, la base de donn\u00e9es de Free, portant sur 19,2 millions de clients fran\u00e7ais\u00a0\u00bb, soit la majorit\u00e9 des 22,8 millions d&rsquo;abonn\u00e9s de l&rsquo;entreprise, \u00ab\u00a0dont 5,11 millions incluant un num\u00e9ro IBAN, a \u00e9t\u00e9 mise en vente aux ench\u00e8res par un hacker sur un forum cybercriminel\u00a0\u00bb, a rappel\u00e9 le minist\u00e8re public, indiquant avoir confi\u00e9 l&rsquo;enqu\u00eate \u00e0 la Brigade de lutte contre la cybercriminalit\u00e9 (BL2C) de la pr\u00e9fecture de police.<\/p>\n<p>Mi-novembre, la justice avait ordonn\u00e9 \u00e0 la messagerie <strong>Telegram<\/strong> de r\u00e9v\u00e9ler l&rsquo;identit\u00e9 du <strong>Hacker<\/strong> qui avait utilis\u00e9 la plateforme pour faire pression sur \u00ab\u00a0le pr\u00e9sident du groupe Iliad\u00a0\u00bb pour tenter d&rsquo;obtenir le paiement d&rsquo;une somme de 10 millions d&rsquo;euros en cryptomonnaies.<\/p>\n<p>L&rsquo;auteur du chantage revendiquait alors le vol des donn\u00e9es des clients Free.<\/p>\n","protected":false},"excerpt":{"rendered":"<p>Un mineur soup\u00e7onn\u00e9 d&rsquo;\u00eatre l&rsquo;auteur du vol de donn\u00e9es personnelles de 19,2 millions de clients de l&rsquo;op\u00e9rateur et fournisseur d&rsquo;acc\u00e8s Free a \u00e9t\u00e9 interpell\u00e9 et est pr\u00e9sent\u00e9 \u00e0 un juge d&rsquo;instruction, a indiqu\u00e9 le parquet de Paris. Confirmant une information du Parisien, le minist\u00e8re public a indiqu\u00e9 avoir ouvert une information judiciaire \u00e0 la suite [&hellip;]<\/p>\n","protected":false},"author":1,"featured_media":13168,"comment_status":"open","ping_status":"closed","sticky":false,"template":"","format":"standard","meta":{"footnotes":""},"categories":[30],"tags":[1385,3212,3213,3215,3214],"class_list":["post-13167","post","type-post","status-publish","format-standard","has-post-thumbnail","hentry","category-actualite","tag-free","tag-hacker","tag-telegram","tag-vol-de-donnees","tag-vol-de-donnees-chez-free"],"aioseo_notices":[],"_links":{"self":[{"href":"https:\/\/www.culturalusa.com\/news\/wp-json\/wp\/v2\/posts\/13167","targetHints":{"allow":["GET"]}}],"collection":[{"href":"https:\/\/www.culturalusa.com\/news\/wp-json\/wp\/v2\/posts"}],"about":[{"href":"https:\/\/www.culturalusa.com\/news\/wp-json\/wp\/v2\/types\/post"}],"author":[{"embeddable":true,"href":"https:\/\/www.culturalusa.com\/news\/wp-json\/wp\/v2\/users\/1"}],"replies":[{"embeddable":true,"href":"https:\/\/www.culturalusa.com\/news\/wp-json\/wp\/v2\/comments?post=13167"}],"version-history":[{"count":1,"href":"https:\/\/www.culturalusa.com\/news\/wp-json\/wp\/v2\/posts\/13167\/revisions"}],"predecessor-version":[{"id":13169,"href":"https:\/\/www.culturalusa.com\/news\/wp-json\/wp\/v2\/posts\/13167\/revisions\/13169"}],"wp:featuredmedia":[{"embeddable":true,"href":"https:\/\/www.culturalusa.com\/news\/wp-json\/wp\/v2\/media\/13168"}],"wp:attachment":[{"href":"https:\/\/www.culturalusa.com\/news\/wp-json\/wp\/v2\/media?parent=13167"}],"wp:term":[{"taxonomy":"category","embeddable":true,"href":"https:\/\/www.culturalusa.com\/news\/wp-json\/wp\/v2\/categories?post=13167"},{"taxonomy":"post_tag","embeddable":true,"href":"https:\/\/www.culturalusa.com\/news\/wp-json\/wp\/v2\/tags?post=13167"}],"curies":[{"name":"wp","href":"https:\/\/api.w.org\/{rel}","templated":true}]}}