{"id":1319,"date":"2014-01-31T02:06:13","date_gmt":"2014-01-31T01:06:13","guid":{"rendered":"http:\/\/www.culturalusa.com\/news\/?p=1319"},"modified":"2014-01-31T02:06:13","modified_gmt":"2014-01-31T01:06:13","slug":"le-portugal-privatise-une-societe-specialisee-dans-le-traitement-de-dechets","status":"publish","type":"post","link":"https:\/\/www.culturalusa.com\/news\/economie\/le-portugal-privatise-une-societe-specialisee-dans-le-traitement-de-dechets\/","title":{"rendered":"Le Portugal privatise une soci\u00e9t\u00e9 sp\u00e9cialis\u00e9e dans le traitement de d\u00e9chets"},"content":{"rendered":"<p><img loading=\"lazy\" decoding=\"async\" src=\"http:\/\/www.culturalusa.com\/news\/wp-content\/uploads\/2014\/01\/empresa-geral-do-fomento-275x153.jpg\" alt=\"EGF\" width=\"275\" height=\"153\" class=\"alignleft size-medium wp-image-1320\" srcset=\"https:\/\/www.culturalusa.com\/news\/wp-content\/uploads\/2014\/01\/empresa-geral-do-fomento-275x153.jpg 275w, https:\/\/www.culturalusa.com\/news\/wp-content\/uploads\/2014\/01\/empresa-geral-do-fomento.jpg 429w\" sizes=\"auto, (max-width: 275px) 100vw, 275px\" \/>Le gouvernement portugais a annonc\u00e9 la privatisation de 100% d&rsquo;EGF (Empresa geral do Fomento), une holding publique sp\u00e9cialis\u00e9e dans la collecte et traitement de d\u00e9chets m\u00e9nagers.<\/p>\n<p>\u00ab\u00a0La privatisation se fera par le biais d&rsquo;un appel d&rsquo;offres\u00a0\u00bb, a d\u00e9clar\u00e9 le porte-parole du gouvernement Luis Marques Guedes, lors d&rsquo;une conf\u00e9rence de presse \u00e0 l&rsquo;issue du conseil des ministres.<\/p>\n<p>Les infrastructures d&rsquo;EGF \u00ab\u00a0resteront toutefois dans le domaine public\u00a0\u00bb, a-t-il pr\u00e9cis\u00e9. D&rsquo;apr\u00e8s les m\u00e9dias portugais, cette privatisation devrait rapporter quelque 200 millions d&rsquo;euros aux coffres de l&rsquo;Etat portugais.<\/p>\n<p>Plusieurs groupes ont d\u00e9j\u00e0 manifest\u00e9 leur int\u00e9r\u00eat, tels que les br\u00e9siliens Solvi et Odebrecht, ainsi que le chinois Beijing Enterprises Water Group, qui avait repris l&rsquo;ann\u00e9e derni\u00e8re CGEP, la filiale portugaise d&rsquo;eau et assainissement du fran\u00e7ais Veolia Environnement, pour 95 millions d&rsquo;euros.<\/p>\n<p>EGF, une holding appartenant \u00e0 la compagnie publique des eaux (Aguas de Portugal), est pr\u00e9sente dans 174 municipalit\u00e9s et fournit des services \u00e0 quelque 6,4 millions d&rsquo;habitants, soit 60% de la population portugaise.<\/p>\n<p>En 2012, le groupe, qui emploie quelque 2.000 salari\u00e9s, a d\u00e9gag\u00e9 un chiffre d&rsquo;affaires de 157 millions d&rsquo;euros et un b\u00e9n\u00e9fice de 5,15 millions d&rsquo;euros, contre 6,3 millions l&rsquo;ann\u00e9e pr\u00e9c\u00e9dente.<\/p>\n<p>Le Portugal a d\u00e9j\u00e0 r\u00e9alis\u00e9 une s\u00e9rie de privatisations ayant rapport\u00e9 8,1 milliards d&rsquo;euros depuis que le pays est sous assistance financi\u00e8re internationale, b\u00e9n\u00e9ficiant d&rsquo;une aide de 78 milliards d&rsquo;euros accord\u00e9e en mai 2011 par l&rsquo;Union europ\u00e9enne et le Fonds mon\u00e9taire international.<\/p>\n<p>Derni\u00e8re en date, le conglom\u00e9rat chinois Fosun a rachet\u00e9 pour un milliard d&rsquo;euros 80% de la branche assurances de la banque publique portugaise Caixa Geral de Depositos.<\/p>\n<p style=\"text-align:center;\"><script type=\"text\/javascript\"><!--\ngoogle_ad_client = \"ca-pub-2727717456356200\";\n\/* CulturaLusa 468x60 *\/\ngoogle_ad_slot = \"2785499263\";\ngoogle_ad_width = 468;\ngoogle_ad_height = 60;\n\/\/-->\n<\/script><br \/>\n<script type=\"text\/javascript\"\nsrc=\"http:\/\/pagead2.googlesyndication.com\/pagead\/show_ads.js\">\n<\/script><\/p>\n<p>Le programme de privatisations, destin\u00e9 \u00e0 r\u00e9duire l&rsquo;importante dette publique du pays, doit se poursuivre avec la cession de la compagnie a\u00e9rienne TAP Portugal ou encore de la filiale pour le fret des chemins de fer portugais (CP Carga). (AFP)<\/p>\n","protected":false},"excerpt":{"rendered":"<p>Le gouvernement portugais a annonc\u00e9 la privatisation de 100% d&rsquo;EGF (Empresa geral do Fomento), une holding publique sp\u00e9cialis\u00e9e dans la collecte et traitement de d\u00e9chets m\u00e9nagers. \u00ab\u00a0La privatisation se fera par le biais d&rsquo;un appel d&rsquo;offres\u00a0\u00bb, a d\u00e9clar\u00e9 le porte-parole du gouvernement Luis Marques Guedes, lors d&rsquo;une conf\u00e9rence de presse \u00e0 l&rsquo;issue du conseil des [&hellip;]<\/p>\n","protected":false},"author":1,"featured_media":0,"comment_status":"open","ping_status":"closed","sticky":false,"template":"","format":"standard","meta":{"footnotes":""},"categories":[1],"tags":[],"class_list":["post-1319","post","type-post","status-publish","format-standard","hentry","category-economie"],"aioseo_notices":[],"_links":{"self":[{"href":"https:\/\/www.culturalusa.com\/news\/wp-json\/wp\/v2\/posts\/1319","targetHints":{"allow":["GET"]}}],"collection":[{"href":"https:\/\/www.culturalusa.com\/news\/wp-json\/wp\/v2\/posts"}],"about":[{"href":"https:\/\/www.culturalusa.com\/news\/wp-json\/wp\/v2\/types\/post"}],"author":[{"embeddable":true,"href":"https:\/\/www.culturalusa.com\/news\/wp-json\/wp\/v2\/users\/1"}],"replies":[{"embeddable":true,"href":"https:\/\/www.culturalusa.com\/news\/wp-json\/wp\/v2\/comments?post=1319"}],"version-history":[{"count":0,"href":"https:\/\/www.culturalusa.com\/news\/wp-json\/wp\/v2\/posts\/1319\/revisions"}],"wp:attachment":[{"href":"https:\/\/www.culturalusa.com\/news\/wp-json\/wp\/v2\/media?parent=1319"}],"wp:term":[{"taxonomy":"category","embeddable":true,"href":"https:\/\/www.culturalusa.com\/news\/wp-json\/wp\/v2\/categories?post=1319"},{"taxonomy":"post_tag","embeddable":true,"href":"https:\/\/www.culturalusa.com\/news\/wp-json\/wp\/v2\/tags?post=1319"}],"curies":[{"name":"wp","href":"https:\/\/api.w.org\/{rel}","templated":true}]}}