{"id":13225,"date":"2025-02-01T19:10:24","date_gmt":"2025-02-01T18:10:24","guid":{"rendered":"https:\/\/www.culturalusa.com\/news\/?p=13225"},"modified":"2025-02-01T19:23:50","modified_gmt":"2025-02-01T18:23:50","slug":"la-facture-delectricite-baisse-denviron-15-pour-la-plupart-des-menages","status":"publish","type":"post","link":"https:\/\/www.culturalusa.com\/news\/economie\/la-facture-delectricite-baisse-denviron-15-pour-la-plupart-des-menages\/","title":{"rendered":"La facture d&rsquo;\u00e9lectricit\u00e9 baisse d&rsquo;environ 15% pour la plupart des m\u00e9nages"},"content":{"rendered":"<h2>Apr\u00e8s deux ans de hausses successives, une baisse moyenne de 15% des prix de l&rsquo;\u00e9lectricit\u00e9 entre en vigueur ce\u00a0 pour plus de 24 millions d&rsquo;abonn\u00e9s au tarif r\u00e9glement\u00e9, une premi\u00e8re depuis dix ans.<\/h2>\n<blockquote><p>Cette baisse concerne les quelque 20,4 millions de foyers au \u00ab\u00a0tarif bleu\u00a0\u00bb d&rsquo;EDF (60% des 34 millions d&rsquo;abonn\u00e9s r\u00e9sidentiels) auxquels s&rsquo;ajoutent les 4 millions d&rsquo;abonn\u00e9s index\u00e9s sur ce tarif.<\/p><\/blockquote>\n<p>Pour les 10 millions d&rsquo;abonn\u00e9s qui ne d\u00e9pendent pas des tarifs r\u00e9glement\u00e9s de vente (TRV), mais sont en offre de march\u00e9, tout d\u00e9pendra de leurs fournisseurs, qui restent libres de r\u00e9percuter ou non les deux fortes hausses pr\u00e9vues le 1er f\u00e9vrier pour tous les consommateurs (en TRV ou non) c\u00f4t\u00e9 taxes et acheminement.<\/p>\n<p>Ces clients en offre de march\u00e9 ont d\u00e9j\u00e0 b\u00e9n\u00e9fici\u00e9 depuis plus d&rsquo;un an de la forte baisse des cours de l&rsquo;\u00e9lectricit\u00e9 sur les march\u00e9s de gros. Et m\u00eame si leur avantage par rapport au TRV devrait se r\u00e9duire, la Commission de r\u00e9gulation de l&rsquo;\u00e9nergie (CRE) s&rsquo;attend \u00e0 ce que leurs offres restent \u00ab\u00a0comp\u00e9titives\u00a0\u00bb. Plusieurs fournisseurs ont annonc\u00e9 qu&rsquo;elles resteraient moins ch\u00e8res que le tarif r\u00e9glement\u00e9.<\/p>\n<p>Au tarif r\u00e9glement\u00e9, l&rsquo;ampleur de la ristourne d\u00e9pend du type d&rsquo;offre.<\/p>\n<p>En tarif \u00ab\u00a0Base\u00a0\u00bb, la baisse sera ainsi de 14,5%.<\/p>\n<p>Les abonn\u00e9s en heures creuses\/heures pleine b\u00e9n\u00e9ficieront eux d&rsquo;une baisse de 16%, soit une \u00e9conomie annuelle de 651 euros pour une maison de 4 personnes en cuisson-chauffage-eau chaude.<\/p>\n<p>Mais elle se limite \u00e0 2% pour les abonn\u00e9s en option Tempo (qui propose des tarifs r\u00e9duits en \u00e9change d&rsquo;une baisse de consommation certains jours).<\/p>\n<h3>EDF appliquera la baisse sur les mensualit\u00e9s de tous ses clients mensualis\u00e9s \u00ab\u00a0d\u00e8s le mois de mars et au plus tard \u00e0 l&rsquo;\u00e9t\u00e9\u00a0\u00bb, a indiqu\u00e9 le fournisseur historique \u00e0 l&rsquo;AFP.<\/h3>\n<p>La facture se compose de trois volets: le co\u00fbt de l&rsquo;\u00e9nergie en elle-m\u00eame, les taxes et l&rsquo;acheminement.<\/p>\n<p>C&rsquo;est la premi\u00e8re composante, avec le fort repli des cours de l&rsquo;\u00e9lectricit\u00e9 sur les march\u00e9s, qui permet d&rsquo;amortir les hausses des taxes et du co\u00fbt de l&rsquo;acheminement, et de faire baisser la facture.<\/p>\n<p>Au 1er f\u00e9vrier, la part acheminement augmentera de 12,9% tandis que les taxes gouvernementales vont remonter d&rsquo;environ 50% par rapport \u00e0 leur niveau actuel, actant la fin du bouclier tarifaire mis en place pendant la crise \u00e9nerg\u00e9tique.<\/p>\n<p>Cette premi\u00e8re baisse des tarifs r\u00e9glement\u00e9s de l&rsquo;\u00e9lectricit\u00e9 depuis dix ans ne compense pas les fortes hausses des deux derni\u00e8res ann\u00e9es : entre f\u00e9vrier 2022 et f\u00e9vrier 2024, l&rsquo;augmentation moyenne a atteint 44% malgr\u00e9 le bouclier tarifaire.<\/p>\n","protected":false},"excerpt":{"rendered":"<p>Apr\u00e8s deux ans de hausses successives, une baisse moyenne de 15% des prix de l&rsquo;\u00e9lectricit\u00e9 entre en vigueur ce\u00a0 pour plus de 24 millions d&rsquo;abonn\u00e9s au tarif r\u00e9glement\u00e9, une premi\u00e8re depuis dix ans. Cette baisse concerne les quelque 20,4 millions de foyers au \u00ab\u00a0tarif bleu\u00a0\u00bb d&rsquo;EDF (60% des 34 millions d&rsquo;abonn\u00e9s r\u00e9sidentiels) auxquels s&rsquo;ajoutent les [&hellip;]<\/p>\n","protected":false},"author":1,"featured_media":13227,"comment_status":"open","ping_status":"closed","sticky":false,"template":"","format":"standard","meta":{"footnotes":""},"categories":[1],"tags":[3226,2809],"class_list":["post-13225","post","type-post","status-publish","format-standard","has-post-thumbnail","hentry","category-economie","tag-electricite-baisse-denviron-15","tag-prix-de-lelectricite"],"aioseo_notices":[],"_links":{"self":[{"href":"https:\/\/www.culturalusa.com\/news\/wp-json\/wp\/v2\/posts\/13225","targetHints":{"allow":["GET"]}}],"collection":[{"href":"https:\/\/www.culturalusa.com\/news\/wp-json\/wp\/v2\/posts"}],"about":[{"href":"https:\/\/www.culturalusa.com\/news\/wp-json\/wp\/v2\/types\/post"}],"author":[{"embeddable":true,"href":"https:\/\/www.culturalusa.com\/news\/wp-json\/wp\/v2\/users\/1"}],"replies":[{"embeddable":true,"href":"https:\/\/www.culturalusa.com\/news\/wp-json\/wp\/v2\/comments?post=13225"}],"version-history":[{"count":1,"href":"https:\/\/www.culturalusa.com\/news\/wp-json\/wp\/v2\/posts\/13225\/revisions"}],"predecessor-version":[{"id":13226,"href":"https:\/\/www.culturalusa.com\/news\/wp-json\/wp\/v2\/posts\/13225\/revisions\/13226"}],"wp:featuredmedia":[{"embeddable":true,"href":"https:\/\/www.culturalusa.com\/news\/wp-json\/wp\/v2\/media\/13227"}],"wp:attachment":[{"href":"https:\/\/www.culturalusa.com\/news\/wp-json\/wp\/v2\/media?parent=13225"}],"wp:term":[{"taxonomy":"category","embeddable":true,"href":"https:\/\/www.culturalusa.com\/news\/wp-json\/wp\/v2\/categories?post=13225"},{"taxonomy":"post_tag","embeddable":true,"href":"https:\/\/www.culturalusa.com\/news\/wp-json\/wp\/v2\/tags?post=13225"}],"curies":[{"name":"wp","href":"https:\/\/api.w.org\/{rel}","templated":true}]}}