{"id":13244,"date":"2025-02-17T17:35:54","date_gmt":"2025-02-17T16:35:54","guid":{"rendered":"https:\/\/www.culturalusa.com\/news\/?p=13244"},"modified":"2025-02-17T17:35:54","modified_gmt":"2025-02-17T16:35:54","slug":"benjamin-netanyahu-sengage-a-respecter-le-plan-trump-pour-gaza","status":"publish","type":"post","link":"https:\/\/www.culturalusa.com\/news\/monde\/benjamin-netanyahu-sengage-a-respecter-le-plan-trump-pour-gaza\/","title":{"rendered":"Benjamin Netanyahu s&rsquo;engage \u00e0 respecter le plan Trump pour Gaza"},"content":{"rendered":"<div class=\"text-color text-font block-html mb-4\">\n<h2>Le Premier ministre isra\u00e9lien Benjamin Netanyahu a d\u00e9clar\u00e9 \u00ab\u00a0respecter\u00a0\u00bb le projet de Donald Trump qui pr\u00e9voit de vider de ses habitants la bande de Gaza en ruines, d\u00e9fendu par le chef de la diplomatie am\u00e9ricaine en visite \u00e0 Ryad.<\/h2>\n<p>L&rsquo;Arabie saoudite accueillera vendredi un sommet de plusieurs pays arabes, initialement pr\u00e9vu la veille, pour pr\u00e9senter une r\u00e9ponse commune au projet, qui a soulev\u00e9 un toll\u00e9 international.<\/p>\n<p>En visite dimanche en Isra\u00ebl, le secr\u00e9taire d&rsquo;Etat Marco Rubio avait affich\u00e9 un front uni avec le Premier ministre isra\u00e9lien Benjamin Netanyahu, et il devait rencontrer lundi le prince h\u00e9ritier saoudien, Mohammed ben Salmane.<\/p>\n<p>M. Netanyahu a affirm\u00e9 qu&rsquo;il se devait de \u00ab\u00a0respecter\u00a0\u00bb le plan du pr\u00e9sident am\u00e9ricain Donald Trump, qui pr\u00e9voit la prise de contr\u00f4le du territoire palestinien par les Etats-Unis et l&rsquo;expulsion de ses 2,4 millions d&rsquo;habitants vers l&rsquo;Egypte et la Jordanie.<\/p>\n<p>\u00ab\u00a0Tout comme je me suis engag\u00e9 \u00e0 ce qu&rsquo;au lendemain de la guerre \u00e0 Gaza il n&rsquo;y ait plus ni Hamas, ni Autorit\u00e9 palestinienne, je me dois de respecter le plan\u00a0\u00bb de Donald Trump \u00ab\u00a0pour la cr\u00e9ation d&rsquo;un autre Gaza\u00a0\u00bb, a-t-il d\u00e9clar\u00e9.<\/p>\n<h3>&#8211; 500 jours de captivit\u00e9 &#8211;<\/h3>\n<p>Ce plan a \u00e9t\u00e9 rejet\u00e9 par les Palestiniens eux-m\u00eames et par l&rsquo;ensemble des pays arabes, ajoutant aux tensions entourant le fragile cessez-le-feu qui a fait taire les armes \u00e0 Gaza depuis le 19 janvier.<\/p>\n<p>Le cabinet de s\u00e9curit\u00e9 isra\u00e9lien doit discuter lundi de la deuxi\u00e8me phase de l&rsquo;accord de tr\u00eave, cens\u00e9e permettre la lib\u00e9ration de tous les otages retenus \u00e0 Gaza et la fin d\u00e9finitive de la guerre.<\/p>\n<p>Isra\u00ebl a \u00e9galement annonc\u00e9 l&rsquo;envoi de n\u00e9gociateurs lundi au Caire, afin de discuter de la poursuite de la premi\u00e8re phase de l&rsquo;accord, qui s&rsquo;ach\u00e8ve le 1er mars.<\/p>\n<p>A J\u00e9rusalem, des dizaines de proches d&rsquo;otages, captifs depuis 500 jours, ont d\u00e9fil\u00e9 lundi jusqu&rsquo;au Parlement, en brandissant leurs portraits.<\/p>\n<p>\u00ab\u00a0Mes yeux sont br\u00fbl\u00e9s par les larmes que je verse depuis 500 jours\u00a0\u00bb, a lanc\u00e9 Einav Tzangauker, une femme dont le fils Matan avait \u00e9t\u00e9 enlev\u00e9 au kibboutz Nir Oz lors de l&rsquo;attaque du Hamas le 7 octobre 2023, qui a d\u00e9clench\u00e9 la guerre.<\/p>\n<p>Elle a demand\u00e9 aux parlementaires \u00ab\u00a0de tout faire pour ramener\u00a0\u00bb son fils et les autres otages \u00ab\u00a0en vie\u00a0\u00bb.<\/p>\n<p>\u00ab\u00a0Le Hamas ne peut pas rester une force militaire ou gouvernementale (&#8230;) Il doit \u00eatre \u00e9limin\u00e9\u00a0\u00bb, avait affirm\u00e9 dimanche Marco Rubio, qui a aussi qualifi\u00e9 l&rsquo;Iran de plus grande \u00ab\u00a0source d&rsquo;instabilit\u00e9\u00a0\u00bb dans la r\u00e9gion.<\/p>\n<p>M. Netanyahu a fait \u00e9cho \u00e0 ces propos en mena\u00e7ant d&rsquo;ouvrir les \u00ab\u00a0portes de l&rsquo;enfer\u00a0\u00bb au Hamas et de \u00ab\u00a0finir le travail\u00a0\u00bb avec l&rsquo;Iran, alli\u00e9 du mouvement islamiste palestinien.<\/p>\n<p>T\u00e9h\u00e9ran a r\u00e9torqu\u00e9 lundi que \u00ab\u00a0menacer autrui constitue une violation flagrante du droit international et de la Charte des Nations unies\u00a0\u00bb.<\/p>\n<p>L&rsquo;ann\u00e9e derni\u00e8re, l&rsquo;Iran et Isra\u00ebl se sont pour la premi\u00e8re fois affront\u00e9s militairement de front, dans un contexte de tensions r\u00e9gionales croissantes provoqu\u00e9es par la guerre dans la bande de Gaza.<\/p>\n<p>Au Liban, une guerre ouverte a oppos\u00e9 pendant deux mois Isra\u00ebl au Hezbollah pro-iranien, alli\u00e9 du Hamas, avant un cessez-le-feu entr\u00e9 en vigueur le 27 novembre.<\/p>\n<p>A la veille de la date-butoir pour le retrait isra\u00e9lien du sud du Liban, Isra\u00ebl a annonc\u00e9 lundi avoir tu\u00e9 un commandant du Hamas dans cette r\u00e9gion. L&rsquo;arm\u00e9e a affirm\u00e9 qu&rsquo;elle se maintiendrait dans cinq \u00ab\u00a0points strat\u00e9giques\u00a0\u00bb du pays.<\/p>\n<h3>&#8211; L&rsquo;aide en attente\u00a0\u00bb &#8211;<\/h3>\n<p>A Gaza, la tr\u00eave a failli voler en \u00e9clats la semaine derni\u00e8re apr\u00e8s des menaces r\u00e9ciproques du Hamas et d&rsquo;Isra\u00ebl.<\/p>\n<p>Apr\u00e8s une m\u00e9diation men\u00e9e par le Qatar et l&rsquo;Egypte, le Hamas a finalement lib\u00e9r\u00e9 samedi trois otages isra\u00e9liens et Isra\u00ebl 369 prisonniers palestiniens, lors du sixi\u00e8me \u00e9change depuis le d\u00e9but de la tr\u00eave.<\/p>\n<p>Sur 251 personnes enlev\u00e9es lors de l&rsquo;attaque du Hamas, 70 sont encore retenues \u00e0 Gaza dont au moins 35 sont mortes, selon l&rsquo;arm\u00e9e isra\u00e9lienne.<\/p>\n<p>La premi\u00e8re phase de la tr\u00eave a d\u00e9j\u00e0 permis la lib\u00e9ration de 19 otages isra\u00e9liens et 1.134 Palestiniens, sur un total pr\u00e9vu de 33 otages et 1.900 d\u00e9tenus palestiniens. Elle doit aussi permettre l&rsquo;entr\u00e9e d&rsquo;une aide humanitaire accrue dans la bande de Gaza, assi\u00e9g\u00e9e par Isra\u00ebl.<\/p>\n<p>Mais le Hamas accuse Isra\u00ebl de bloquer l&rsquo;entr\u00e9e de pr\u00e9fabriqu\u00e9s et d&rsquo;\u00e9quipements de d\u00e9blaiement des d\u00e9combres, alors que d&rsquo;immenses convois attendent en Egypte de pouvoir p\u00e9n\u00e9trer dans le territoire.<\/p>\n<p>Si le calendrier se d\u00e9roule comme pr\u00e9vu, la phase finale de l&rsquo;accord sera consacr\u00e9e \u00e0 la reconstruction de Gaza, un chantier titanesque estim\u00e9 par l&rsquo;ONU \u00e0 plus de 53 milliards de dollars.<\/p>\n<p>L&rsquo;attaque du 7 octobre 2023 a entra\u00een\u00e9 la mort de 1.211 personnes du c\u00f4t\u00e9 isra\u00e9lien, en majorit\u00e9 des civils, selon un d\u00e9compte de l&rsquo;AFP bas\u00e9 sur des donn\u00e9es officielles isra\u00e9liennes et incluant les otages morts ou tu\u00e9s en captivit\u00e9.<\/p>\n<p>En repr\u00e9sailles, Isra\u00ebl a lanc\u00e9 une offensive qui a fait au moins 48.271 morts \u00e0 Gaza, en majorit\u00e9 des civils, selon les donn\u00e9es du minist\u00e8re de la Sant\u00e9 du Hamas, jug\u00e9es fiables par l&rsquo;ONU. (<strong>AFP<\/strong>)<\/p>\n<\/div>\n","protected":false},"excerpt":{"rendered":"<p>Le Premier ministre isra\u00e9lien Benjamin Netanyahu a d\u00e9clar\u00e9 \u00ab\u00a0respecter\u00a0\u00bb le projet de Donald Trump qui pr\u00e9voit de vider de ses habitants la bande de Gaza en ruines, d\u00e9fendu par le chef de la diplomatie am\u00e9ricaine en visite \u00e0 Ryad. L&rsquo;Arabie saoudite accueillera vendredi un sommet de plusieurs pays arabes, initialement pr\u00e9vu la veille, pour pr\u00e9senter [&hellip;]<\/p>\n","protected":false},"author":1,"featured_media":13245,"comment_status":"open","ping_status":"closed","sticky":false,"template":"","format":"standard","meta":{"footnotes":""},"categories":[1372],"tags":[3231,3232],"class_list":["post-13244","post","type-post","status-publish","format-standard","has-post-thumbnail","hentry","category-monde","tag-benjamin-netanyahu","tag-respecter-le-plan-trump-pour-gaza"],"aioseo_notices":[],"_links":{"self":[{"href":"https:\/\/www.culturalusa.com\/news\/wp-json\/wp\/v2\/posts\/13244","targetHints":{"allow":["GET"]}}],"collection":[{"href":"https:\/\/www.culturalusa.com\/news\/wp-json\/wp\/v2\/posts"}],"about":[{"href":"https:\/\/www.culturalusa.com\/news\/wp-json\/wp\/v2\/types\/post"}],"author":[{"embeddable":true,"href":"https:\/\/www.culturalusa.com\/news\/wp-json\/wp\/v2\/users\/1"}],"replies":[{"embeddable":true,"href":"https:\/\/www.culturalusa.com\/news\/wp-json\/wp\/v2\/comments?post=13244"}],"version-history":[{"count":1,"href":"https:\/\/www.culturalusa.com\/news\/wp-json\/wp\/v2\/posts\/13244\/revisions"}],"predecessor-version":[{"id":13246,"href":"https:\/\/www.culturalusa.com\/news\/wp-json\/wp\/v2\/posts\/13244\/revisions\/13246"}],"wp:featuredmedia":[{"embeddable":true,"href":"https:\/\/www.culturalusa.com\/news\/wp-json\/wp\/v2\/media\/13245"}],"wp:attachment":[{"href":"https:\/\/www.culturalusa.com\/news\/wp-json\/wp\/v2\/media?parent=13244"}],"wp:term":[{"taxonomy":"category","embeddable":true,"href":"https:\/\/www.culturalusa.com\/news\/wp-json\/wp\/v2\/categories?post=13244"},{"taxonomy":"post_tag","embeddable":true,"href":"https:\/\/www.culturalusa.com\/news\/wp-json\/wp\/v2\/tags?post=13244"}],"curies":[{"name":"wp","href":"https:\/\/api.w.org\/{rel}","templated":true}]}}