{"id":13277,"date":"2025-03-10T17:01:31","date_gmt":"2025-03-10T16:01:31","guid":{"rendered":"https:\/\/www.culturalusa.com\/news\/?p=13277"},"modified":"2025-03-10T17:06:42","modified_gmt":"2025-03-10T16:06:42","slug":"climat-une-cinquantaine-de-mesures-pour-tenter-dadapter-la-france-a-un-rechauffement-de-4c","status":"publish","type":"post","link":"https:\/\/www.culturalusa.com\/news\/technologie\/climat-une-cinquantaine-de-mesures-pour-tenter-dadapter-la-france-a-un-rechauffement-de-4c\/","title":{"rendered":"Climat : une cinquantaine de mesures pour tenter d&rsquo;adapter la France \u00e0 un r\u00e9chauffement de 4\u00b0C"},"content":{"rendered":"<h2>Comment adapter la France \u00e0 un r\u00e9chauffement pouvant atteindre quatre degr\u00e9s?<\/h2>\n<blockquote><p>Apr\u00e8s de nombreux retards, le gouvernement a lanc\u00e9 lundi son troisi\u00e8me plan national d&rsquo;adaptation au changement climatique (PNACC), mettant l&rsquo;accent sur la mise en oeuvre d&rsquo;une cinquantaine de mesures au niveau local, d&rsquo;ores et d\u00e9j\u00e0 jug\u00e9es insuffisantes par certains experts du climat.<\/p><\/blockquote>\n<p>Records de chaleur, inondations, \u00e9rosion c\u00f4ti\u00e8re: dans une France d\u00e9j\u00e0 plus chaude de 1,7 degr\u00e9 depuis 1900, les cons\u00e9quences du d\u00e9r\u00e8glement climatique ne \u00ab\u00a0sont plus une exception\u00a0\u00bb mais \u00ab\u00a0notre nouvelle norme\u00a0\u00bb et une \u00ab\u00a0r\u00e9alit\u00e9 tragique\u00a0\u00bb, a d\u00e9clar\u00e9 la ministre de la Transition \u00e9cologique, Agn\u00e8s Pannier-Runacher, en d\u00e9voilant les contours de ce \u00ab\u00a0PNACC-3\u00a0\u00bb.<\/p>\n<p>Ce plan, attendu depuis fin 2023, compte 52 mesures destin\u00e9es \u00e0 prot\u00e9ger davantage les populations, mieux anticiper les risques, assurer la r\u00e9silience des territoires et adapter les activit\u00e9s humaines face \u00e0 des conditions climatiques extr\u00eames.<\/p>\n<p>Il se base sur une trajectoire de r\u00e9chauffement de r\u00e9f\u00e9rence en France \u00e0 +2,7\u00b0C en 2050 et +4\u00b0C en 2100.<\/p>\n<h3>&#8211; Dimension territoriale &#8211;<\/h3>\n<p>L&rsquo;accent est particuli\u00e8rement mis sur les territoires et secteurs les plus menac\u00e9s comme les littoraux, les montagnes, les for\u00eats et l&rsquo;agriculture.<\/p>\n<p>Parmi les mesures, le renforcement des protections pour les travailleurs expos\u00e9s aux canicules, diff\u00e9rentes \u00e9tudes pour mieux adapter transports et exploitations agricoles, des feuilles de route pour adapter chaque secteur \u00e9conomique, une \u00e9volution des r\u00e8gles de r\u00e9novation des logements ou encore une protection des principaux sites culturels fran\u00e7ais (Tour Eiffel, Mont Saint-Michel&#8230;).<\/p>\n<p>Un \u00ab\u00a0travail\u00a0\u00bb va \u00e9galement d\u00e9buter dans le but de donner une \u00ab\u00a0valeur juridique\u00a0\u00bb \u00e0 la Trajectoire de r\u00e9f\u00e9rence de l&rsquo;adaptation au changement climatique (TRACC), un document de r\u00e9f\u00e9rence pour les acteurs publics. Cent intercommunalit\u00e9s seront accompagn\u00e9es en 2025 dans le cadre d&rsquo;une Mission adaptation.<\/p>\n<p>Ronan Dantec, vice-pr\u00e9sident de la commission de l&rsquo;am\u00e9nagement du territoire et du d\u00e9veloppement durable au S\u00e9nat, a salu\u00e9 cette \u00ab\u00a0dimension territoriale\u00a0\u00bb. \u00ab\u00a0Pour la premi\u00e8re fois on a une trajectoire tr\u00e8s claire, c&rsquo;\u00e9tait absolument essentiel pour les acteurs locaux\u00a0\u00bb, a-t-il d\u00e9clar\u00e9.<\/p>\n<p>L&rsquo;accent a aussi \u00e9t\u00e9 mis sur le financement des mesures, l&rsquo;une des principales critiques \u00e9nonc\u00e9es avant la consultation publique lanc\u00e9e en octobre.<\/p>\n<h3>&#8211; Quels financements ? &#8211;<\/h3>\n<p>Outre le r\u00e9chaussement, d\u00e9j\u00e0 annonc\u00e9, du fonds Barnier, cr\u00e9\u00e9 en 1995 pour aider collectivit\u00e9s, petites entreprises et particuliers \u00e0 financer les travaux n\u00e9cessaires pour r\u00e9duire leur vuln\u00e9rabilit\u00e9 aux catastrophes naturelles, Agn\u00e8s Pannier-Runacher a aussi annonc\u00e9 une \u00ab\u00a0mobilisation in\u00e9dite du Fonds vert \u00e0 hauteur de 260 millions d&rsquo;euros\u00a0\u00bb.<\/p>\n<p>Pr\u00e8s d&rsquo;un milliard d&rsquo;euros des cr\u00e9dits des Agences de l&rsquo;eau seront orient\u00e9s vers l&rsquo;adaptation et une enveloppe de 30 millions sera consacr\u00e9e \u00e0 la pr\u00e9vention des gonflements des sols \u00e0 dominante argileux. Une nouvelle mission pour mobiliser davantage les acteurs priv\u00e9s, et notamment les banques, dans la pr\u00e9vention des risques sera lanc\u00e9e \u00ab\u00a0au premier semestre 2026\u00a0\u00bb.<\/p>\n<p>\u00ab\u00a0Il est essentiel que l&rsquo;adaptation soit dot\u00e9e de moyens \u00e0 la hauteur des enjeux\u00a0\u00bb, a soulign\u00e9 la ministre, assurant avoir augment\u00e9 les enveloppes \u00ab\u00a0\u00e0 hauteur de 40%\u00a0\u00bb.<\/p>\n<p>Mais pour I4CE, institut de recherches sp\u00e9cialis\u00e9 dans l&rsquo;\u00e9conomie du climat, cela reste \u00ab\u00a0quand m\u00eame \u00e0 nuancer\u00a0\u00bb.<\/p>\n<p>\u00ab\u00a0La hausse du Fonds Barnier pourrait rapidement se r\u00e9v\u00e9ler insuffisante et la r\u00e9orientation du Fonds Vert vers l\u2019adaptation est surtout l\u2019effet d\u2019une diminution des moyens allou\u00e9s aux autres priorit\u00e9s, les cr\u00e9dits d\u00e9di\u00e9s \u00e0 l\u2019adaptation se maintiennent mais n\u2019augmentent pas\u00a0\u00bb, juge Guillaume Dolques, expert Adaptation chez I4CE.<\/p>\n<p>Pour lui, ce plan \u00ab\u00a0n&rsquo;est qu&rsquo;une premi\u00e8re \u00e9tape\u00a0\u00bb et n&rsquo;aura \u00ab\u00a0de sens que si certains arbitrages sont faits et que l\u2019on se donne les moyens des ambitions\u00a0\u00bb.<\/p>\n<p>Ronan Dantec reconna\u00eet aussi que dans le contexte budg\u00e9taire tendu, il va \u00ab\u00a0probablement manquer de l&rsquo;argent\u00a0\u00bb, mais reste malgr\u00e9 tout \u00ab\u00a0tr\u00e8s satisfait de ce PNACC\u00a0\u00bb avec lequel, dit-il, \u00ab\u00a0on a vraiment franchi des paliers importants\u00a0\u00bb sur le chantier de l&rsquo;adaptation, longtemps insuffisamment pris en compte.<\/p>\n<p>L&rsquo;ONG Oxfam juge ce plan \u00ab\u00a0inop\u00e9rant, car d\u00e9pourvu de gouvernance adapt\u00e9e et de moyens budg\u00e9taires pour sa mise en \u0153uvre\u00a0\u00bb. Il constitue \u00ab\u00a0une nouvelle occasion manqu\u00e9e de prot\u00e9ger la population\u00a0\u00bb, dit Oxfam, regrettant notamment que les besoins des plus vuln\u00e9rables (personnes \u00e2g\u00e9es, enfants &#8230;) ne soient pas suffisamment pris en compte.<\/p>\n<p>\u00ab\u00a0L\u2019inaction co\u00fbtera bien plus cher que l\u2019adaptation\u00a0\u00bb, souligne l&rsquo;ONG. Un constat partag\u00e9 par Agn\u00e8s Pannier-Runacher: \u00ab\u00a0un euro investi dans l&rsquo;adaptation, c&rsquo;est huit euros \u00e9vit\u00e9s pour r\u00e9parer les dommages\u00a0\u00bb, a-t-elle soulign\u00e9.<\/p>\n","protected":false},"excerpt":{"rendered":"<p>Comment adapter la France \u00e0 un r\u00e9chauffement pouvant atteindre quatre degr\u00e9s? Apr\u00e8s de nombreux retards, le gouvernement a lanc\u00e9 lundi son troisi\u00e8me plan national d&rsquo;adaptation au changement climatique (PNACC), mettant l&rsquo;accent sur la mise en oeuvre d&rsquo;une cinquantaine de mesures au niveau local, d&rsquo;ores et d\u00e9j\u00e0 jug\u00e9es insuffisantes par certains experts du climat. Records de [&hellip;]<\/p>\n","protected":false},"author":1,"featured_media":8662,"comment_status":"open","ping_status":"closed","sticky":false,"template":"","format":"standard","meta":{"footnotes":""},"categories":[6],"tags":[208,3243,3242],"class_list":["post-13277","post","type-post","status-publish","format-standard","has-post-thumbnail","hentry","category-technologie","tag-climat","tag-quels-financements","tag-rechauffement-de-4c"],"aioseo_notices":[],"_links":{"self":[{"href":"https:\/\/www.culturalusa.com\/news\/wp-json\/wp\/v2\/posts\/13277","targetHints":{"allow":["GET"]}}],"collection":[{"href":"https:\/\/www.culturalusa.com\/news\/wp-json\/wp\/v2\/posts"}],"about":[{"href":"https:\/\/www.culturalusa.com\/news\/wp-json\/wp\/v2\/types\/post"}],"author":[{"embeddable":true,"href":"https:\/\/www.culturalusa.com\/news\/wp-json\/wp\/v2\/users\/1"}],"replies":[{"embeddable":true,"href":"https:\/\/www.culturalusa.com\/news\/wp-json\/wp\/v2\/comments?post=13277"}],"version-history":[{"count":1,"href":"https:\/\/www.culturalusa.com\/news\/wp-json\/wp\/v2\/posts\/13277\/revisions"}],"predecessor-version":[{"id":13278,"href":"https:\/\/www.culturalusa.com\/news\/wp-json\/wp\/v2\/posts\/13277\/revisions\/13278"}],"wp:featuredmedia":[{"embeddable":true,"href":"https:\/\/www.culturalusa.com\/news\/wp-json\/wp\/v2\/media\/8662"}],"wp:attachment":[{"href":"https:\/\/www.culturalusa.com\/news\/wp-json\/wp\/v2\/media?parent=13277"}],"wp:term":[{"taxonomy":"category","embeddable":true,"href":"https:\/\/www.culturalusa.com\/news\/wp-json\/wp\/v2\/categories?post=13277"},{"taxonomy":"post_tag","embeddable":true,"href":"https:\/\/www.culturalusa.com\/news\/wp-json\/wp\/v2\/tags?post=13277"}],"curies":[{"name":"wp","href":"https:\/\/api.w.org\/{rel}","templated":true}]}}