{"id":13307,"date":"2025-04-02T19:33:39","date_gmt":"2025-04-02T17:33:39","guid":{"rendered":"https:\/\/www.culturalusa.com\/news\/?p=13307"},"modified":"2025-04-02T19:33:39","modified_gmt":"2025-04-02T17:33:39","slug":"macron-et-bayrou-apportent-un-soutien-ferme-a-lindependance-de-la-justice","status":"publish","type":"post","link":"https:\/\/www.culturalusa.com\/news\/politique\/macron-et-bayrou-apportent-un-soutien-ferme-a-lindependance-de-la-justice\/","title":{"rendered":"Macron et Bayrou apportent un soutien ferme \u00e0 l&rsquo;ind\u00e9pendance de la justice"},"content":{"rendered":"<h2>Le pr\u00e9sident Emmanuel Macron et le Premier ministre Fran\u00e7ois Bayrou ont apport\u00e9 un soutien ferme \u00e0 l&rsquo;ind\u00e9pendance de la justice apr\u00e8s la condamnation de Marine Le Pen qui a suscit\u00e9 des attaques du RN contre les juges, le calendrier \u00e9tant acc\u00e9l\u00e9r\u00e9 pour permettre une d\u00e9cision en appel \u00e0 l&rsquo;\u00e9t\u00e9 2026.<\/h2>\n<p>Lors du Conseil des ministres, le chef de l&rsquo;Etat, qui ne s&rsquo;\u00e9tait pas encore exprim\u00e9 depuis la condamnation de lundi, s&rsquo;est plac\u00e9 en \u00ab\u00a0garant des institutions\u00a0\u00bb en \u00ab\u00a0rappelant\u00a0\u00bb que \u00ab\u00a0l&rsquo;autorit\u00e9 judiciaire est ind\u00e9pendante\u00a0\u00bb et que \u00ab\u00a0les magistrats doivent \u00eatre prot\u00e9g\u00e9s et ont le droit d&rsquo;\u00eatre respect\u00e9s\u00a0\u00bb, selon son entourage.<\/p>\n<p>Il a \u00e9galement affirm\u00e9 que \u00ab\u00a0tous les justiciables ont droit au recours\u00a0\u00bb, selon des participants, alors que la justice a d\u00e9j\u00e0 fait savoir qu&rsquo;un nouveau proc\u00e8s en appel pourrait se tenir dans des d\u00e9lais qui laissent une porte ouverte \u00e0 une \u00e9ventuelle candidature pr\u00e9sidentielle en 2027 de la leader du parti RN droite.<\/p>\n<p>Pour sa part, Fran\u00e7ois Bayrou a pr\u00e9cis\u00e9 devant les d\u00e9put\u00e9s le fond de sa pens\u00e9e sur le jugement de Marine Le Pen. Selon son entourage, il s&rsquo;\u00e9tait dit \u00ab\u00a0troubl\u00e9\u00a0\u00bb de la d\u00e9cision, en affirmant que ses \u00ab\u00a0interrogations\u00a0\u00bb portaient sur l&rsquo;application imm\u00e9diate (ex\u00e9cution provisoire) de la peine d&rsquo;in\u00e9ligibilit\u00e9 et non sur la peine elle-m\u00eame.<\/p>\n<p>\u00ab\u00a0S&rsquo;il y a interrogation, c&rsquo;est le Parlement qui doit s&rsquo;en saisir\u00a0\u00bb car cette disposition \u00ab\u00a0c&rsquo;est la loi\u00a0\u00bb, a-t-il affirm\u00e9.<\/p>\n<p>Plusieurs membres du Rassemblement national ont salu\u00e9 l&rsquo;annonce la veille par la cour d&rsquo;appel de Paris qu&rsquo;elle examinerait le dossier \u00ab\u00a0dans des d\u00e9lais qui devraient permettre de rendre une d\u00e9cision \u00e0 l&rsquo;\u00e9t\u00e9 2026\u00a0\u00bb, soit de longs mois avant la pr\u00e9sidentielle.<\/p>\n<p>\u00ab\u00a0C&rsquo;est une tr\u00e8s bonne nouvelle dans laquelle je veux voir le trouble qu&rsquo;a cr\u00e9\u00e9 le jugement\u00a0\u00bb, a aussit\u00f4t r\u00e9agi dans Le Parisien Marine Le Pen, condamn\u00e9e en premi\u00e8re instance \u00e0 cinq ans d&rsquo;in\u00e9ligibilit\u00e9 imm\u00e9diate, quatre ans d&#8217;emprisonnement, dont deux ferme am\u00e9nag\u00e9s sous bracelet \u00e9lectronique (elle n&rsquo;ira pas en prison), et \u00e0 une amende de 100.000 euros.<\/p>\n<p>\u00ab\u00a0Au plus vite la d\u00e9cision sera d\u00e9finitive, plus vite on sera fix\u00e9, mieux c&rsquo;est pour notre d\u00e9bat d\u00e9mocratique\u00a0\u00bb, a de son c\u00f4t\u00e9 comment\u00e9 le chef des d\u00e9put\u00e9s LR Laurent Wauquiez sur TF1.<\/p>\n<p>Pour Xavier Bertrand, pr\u00e9sident LR de la r\u00e9gion Hauts-de-France, cette d\u00e9cision prouve qu'\u00a0\u00bbil n&rsquo;y a aucun complot contre Madame Le Pen\u00a0\u00bb qui va pouvoir \u00ab\u00a0\u00e9puiser les voies de recours\u00a0\u00bb.<\/p>\n<h3>&#8211; \u00ab\u00a0D\u00e9saveu\u00a0\u00bb &#8211;<\/h3>\n<p>L&rsquo;avocat de Mme Le Pen a pour sa part estim\u00e9 que la d\u00e9cision de la cour d&rsquo;appel de Paris d&rsquo;acc\u00e9l\u00e9rer son calendrier, \u00ab\u00a0totalement exceptionnelle\u00a0\u00bb, constituait un \u00ab\u00a0d\u00e9saveu\u00a0\u00bb du jugement en premi\u00e8re instance.<\/p>\n<p>\u00ab\u00a0La premi\u00e8re d\u00e9cision est tellement difficilement d\u00e9fendable en ce qu&rsquo;elle a \u00e9t\u00e9 disproportionn\u00e9e, que l&rsquo;institution judiciaire \u00e9prouve le besoin de tenter de r\u00e9parer en obtenant un audiencement absolument hors normes\u00a0\u00bb, a d\u00e9clar\u00e9 Me Rodolphe Bosselut sur BFMTV.<\/p>\n<p>Les d\u00e9lais \u00e0 Paris pour organiser les proc\u00e8s en appel sont habituellement plut\u00f4t de 18 mois \u00e0 deux ans.<\/p>\n<p>Rien ne garantit toutefois que la cour d&rsquo;appel rende une d\u00e9cision diff\u00e9rente de celle du tribunal, qui a consid\u00e9r\u00e9 qu&rsquo;il y avait bien eu un \u00ab\u00a0syst\u00e8me\u00a0\u00bb entre 2004 et 2016 pour faire des \u00ab\u00a0\u00e9conomies\u00a0\u00bb au RN en payant avec l&rsquo;argent du Parlement europ\u00e9en des assistants d&rsquo;eurod\u00e9put\u00e9s travaillant pour le parti. Le pr\u00e9judice total est \u00e9valu\u00e9 \u00e0 4,1 millions d&rsquo;euros.<\/p>\n<p>Outre Marine Le Pen et le parti, 23 personnes ont \u00e9t\u00e9 condamn\u00e9es lundi dans ce dossier.<\/p>\n<h3>&#8211; L&rsquo;ex\u00e9cution provisoire dans le viseur &#8211;<\/h3>\n<p>Dans ce contexte, le RN veut s&rsquo;en prendre au principe de l'\u00a0\u00bbex\u00e9cution provisoire\u00a0\u00bb pour les peines d&rsquo;in\u00e9ligibilit\u00e9, qui rend celles-ci imm\u00e9diatement applicables, sans attendre que les recours soient \u00e9puis\u00e9s.<\/p>\n<p>Dans Le Parisien, Marine Le Pen a annonc\u00e9 vouloir \u00ab\u00a0saisir le Conseil constitutionnel par une question prioritaire de constitutionnalit\u00e9 (QPC)\u00a0\u00bb sur \u00ab\u00a0l&rsquo;incompatibilit\u00e9 qu&rsquo;il y a entre une d\u00e9cision d&rsquo;in\u00e9ligibilit\u00e9 avec ex\u00e9cution provisoire et la libert\u00e9 des \u00e9lecteurs qui est inscrite dans la Constitution\u00a0\u00bb.<\/p>\n<p>Elle a aussi dit vouloir saisir la Cour europ\u00e9enne des droits de l&rsquo;Homme \u00ab\u00a0en r\u00e9f\u00e9r\u00e9\u00a0\u00bb pour faire valoir que le jugement \u00ab\u00a0cr\u00e9e un pr\u00e9judice irr\u00e9parable\u00a0\u00bb.<\/p>\n<p>Mais le parti d&rsquo;extr\u00eame droite compte aussi sur une proposition de loi que compte d\u00e9poser Eric Ciotti, patron des d\u00e9put\u00e9s UDR \u00e0 l&rsquo;Assembl\u00e9e et alli\u00e9 du RN, pour supprimer cette ex\u00e9cution provisoire.<\/p>\n<p>Le RN organise dimanche \u00e0 Paris une manifestation de soutien \u00e0 Marine le Pen.<\/p>\n<p>\u00ab\u00a0Ce n&rsquo;est pas un coup de force, c&rsquo;est au contraire une d\u00e9fense tr\u00e8s claire et tr\u00e8s profonde de l&rsquo;\u00e9tat de droit et de la d\u00e9mocratie fran\u00e7aise\u00a0\u00bb, a assur\u00e9 mercredi le pr\u00e9sident du parti Jordan Bardella \u00e0 des journalistes au Parlement europ\u00e9en \u00e0 Strasbourg.<\/p>\n","protected":false},"excerpt":{"rendered":"<p>Le pr\u00e9sident Emmanuel Macron et le Premier ministre Fran\u00e7ois Bayrou ont apport\u00e9 un soutien ferme \u00e0 l&rsquo;ind\u00e9pendance de la justice apr\u00e8s la condamnation de Marine Le Pen qui a suscit\u00e9 des attaques du RN contre les juges, le calendrier \u00e9tant acc\u00e9l\u00e9r\u00e9 pour permettre une d\u00e9cision en appel \u00e0 l&rsquo;\u00e9t\u00e9 2026. Lors du Conseil des ministres, [&hellip;]<\/p>\n","protected":false},"author":1,"featured_media":13308,"comment_status":"open","ping_status":"closed","sticky":false,"template":"","format":"standard","meta":{"footnotes":""},"categories":[1494],"tags":[3250,391],"class_list":["post-13307","post","type-post","status-publish","format-standard","has-post-thumbnail","hentry","category-politique","tag-lindependance-de-la-justice","tag-marine-le-pen"],"aioseo_notices":[],"_links":{"self":[{"href":"https:\/\/www.culturalusa.com\/news\/wp-json\/wp\/v2\/posts\/13307","targetHints":{"allow":["GET"]}}],"collection":[{"href":"https:\/\/www.culturalusa.com\/news\/wp-json\/wp\/v2\/posts"}],"about":[{"href":"https:\/\/www.culturalusa.com\/news\/wp-json\/wp\/v2\/types\/post"}],"author":[{"embeddable":true,"href":"https:\/\/www.culturalusa.com\/news\/wp-json\/wp\/v2\/users\/1"}],"replies":[{"embeddable":true,"href":"https:\/\/www.culturalusa.com\/news\/wp-json\/wp\/v2\/comments?post=13307"}],"version-history":[{"count":1,"href":"https:\/\/www.culturalusa.com\/news\/wp-json\/wp\/v2\/posts\/13307\/revisions"}],"predecessor-version":[{"id":13309,"href":"https:\/\/www.culturalusa.com\/news\/wp-json\/wp\/v2\/posts\/13307\/revisions\/13309"}],"wp:featuredmedia":[{"embeddable":true,"href":"https:\/\/www.culturalusa.com\/news\/wp-json\/wp\/v2\/media\/13308"}],"wp:attachment":[{"href":"https:\/\/www.culturalusa.com\/news\/wp-json\/wp\/v2\/media?parent=13307"}],"wp:term":[{"taxonomy":"category","embeddable":true,"href":"https:\/\/www.culturalusa.com\/news\/wp-json\/wp\/v2\/categories?post=13307"},{"taxonomy":"post_tag","embeddable":true,"href":"https:\/\/www.culturalusa.com\/news\/wp-json\/wp\/v2\/tags?post=13307"}],"curies":[{"name":"wp","href":"https:\/\/api.w.org\/{rel}","templated":true}]}}