{"id":13311,"date":"2025-04-08T14:03:20","date_gmt":"2025-04-08T12:03:20","guid":{"rendered":"https:\/\/www.culturalusa.com\/news\/?p=13311"},"modified":"2025-04-08T14:08:34","modified_gmt":"2025-04-08T12:08:34","slug":"mars-2025-prolonge-la-vague-de-chaleur-mondiale","status":"publish","type":"post","link":"https:\/\/www.culturalusa.com\/news\/technologie\/mars-2025-prolonge-la-vague-de-chaleur-mondiale\/","title":{"rendered":"Mars 2025 prolonge la vague de chaleur mondiale"},"content":{"rendered":"<div class=\"text-color text-font block-html mb-4\">\n<h2>Les temp\u00e9ratures mondiales se sont maintenues \u00e0 des niveaux historiquement \u00e9lev\u00e9s en mars, poursuivant une s\u00e9rie de pr\u00e8s de deux ans de chaleur extraordinaire sur la plan\u00e8te, dans la fourchette haute des pr\u00e9visions scientifiques sur le r\u00e9chauffement climatique.<\/h2>\n<blockquote><p>En Europe, le mois de mars a \u00e9t\u00e9, de loin, le plus chaud jamais enregistr\u00e9, selon le bulletin mensuel de l&rsquo;observatoire Copernicus publi\u00e9 mardi.<\/p><\/blockquote>\n<p>Au niveau mondial, mars 2025 se classe deuxi\u00e8me plus chaud, derri\u00e8re mars 2024, prolongeant ainsi la s\u00e9rie ininterrompue de records ou quasi-records de temp\u00e9ratures qui dure depuis juillet 2023.<\/p>\n<p>Depuis lors, \u00e0 une exception pr\u00e8s, tous les mois ont \u00e9t\u00e9 au moins 1,5\u00b0C plus chauds que la moyenne de l&rsquo;\u00e8re pr\u00e9industrielle, mettant les scientifiques au d\u00e9fi.<\/p>\n<p>\u00ab\u00a0Le fait que (mars 2025 soit) encore 1,6\u00b0C au-dessus de l&rsquo;\u00e8re pr\u00e9industrielle est vraiment impressionnant\u00a0\u00bb, estime Friederike Otto, climatologue de l&rsquo;Imperial College de Londres, jointe par l&rsquo;AFP.<\/p>\n<p>\u00ab\u00a0Nous voil\u00e0 fermement pris dans l&rsquo;\u00e9tau du changement climatique caus\u00e9 par l&rsquo;humanit\u00e9\u00a0\u00bb et sa combustion massive du charbon, du p\u00e9trole et du gaz, dit-elle.<\/p>\n<p>\u00ab\u00a0On reste sur des temp\u00e9ratures extr\u00eamement \u00e9lev\u00e9es\u00a0\u00bb, constate aussi Robert Vautard, copr\u00e9sident du groupe de travail sur la climatologie du Giec, les experts mandat\u00e9s par l&rsquo;ONU.<\/p>\n<p>\u00ab\u00a0C&rsquo;est une situation exceptionnelle\u00a0\u00bb, assure-t-il \u00e0 l&rsquo;AFP, \u00ab\u00a0car normalement les temp\u00e9ratures redescendent franchement apr\u00e8s deux ann\u00e9es El Ni\u00f1o\u00a0\u00bb, ce ph\u00e9nom\u00e8ne naturel qui pousse temporairement \u00e0 la hausse les temp\u00e9ratures mondiales, dont le dernier \u00e9pisode remonte \u00e0 2023-2024.<\/p>\n<h3>\u00a0\u00ab\u00a0partie haute des projections\u00a0\u00bb<\/h3>\n<p>Mars 2025, avec 14,06\u00b0C en moyenne, est ainsi seulement 0,08\u00b0C plus froid que le record de mars 2024 et \u00e0 peine plus chaud qu&rsquo;en 2016, selon Copernicus. Sauf que ces deux extr\u00eames pr\u00e9c\u00e9dents avaient \u00e9t\u00e9 observ\u00e9s lors d&rsquo;un fort \u00e9pisode d&rsquo;El Ni\u00f1o tandis que 2025 flirte avec La Ni\u00f1a, la phase inverse du cycle, synonyme d&rsquo;influence rafra\u00eechissante.<\/p>\n<p>N\u00e9anmoins, \u00ab\u00a0l&rsquo;augmentation des temp\u00e9ratures reste dans la partie haute des projections mais pas en dehors\u00a0\u00bb, souligne le haut responsable du Giec.<\/p>\n<p>\u00ab\u00a0Il faut \u00e9viter de surr\u00e9agir (&#8230;) et attendre les explications\u00a0\u00bb sur les ph\u00e9nom\u00e8nes qui ont pu \u00ab\u00a0se superposer\u00a0\u00bb au r\u00e9chauffement provoqu\u00e9 par l&rsquo;humanit\u00e9, pr\u00e9vient Robert Vautard, car les temp\u00e9ratures sont \u00ab\u00a0soumises \u00e0 d&rsquo;importantes variations naturelles interannuelles ou d\u00e9cennales\u00a0\u00bb.<\/p>\n<p>Les scientifiques multiplient ainsi les \u00e9tudes pour quantifier l&rsquo;influence climatique de l&rsquo;\u00e9volution des nuages, d&rsquo;une baisse de la pollution atmosph\u00e9rique ou de celle des capacit\u00e9 de la Terre \u00e0 stocker le carbone dans des puits naturels tels que les for\u00eats et les oc\u00e9ans.<\/p>\n<h3>\u00a0\u00ab\u00a0Une fois tous les 4 ans\u00a0\u00bb<\/h3>\n<p>L&rsquo;ann\u00e9e 2024 a tout de m\u00eame \u00e9t\u00e9 la premi\u00e8re ann\u00e9e calendaire \u00e0 d\u00e9passer le seuil de 1,5\u00b0C, soit la limite de r\u00e9chauffement la plus s\u00fbre adopt\u00e9e par la quasi-totalit\u00e9 des pays du monde dans l&rsquo;accord de Paris.<\/p>\n<p>Mais l&rsquo;actuel record va vite se banaliser: \u00ab\u00a0Vu la concentration actuelle des gaz \u00e0 effet de serre dans l&rsquo;atmosph\u00e8re, la probabilit\u00e9 d&rsquo;une telle anomalie est d\u00e9cennale\u00a0\u00bb, explique \u00e0 l&rsquo;AFP Christophe Cassou, auteur du Giec et directeur de recherche au CNRS. Et m\u00eame d&rsquo;une fois tous les 4 ou 5 ans dans une ann\u00e9e avec El Ni\u00f1o, comme ce fut le cas en 2024.<\/p>\n<p>Selon le Giec, le monde est en route pour franchir durablement le seuil de 1,5\u00b0C au d\u00e9but des ann\u00e9es 2030.<\/p>\n<p>Chaque fraction de degr\u00e9 de r\u00e9chauffement compte car elle augmente de plus en plus l&rsquo;intensit\u00e9 et la fr\u00e9quence des ph\u00e9nom\u00e8nes m\u00e9t\u00e9orologiques extr\u00eames (canicules, violentes pr\u00e9cipitations ou s\u00e9cheresses).<\/p>\n<p>En mars, la chaleur exceptionnelle en Europe, qui a \u00e9pargn\u00e9 la p\u00e9ninsule ib\u00e9rique et le sud de la France, s&rsquo;est accompagn\u00e9e de pr\u00e9cipitations extr\u00eames, voire record, dans certaines r\u00e9gions, comme en Espagne et au Portugal, tandis que d&rsquo;autres vivaient un mois historiquement sec comme aux Pays-Bas ou dans le nord de l&rsquo;Allemagne.<\/p>\n<p>Ces contrastes \u00ab\u00a0montrent clairement qu&rsquo;un climat d\u00e9stabilis\u00e9 se traduit par des extr\u00eames m\u00e9t\u00e9orologiques plus nombreux et plus importants\u00a0\u00bb, commente Bill McGuire, climatologue \u00e0 l&rsquo;University College de Londres qui s&rsquo;attend \u00e0 \u00ab\u00a0d&rsquo;autres records\u00a0\u00bb.<\/p>\n<p>L&rsquo;intense chaleur en Asie centrale en mars ainsi que les pr\u00e9cipitations extr\u00eames \u00e0 l&rsquo;origine d&rsquo;inondations meurtri\u00e8res en Argentine ont \u00e9t\u00e9 accentu\u00e9es par le r\u00e9chauffement climatique, a conclu le r\u00e9seau scientifique de r\u00e9f\u00e9rence World Weather Attribution (WWA).<\/p>\n<p>Les relev\u00e9s annuels de temp\u00e9ratures mondiales remontent jusqu&rsquo;en 1850. Mais les carottes de glace, les s\u00e9diments au fond de l&rsquo;oc\u00e9an et d&rsquo;autres \u00ab\u00a0archives climatiques\u00a0\u00bb permettent d&rsquo;\u00e9tablir que le climat actuel est sans pr\u00e9c\u00e9dent depuis au moins 120.000 ans.<\/p>\n<\/div>\n","protected":false},"excerpt":{"rendered":"<p>Les temp\u00e9ratures mondiales se sont maintenues \u00e0 des niveaux historiquement \u00e9lev\u00e9s en mars, poursuivant une s\u00e9rie de pr\u00e8s de deux ans de chaleur extraordinaire sur la plan\u00e8te, dans la fourchette haute des pr\u00e9visions scientifiques sur le r\u00e9chauffement climatique. En Europe, le mois de mars a \u00e9t\u00e9, de loin, le plus chaud jamais enregistr\u00e9, selon le [&hellip;]<\/p>\n","protected":false},"author":1,"featured_media":13312,"comment_status":"open","ping_status":"closed","sticky":false,"template":"","format":"standard","meta":{"footnotes":""},"categories":[6],"tags":[208,3251,356],"class_list":["post-13311","post","type-post","status-publish","format-standard","has-post-thumbnail","hentry","category-technologie","tag-climat","tag-mars-2025-prolonge-la-vague-de-chaleur-mondiale","tag-rechauffement-climatique"],"aioseo_notices":[],"_links":{"self":[{"href":"https:\/\/www.culturalusa.com\/news\/wp-json\/wp\/v2\/posts\/13311","targetHints":{"allow":["GET"]}}],"collection":[{"href":"https:\/\/www.culturalusa.com\/news\/wp-json\/wp\/v2\/posts"}],"about":[{"href":"https:\/\/www.culturalusa.com\/news\/wp-json\/wp\/v2\/types\/post"}],"author":[{"embeddable":true,"href":"https:\/\/www.culturalusa.com\/news\/wp-json\/wp\/v2\/users\/1"}],"replies":[{"embeddable":true,"href":"https:\/\/www.culturalusa.com\/news\/wp-json\/wp\/v2\/comments?post=13311"}],"version-history":[{"count":1,"href":"https:\/\/www.culturalusa.com\/news\/wp-json\/wp\/v2\/posts\/13311\/revisions"}],"predecessor-version":[{"id":13313,"href":"https:\/\/www.culturalusa.com\/news\/wp-json\/wp\/v2\/posts\/13311\/revisions\/13313"}],"wp:featuredmedia":[{"embeddable":true,"href":"https:\/\/www.culturalusa.com\/news\/wp-json\/wp\/v2\/media\/13312"}],"wp:attachment":[{"href":"https:\/\/www.culturalusa.com\/news\/wp-json\/wp\/v2\/media?parent=13311"}],"wp:term":[{"taxonomy":"category","embeddable":true,"href":"https:\/\/www.culturalusa.com\/news\/wp-json\/wp\/v2\/categories?post=13311"},{"taxonomy":"post_tag","embeddable":true,"href":"https:\/\/www.culturalusa.com\/news\/wp-json\/wp\/v2\/tags?post=13311"}],"curies":[{"name":"wp","href":"https:\/\/api.w.org\/{rel}","templated":true}]}}