{"id":13314,"date":"2025-04-08T14:18:02","date_gmt":"2025-04-08T12:18:02","guid":{"rendered":"https:\/\/www.culturalusa.com\/news\/?p=13314"},"modified":"2025-04-08T14:18:02","modified_gmt":"2025-04-08T12:18:02","slug":"droits-de-douane-ue-a-propose-aux-etats-unis-une-exemption-totale-pour-les-biens-industriels","status":"publish","type":"post","link":"https:\/\/www.culturalusa.com\/news\/actualite\/droits-de-douane-ue-a-propose-aux-etats-unis-une-exemption-totale-pour-les-biens-industriels\/","title":{"rendered":"Droits de douane : UE a propos\u00e9 aux Etats-Unis une exemption totale pour les biens industriels"},"content":{"rendered":"<h2>L&rsquo;Union europ\u00e9enne a propos\u00e9 aux Etats-Unis une exemption de droits de douane totale et r\u00e9ciproque pour les produits industriels, dont les voitures, a indiqu\u00e9 la pr\u00e9sidente de la Commission Ursula von der Leyen, afin de tenter d&rsquo;\u00e9viter une guerre commerciale.<\/h2>\n<blockquote><p>\u00ab\u00a0Nous avons propos\u00e9 des droits de douane nuls pour les produits industriels. (&#8230;) L&rsquo;Europe est toujours pr\u00eate \u00e0 conclure un bon accord\u00a0\u00bb avec les Etats-Unis, a d\u00e9clar\u00e9 Mme von der Leyen lors d&rsquo;une conf\u00e9rence de presse \u00e0 Bruxelles.<\/p><\/blockquote>\n<p>Mais \u00ab\u00a0nous sommes \u00e9galement pr\u00eats \u00e0 r\u00e9pondre par des contre-mesures et \u00e0 d\u00e9fendre nos int\u00e9r\u00eats\u00a0\u00bb face \u00e0 l&rsquo;offensive commerciale de Donald Trump, a pr\u00e9venu la cheffe de l&rsquo;ex\u00e9cutif europ\u00e9en.<\/p>\n<p>A Luxembourg, \u00e0 l&rsquo;issue d&rsquo;une r\u00e9union avec les ministres europ\u00e9ens du commerce, le commissaire europ\u00e9en Maros Sefcovic a pr\u00e9cis\u00e9 avoir \u00e9voqu\u00e9 cette proposition de droits de douane nuls d\u00e8s le 19 f\u00e9vrier avec ses homologues am\u00e9ricains, plusieurs semaines avant les taxes annonc\u00e9es par les Etats-Unis.<\/p>\n<p>Cette exemption de taxes aurait concern\u00e9 \u00ab\u00a0l&rsquo;automobile, les produits chimiques, pharmaceutiques\u00a0\u00bb, et le \u00ab\u00a0reste des produits industriels\u00a0\u00bb, a-t-il d\u00e9clar\u00e9.<\/p>\n<p>Les relations commerciales de l&rsquo;UE sont de la comp\u00e9tence exclusive de la Commission europ\u00e9enne, qui n\u00e9gocie au nom des Etats membres et en coordination avec eux.<\/p>\n<p>Donald Trump a lanc\u00e9 une offensive protectionniste sans \u00e9quivalent depuis les ann\u00e9es 1930, avec une s\u00e9rie de hausse de taxes douani\u00e8res, dont 20% pour les marchandises de l&rsquo;Union europ\u00e9enne.<\/p>\n<p>La Commission europ\u00e9enne essaie de n\u00e9gocier avec Washington tout en pr\u00e9parant des mesures de r\u00e9torsion si les discussions n&rsquo;aboutissent pas.<\/p>\n<p>Les droits de douane nuls \u00e9voqu\u00e9s par Ursula von der Leyen font \u00e9cho \u00e0 la proposition samedi du milliardaire am\u00e9ricain Elon Musk d&rsquo;une \u00ab\u00a0zone de libre-\u00e9change\u00a0\u00bb entre l&rsquo;Europe et l&rsquo;Am\u00e9rique du Nord<\/p>\n<p>Membre de l&rsquo;administration Trump, le patron de Tesla est confront\u00e9 \u00e0 la chute des ventes de ses v\u00e9hicules \u00e9lectriques dans le monde.<\/p>\n<p>La proposition d&rsquo;Elon Musk a \u00e9t\u00e9 salu\u00e9e par la France lors de la r\u00e9union de ministres europ\u00e9ens \u00e0 Luxembourg. \u00ab\u00a0C&rsquo;est une excellente id\u00e9e\u00a0\u00bb, a r\u00e9agi le ministre fran\u00e7ais du commerce ext\u00e9rieur Laurent Saint-Martin.<\/p>\n<p>Le ministre allemand de l&rsquo;Economie Robert Habeck a de son c\u00f4t\u00e9 point\u00e9 du doigt les divergences au sein de l&rsquo;administration Trump.<\/p>\n<p>\u00ab\u00a0C&rsquo;est ridicule\u00a0\u00bb. Elon Musk devrait dire \u00e0 Donald Trump \u00ab\u00a0qu&rsquo;il faut arr\u00eater les absurdit\u00e9s\u00a0\u00bb et \u00ab\u00a0le g\u00e2chis\u00a0\u00bb de la guerre commerciale, a lanc\u00e9 M. Habeck.<\/p>\n","protected":false},"excerpt":{"rendered":"<p>L&rsquo;Union europ\u00e9enne a propos\u00e9 aux Etats-Unis une exemption de droits de douane totale et r\u00e9ciproque pour les produits industriels, dont les voitures, a indiqu\u00e9 la pr\u00e9sidente de la Commission Ursula von der Leyen, afin de tenter d&rsquo;\u00e9viter une guerre commerciale. \u00ab\u00a0Nous avons propos\u00e9 des droits de douane nuls pour les produits industriels. (&#8230;) L&rsquo;Europe est [&hellip;]<\/p>\n","protected":false},"author":1,"featured_media":13315,"comment_status":"open","ping_status":"closed","sticky":false,"template":"","format":"standard","meta":{"footnotes":""},"categories":[30],"tags":[3068,815,173],"class_list":["post-13314","post","type-post","status-publish","format-standard","has-post-thumbnail","hentry","category-actualite","tag-droits-de-douane","tag-ue","tag-union-europeenne"],"aioseo_notices":[],"_links":{"self":[{"href":"https:\/\/www.culturalusa.com\/news\/wp-json\/wp\/v2\/posts\/13314","targetHints":{"allow":["GET"]}}],"collection":[{"href":"https:\/\/www.culturalusa.com\/news\/wp-json\/wp\/v2\/posts"}],"about":[{"href":"https:\/\/www.culturalusa.com\/news\/wp-json\/wp\/v2\/types\/post"}],"author":[{"embeddable":true,"href":"https:\/\/www.culturalusa.com\/news\/wp-json\/wp\/v2\/users\/1"}],"replies":[{"embeddable":true,"href":"https:\/\/www.culturalusa.com\/news\/wp-json\/wp\/v2\/comments?post=13314"}],"version-history":[{"count":1,"href":"https:\/\/www.culturalusa.com\/news\/wp-json\/wp\/v2\/posts\/13314\/revisions"}],"predecessor-version":[{"id":13316,"href":"https:\/\/www.culturalusa.com\/news\/wp-json\/wp\/v2\/posts\/13314\/revisions\/13316"}],"wp:featuredmedia":[{"embeddable":true,"href":"https:\/\/www.culturalusa.com\/news\/wp-json\/wp\/v2\/media\/13315"}],"wp:attachment":[{"href":"https:\/\/www.culturalusa.com\/news\/wp-json\/wp\/v2\/media?parent=13314"}],"wp:term":[{"taxonomy":"category","embeddable":true,"href":"https:\/\/www.culturalusa.com\/news\/wp-json\/wp\/v2\/categories?post=13314"},{"taxonomy":"post_tag","embeddable":true,"href":"https:\/\/www.culturalusa.com\/news\/wp-json\/wp\/v2\/tags?post=13314"}],"curies":[{"name":"wp","href":"https:\/\/api.w.org\/{rel}","templated":true}]}}