{"id":13337,"date":"2025-05-08T12:31:43","date_gmt":"2025-05-08T10:31:43","guid":{"rendered":"https:\/\/www.culturalusa.com\/news\/?p=13337"},"modified":"2025-05-08T12:31:43","modified_gmt":"2025-05-08T10:31:43","slug":"les-temperatures-mondiales-se-maintiennent-toujours-au-dessus-d15c-de-rechauffement","status":"publish","type":"post","link":"https:\/\/www.culturalusa.com\/news\/technologie\/les-temperatures-mondiales-se-maintiennent-toujours-au-dessus-d15c-de-rechauffement\/","title":{"rendered":"Les temp\u00e9ratures mondiales se maintiennent toujours au-dessus d&rsquo;1,5\u00b0C de r\u00e9chauffement"},"content":{"rendered":"<h2><span style=\"color: #800000;\">Les temp\u00e9ratures mondiales sont rest\u00e9es \u00e0 des niveaux historiquement \u00e9lev\u00e9s en avril, poursuivant une s\u00e9rie de pr\u00e8s de deux ans de chaleur in\u00e9dite sur la plan\u00e8te qui agite le milieu scientifique sur la vitesse du r\u00e9chauffement climatique.<\/span><\/h2>\n<blockquote><p>Au niveau mondial, avril 2025 se classe deuxi\u00e8me plus chaud derri\u00e8re avril 2024, selon l&rsquo;observatoire europ\u00e9en Copernicus, qui se fonde sur des milliards de mesures issues de satellites, stations m\u00e9t\u00e9o et autres outils.<\/p><\/blockquote>\n<p>Le mois dernier prolonge ainsi une s\u00e9rie ininterrompue de records ou quasi-records de temp\u00e9ratures qui dure depuis juillet 2023, soit bient\u00f4t deux ans.<\/p>\n<p>Depuis lors, \u00e0 une exception pr\u00e8s, tous les mois ont \u00e9t\u00e9 au moins 1,5\u00b0C plus chauds que la moyenne de l&rsquo;\u00e8re pr\u00e9industrielle (1850-1900).<\/p>\n<p>De nombreux scientifiques s&rsquo;attendaient pourtant \u00e0 ce que la p\u00e9riode 2023-2024 &#8212; les deux ann\u00e9es les plus chaudes jamais mesur\u00e9es dans le monde &#8212; soit suivie d&rsquo;un r\u00e9pit, lorsque les conditions plus chaudes du ph\u00e9nom\u00e8ne El Nino s&rsquo;estomperaient.<\/p>\n<p>\u00ab\u00a0Avec 2025, cela aurait d\u00fb se tasser, mais au lieu de cela, nous restons dans cette phase de r\u00e9chauffement acc\u00e9l\u00e9r\u00e9\u00a0\u00bb, a d\u00e9clar\u00e9 Johan Rockstr\u00f6m, directeur en Allemagne de l&rsquo;Institut de Potsdam sur l&rsquo;impact du climat.<\/p>\n<p>\u00ab\u00a0Il semble que nous y soyons coinc\u00e9s\u00a0\u00bb et \u00ab\u00a0ce qui l&rsquo;explique n&rsquo;est pas enti\u00e8rement r\u00e9solu, mais c&rsquo;est un signe tr\u00e8s inqui\u00e9tant\u00a0\u00bb, a-t-il d\u00e9clar\u00e9 \u00e0 l&rsquo;AFP.<\/p>\n<p>Les deux derni\u00e8res ann\u00e9es \u00ab\u00a0ont \u00e9t\u00e9 exceptionnelles\u00a0\u00bb, dit \u00e0 l&rsquo;AFP Samantha Burgess, du centre europ\u00e9en qui op\u00e8re Copernicus. \u00ab\u00a0Elles restent dans la fourchette de ce que les mod\u00e8les climatiques pr\u00e9disaient pour aujourd&rsquo;hui, mais on est dans le haut de la fourchette\u00a0\u00bb.<\/p>\n<p>Une des explications repose sur le fait que le ph\u00e9nom\u00e8ne La Nina, inverse d&rsquo;El Nino et synonyme d&rsquo;influence rafra\u00eechissante, n&rsquo;est finalement que de \u00ab\u00a0faible intensit\u00e9\u00a0\u00bb depuis d\u00e9cembre, selon l&rsquo;Organisation m\u00e9t\u00e9orologique mondiale, et pourrait d\u00e9j\u00e0 d\u00e9cliner dans les prochains mois.<\/p>\n<h3>D\u00e9j\u00e0 presque 1,4\u00b0C-<\/h3>\n<p>Une cinquantaine de climatologues r\u00e9put\u00e9s, conduits par le britannique Piers Forster, estiment que le climat \u00e9tait d\u00e9j\u00e0 r\u00e9chauff\u00e9 en moyenne de 1,36\u00b0C en 2024. C&rsquo;est la conclusion d&rsquo;une version pr\u00e9liminaire de leur \u00e9tude qui actualise chaque ann\u00e9e les chiffres cl\u00e9s du Giec, les experts du climat mandat\u00e9s par l&rsquo;ONU. Copernicus a une estimation actuelle tr\u00e8s proche, de 1,39\u00b0C.<\/p>\n<p>Le seuil de 1,5\u00b0C de r\u00e9chauffement, le plus ambitieux de l&rsquo;accord de Paris, est sur le point d&rsquo;\u00eatre atteint de fa\u00e7on stabilis\u00e9e, calcul\u00e9e sur plusieurs d\u00e9cennies, estiment nombre de scientifiques. Copernicus pense que cela pourra \u00eatre le cas d&rsquo;ici 2029.<\/p>\n<h3>\u00ab\u00a0C&rsquo;est dans quatre ans. La r\u00e9alit\u00e9 est que nous allons d\u00e9passer 1,5\u00b0C\u00a0\u00bb, dit Samantha Burgess.<\/h3>\n<p>\u00ab\u00a0Au rythme actuel, le 1.5\u00b0C sera battu avant 2030\u00a0\u00bb, estime aussi Julien Cattiaux, climatologue du CNRS joint par l&rsquo;AFP. \u00ab\u00a0On dit que chaque dixi\u00e8me de degr\u00e9 compte\u00a0\u00bb, car il multiplie les s\u00e9cheresses, canicules et autres catastrophes m\u00e9t\u00e9orologiques \u00ab\u00a0mais actuellement, ils d\u00e9filent vite\u00a0\u00bb, s&rsquo;alarme le scientifique.<\/p>\n<p>Mais \u00ab\u00a0maintenant, ce qu&rsquo;il faut essayer de faire, c&rsquo;est d&rsquo;avoir un r\u00e9chauffement climatique le plus proche possible\u00a0\u00bb de la cible initiale car \u00ab\u00a0ce n&rsquo;est pas pareil si on vise un climat r\u00e9chauff\u00e9 de 2\u00b0C en fin de si\u00e8cle ou de 4\u00b0C\u00a0\u00bb, rappelle-t-il.<\/p>\n<h3>Que la combustion des \u00e9nergies fossiles &#8211; charbon, p\u00e9trole et gaz &#8211; soit responsable de l&rsquo;essentiel du r\u00e9chauffement ne fait pas d\u00e9bat parmi les climatologues.<\/h3>\n<p>Mais les discussions et les \u00e9tudes se multiplient pour quantifier l&rsquo;influence climatique de l&rsquo;\u00e9volution des nuages, d&rsquo;une baisse de la pollution atmosph\u00e9rique ou de celle des capacit\u00e9s de la Terre \u00e0 stocker le carbone dans des puits naturels tels que les for\u00eats et les oc\u00e9ans.<\/p>\n<p>Les relev\u00e9s annuels de temp\u00e9ratures mondiales remontent jusqu&rsquo;en 1850. Mais les carottes de glace, les s\u00e9diments au fond de l&rsquo;oc\u00e9an et d&rsquo;autres \u00ab\u00a0archives climatiques\u00a0\u00bb permettent d&rsquo;\u00e9tablir que le climat actuel est sans pr\u00e9c\u00e9dent depuis au moins 120.000 ans.<\/p>\n","protected":false},"excerpt":{"rendered":"<p>Les temp\u00e9ratures mondiales sont rest\u00e9es \u00e0 des niveaux historiquement \u00e9lev\u00e9s en avril, poursuivant une s\u00e9rie de pr\u00e8s de deux ans de chaleur in\u00e9dite sur la plan\u00e8te qui agite le milieu scientifique sur la vitesse du r\u00e9chauffement climatique. Au niveau mondial, avril 2025 se classe deuxi\u00e8me plus chaud derri\u00e8re avril 2024, selon l&rsquo;observatoire europ\u00e9en Copernicus, qui [&hellip;]<\/p>\n","protected":false},"author":1,"featured_media":13338,"comment_status":"open","ping_status":"closed","sticky":false,"template":"","format":"standard","meta":{"footnotes":""},"categories":[6],"tags":[749,2284,3258,3259,356,3257],"class_list":["post-13337","post","type-post","status-publish","format-standard","has-post-thumbnail","hentry","category-technologie","tag-energies-fossiles","tag-charbon","tag-deja-presque-1-4c","tag-petrole-et-gaz","tag-rechauffement-climatique","tag-temperatures-mondiales"],"aioseo_notices":[],"_links":{"self":[{"href":"https:\/\/www.culturalusa.com\/news\/wp-json\/wp\/v2\/posts\/13337","targetHints":{"allow":["GET"]}}],"collection":[{"href":"https:\/\/www.culturalusa.com\/news\/wp-json\/wp\/v2\/posts"}],"about":[{"href":"https:\/\/www.culturalusa.com\/news\/wp-json\/wp\/v2\/types\/post"}],"author":[{"embeddable":true,"href":"https:\/\/www.culturalusa.com\/news\/wp-json\/wp\/v2\/users\/1"}],"replies":[{"embeddable":true,"href":"https:\/\/www.culturalusa.com\/news\/wp-json\/wp\/v2\/comments?post=13337"}],"version-history":[{"count":1,"href":"https:\/\/www.culturalusa.com\/news\/wp-json\/wp\/v2\/posts\/13337\/revisions"}],"predecessor-version":[{"id":13339,"href":"https:\/\/www.culturalusa.com\/news\/wp-json\/wp\/v2\/posts\/13337\/revisions\/13339"}],"wp:featuredmedia":[{"embeddable":true,"href":"https:\/\/www.culturalusa.com\/news\/wp-json\/wp\/v2\/media\/13338"}],"wp:attachment":[{"href":"https:\/\/www.culturalusa.com\/news\/wp-json\/wp\/v2\/media?parent=13337"}],"wp:term":[{"taxonomy":"category","embeddable":true,"href":"https:\/\/www.culturalusa.com\/news\/wp-json\/wp\/v2\/categories?post=13337"},{"taxonomy":"post_tag","embeddable":true,"href":"https:\/\/www.culturalusa.com\/news\/wp-json\/wp\/v2\/tags?post=13337"}],"curies":[{"name":"wp","href":"https:\/\/api.w.org\/{rel}","templated":true}]}}