{"id":1337,"date":"2014-02-16T17:21:28","date_gmt":"2014-02-16T16:21:28","guid":{"rendered":"http:\/\/www.culturalusa.com\/news\/?p=1337"},"modified":"2014-02-16T17:21:28","modified_gmt":"2014-02-16T16:21:28","slug":"les-toiles-de-joan-miro-au-secours-du-portugal","status":"publish","type":"post","link":"https:\/\/www.culturalusa.com\/news\/culture\/les-toiles-de-joan-miro-au-secours-du-portugal\/","title":{"rendered":"Les toiles de Joan Mir\u00f3 au secours du Portugal"},"content":{"rendered":"<p><img loading=\"lazy\" decoding=\"async\" src=\"http:\/\/www.culturalusa.com\/news\/wp-content\/uploads\/2014\/02\/juan-miro-pintura.jpg\" alt=\"Joan Mir\u00f3\" width=\"467\" height=\"327\" class=\"aligncenter size-full wp-image-1338\" srcset=\"https:\/\/www.culturalusa.com\/news\/wp-content\/uploads\/2014\/02\/juan-miro-pintura.jpg 467w, https:\/\/www.culturalusa.com\/news\/wp-content\/uploads\/2014\/02\/juan-miro-pintura-275x193.jpg 275w\" sizes=\"auto, (max-width: 467px) 100vw, 467px\" \/>Christie&rsquo;s a finalement annul\u00e9 la vente aux ench\u00e8res de 85 tableaux du peintre Joan Mir\u00f3, collection qu&rsquo;elle avait qualifi\u00e9e \u00ab\u00a0d&rsquo;une des plus grandes et int\u00e9ressantes offres de travail de l&rsquo;artiste jamais mises en vente\u00a0\u00bb. <\/p>\n<p>L&rsquo;Etat portugais avait mis en vente les toiles du peintre catalan dans l&rsquo;espoir de diminuer un peu sa dette publique. En effet, la collection appartenait \u00e0 la banque BPN \u2013 cette derni\u00e8re en faillite \u00e0 l&rsquo;\u00e9poque a \u00e9t\u00e9 renflou\u00e9e et nationalis\u00e9e par l&rsquo;Etat portugais en 2008, pour finalement \u00eatre privatis\u00e9e en 2011. (En pleine crise \u00e9conomique, ce sauvetage avait cr\u00e9\u00e9 un trou de 4 milliards d&rsquo;euros dans les caisses de l&rsquo;Etat.)<\/p>\n<p>Deux irr\u00e9gularit\u00e9s ont \u00e9t\u00e9 point\u00e9es du doigt par la soci\u00e9t\u00e9 de vente aux ench\u00e8res anglaise pour motiver la suspension de la vente. Selon l&rsquo;hebdomadaire Expresso, les tableaux seraient arriv\u00e9s sur le territoire anglais par la \u00ab\u00a0valise diplomatique\u00a0\u00bb, c&rsquo;est-\u00e0-dire comme si ceux-ci avaient \u00e9t\u00e9 propri\u00e9t\u00e9 d&rsquo;Etat (ce qui n&rsquo;est pas clairement av\u00e9r\u00e9).<\/p>\n<p>Par ailleurs, la Direction g\u00e9n\u00e9rale du patrimoine culturel (Dgpc) [entit\u00e9 responsable des biens culturels de l&rsquo;Etat portugais] n&rsquo;a jamais \u00e9t\u00e9 mise au courant de la vente et de l&rsquo;acheminement des tableaux. N\u00e9anmoins, selon Barreto Xavier, secr\u00e9taire d&rsquo;Etat \u00e0 la Culture, \u00ab\u00a0affirmer que les Mir\u00f3 sont propri\u00e9t\u00e9 d&rsquo;Etat rel\u00e8ve de la mystification\u00a0\u00bb. La vente ne devait que contribuer \u00e0 combler le trou creus\u00e9 dans le budget apr\u00e8s avoir rescap\u00e9 la BPN en faillite.<\/p>\n<p>\u00ab\u00a0Une r\u00e9publique banani\u00e8re\u00a0\u00bb<\/p>\n<p>Le journaliste et homme politique Marcelo Rebelo de Sousa (Parti social-d\u00e9mocrate, au pouvoir) d\u00e9clare que le cas est \u00ab\u00a0digne d&rsquo;une r\u00e9publique banani\u00e8re\u00a0\u00bb. Et il ajoute que \u00ab\u00a0personne ne met en vente 85 tableaux de ma\u00eetre en une seule fois, ce qui les d\u00e9valorise\u00a0\u00bb.<\/p>\n<p>Si l&rsquo;opposition parlementaire (le Parti socialiste portugais en premi\u00e8re ligne) a manifest\u00e9 sa volont\u00e9 de conserver les toiles de Joan Mir\u00f3 au Portugal, le gouvernement, lui, maintient sa position afin de diminuer le poids financier du renflouement du BPN sur les contribuables.<br \/>\nLe Premier ministre Pedro Passos Coelho a confirm\u00e9 que les \u0153uvres seront remises en vente.<\/p>\n<p>Du pragmatisme en temps de crise<\/p>\n<p>L&rsquo;\u00e9ditorialiste d&rsquo;Expresso, Daniel Oliveira, encourage la vente, expliquant que, apr\u00e8s un temps d&rsquo;exposition permettant \u00e0 la collection de gagner en valeur, \u00ab\u00a0ces tableaux seraient aussi bien ailleurs qu&rsquo;ici\u00a0\u00bb.<\/p>\n<p>Manuel Carvalho du P\u00fablico, dans son billet \u00ab\u00a0Mir\u00f3 par temps de col\u00e8re\u00a0\u00bb, explique que la pol\u00e9mique est \u00ab\u00a0un coup d&rsquo;\u00e9p\u00e9e dans l&rsquo;eau\u00a0\u00bb de l&rsquo;opposition, habitu\u00e9e \u00e0 attaquer le gouvernement sur toutes les questions qui peuvent animer le d\u00e9bat sur les politiques d&rsquo;aust\u00e9rit\u00e9. <\/p>\n<p>C&rsquo;est d&rsquo;ailleurs le gouvernement pr\u00e9c\u00e9dent \u2013 dirig\u00e9 par le Premier ministre Jos\u00e9 Socrates \u2013 qui aurait entam\u00e9 le processus de vente des \u0153uvres d&rsquo;art. Il conclut ainsi : \u00ab\u00a0Les toiles ne sont pas d\u00e9terminantes pour notre culture ou notre cosmopolitisme et nous ne sommes pas dans une situation de stabilit\u00e9 financi\u00e8re qui nous permet d&rsquo;\u00eatre g\u00e9n\u00e9reux dans nos investissements dans les objets d&rsquo;art.\u00a0\u00bb.<\/p>\n<p>Une p\u00e9tition r\u00e9clamant que les tableaux restent au Portugal a d\u00e9j\u00e0 rassembl\u00e9 plus de 10 000 signatures.<br \/>\nA la demande de l&rsquo;opposition, le sous-secr\u00e9taire \u00e0 la Culture sera prochainement entendu en commission \u00e0 l&rsquo;Assembl\u00e9e nationale afin de clarifier son r\u00f4le dans l&rsquo;acheminement des \u0153uvres \u00e0 Londres. (<a href=\"http:\/\/www.courrierinternational.com\/notule-source\/courrier-international\" target=\"_blank\">Courrier International<\/a>)<\/p>\n<p style=\"text-align:center;\"><script type=\"text\/javascript\"><!--\ngoogle_ad_client = \"ca-pub-2727717456356200\";\n\/* CulturaLusa 468x60 *\/\ngoogle_ad_slot = \"2785499263\";\ngoogle_ad_width = 468;\ngoogle_ad_height = 60;\n\/\/-->\n<\/script><br \/>\n<script type=\"text\/javascript\"\nsrc=\"http:\/\/pagead2.googlesyndication.com\/pagead\/show_ads.js\">\n<\/script><\/p>\n","protected":false},"excerpt":{"rendered":"<p>Christie&rsquo;s a finalement annul\u00e9 la vente aux ench\u00e8res de 85 tableaux du peintre Joan Mir\u00f3, collection qu&rsquo;elle avait qualifi\u00e9e \u00ab\u00a0d&rsquo;une des plus grandes et int\u00e9ressantes offres de travail de l&rsquo;artiste jamais mises en vente\u00a0\u00bb. L&rsquo;Etat portugais avait mis en vente les toiles du peintre catalan dans l&rsquo;espoir de diminuer un peu sa dette publique. En [&hellip;]<\/p>\n","protected":false},"author":1,"featured_media":0,"comment_status":"open","ping_status":"closed","sticky":false,"template":"","format":"standard","meta":{"footnotes":""},"categories":[4],"tags":[],"class_list":["post-1337","post","type-post","status-publish","format-standard","hentry","category-culture"],"aioseo_notices":[],"_links":{"self":[{"href":"https:\/\/www.culturalusa.com\/news\/wp-json\/wp\/v2\/posts\/1337","targetHints":{"allow":["GET"]}}],"collection":[{"href":"https:\/\/www.culturalusa.com\/news\/wp-json\/wp\/v2\/posts"}],"about":[{"href":"https:\/\/www.culturalusa.com\/news\/wp-json\/wp\/v2\/types\/post"}],"author":[{"embeddable":true,"href":"https:\/\/www.culturalusa.com\/news\/wp-json\/wp\/v2\/users\/1"}],"replies":[{"embeddable":true,"href":"https:\/\/www.culturalusa.com\/news\/wp-json\/wp\/v2\/comments?post=1337"}],"version-history":[{"count":0,"href":"https:\/\/www.culturalusa.com\/news\/wp-json\/wp\/v2\/posts\/1337\/revisions"}],"wp:attachment":[{"href":"https:\/\/www.culturalusa.com\/news\/wp-json\/wp\/v2\/media?parent=1337"}],"wp:term":[{"taxonomy":"category","embeddable":true,"href":"https:\/\/www.culturalusa.com\/news\/wp-json\/wp\/v2\/categories?post=1337"},{"taxonomy":"post_tag","embeddable":true,"href":"https:\/\/www.culturalusa.com\/news\/wp-json\/wp\/v2\/tags?post=1337"}],"curies":[{"name":"wp","href":"https:\/\/api.w.org\/{rel}","templated":true}]}}