{"id":13438,"date":"2025-06-11T18:29:18","date_gmt":"2025-06-11T16:29:18","guid":{"rendered":"https:\/\/www.culturalusa.com\/news\/?p=13438"},"modified":"2025-06-11T18:29:18","modified_gmt":"2025-06-11T16:29:18","slug":"ladolescent-qui-a-tue-son-assistant-en-france-na-montre-aucun-remords","status":"publish","type":"post","link":"https:\/\/www.culturalusa.com\/news\/actualite\/ladolescent-qui-a-tue-son-assistant-en-france-na-montre-aucun-remords\/","title":{"rendered":"L&rsquo;adolescent qui a tu\u00e9 son assistant en France n&rsquo;a montr\u00e9 aucun \u00ab remords \u00bb"},"content":{"rendered":"<h2>M\u00e9lanie G., 31 ans, a \u00e9t\u00e9 poignard\u00e9e \u00e0 mort par un \u00e9tudiant en France. Selon les autorit\u00e9s, l&rsquo;adolescente, qui voulait \u00ab tuer un assistant \u00bb, n&rsquo;a manifest\u00e9 \u00ab aucun remords ni compassion \u00bb pour ce d\u00e9c\u00e8s.<\/h2>\n<blockquote><p>Le gar\u00e7on de 14 ans soup\u00e7onn\u00e9 d&rsquo;avoir poignard\u00e9 \u00e0 mort une assistante scolaire dans une \u00e9cole de Nogent, en Haute-Marne, en France, n&rsquo;a montr\u00e9 mardi \u00ab\u00a0aucun signe de trouble mental possible\u00a0\u00bb et n&rsquo;a montr\u00e9 \u00ab\u00a0aucun remords ni compassion\u00a0\u00bb apr\u00e8s avoir \u00e9t\u00e9 interrog\u00e9 par les autorit\u00e9s.<\/p><\/blockquote>\n<p>Lors d&rsquo;une conf\u00e9rence de presse mercredi, le procureur de Chaumont, Denis Devallois, a indiqu\u00e9 que la victime &#8211; une femme de 31 ans identifi\u00e9e comme M\u00e9lanie G. &#8211; a \u00e9t\u00e9 agress\u00e9e entre 8h15 et 8h30 locales, devant le coll\u00e8ge Fran\u00e7oise Dolto.<\/p>\n<h3>M\u00e9lanie G. a \u00e9t\u00e9 poignard\u00e9e \u00e0 sept reprises avec un couteau de cuisine de 34 centim\u00e8tres, que le suspect avait emport\u00e9 chez elle ce matin-l\u00e0.<\/h3>\n<p>Interrog\u00e9 par les autorit\u00e9s, le jeune homme de 14 ans a reconnu le crime, mais n&rsquo;a pas expliqu\u00e9 ce qui s&rsquo;\u00e9tait pass\u00e9. Selon Devallois, il aurait voulu s&rsquo;en prendre \u00e0 \u00ab une assistante, mais pas \u00e0 une personne en particulier \u00bb, apr\u00e8s avoir \u00e9t\u00e9 \u00ab r\u00e9primand\u00e9 \u00bb vendredi dernier, le 6, pour avoir \u00ab embrass\u00e9 sa petite amie \u00bb.<\/p>\n<p>\u00ab Il ne supportait plus le comportement des assistants en g\u00e9n\u00e9ral, qui avaient soi-disant des attitudes diff\u00e9rentes selon les \u00e9l\u00e8ves \u00bb, a-t-il expliqu\u00e9.<\/p>\n<p>Les enqu\u00eateurs l&rsquo;ont d\u00e9crit comme \u00ab distant \u00bb et ont d\u00e9clar\u00e9 qu&rsquo;il n&rsquo;avait montr\u00e9 \u00ab aucun regret ni compassion \u00bb face \u00e0 ce d\u00e9c\u00e8s.<\/p>\n<p>\u00ab Il a perdu tout rep\u00e8re par rapport \u00e0 la vie humaine, \u00e0 laquelle il n&rsquo;attache pas d&rsquo;importance particuli\u00e8re \u00bb, a ajout\u00e9 le procureur, soulignant que l&rsquo;adolescent \u00e9tait \u00ab fascin\u00e9 par la mort \u00bb. Pourtant, \u00ab il ne pr\u00e9sente aucun signe \u00e9voquant un \u00e9ventuel trouble mental \u00bb.<\/p>\n<p>Le suspect \u00e9tait inconnu de la police, mais avait d\u00e9j\u00e0 \u00e9t\u00e9 suspendu de l&rsquo;\u00e9cole \u00e0 deux reprises depuis le d\u00e9but de l&rsquo;ann\u00e9e.<\/p>\n","protected":false},"excerpt":{"rendered":"<p>M\u00e9lanie G., 31 ans, a \u00e9t\u00e9 poignard\u00e9e \u00e0 mort par un \u00e9tudiant en France. Selon les autorit\u00e9s, l&rsquo;adolescente, qui voulait \u00ab tuer un assistant \u00bb, n&rsquo;a manifest\u00e9 \u00ab aucun remords ni compassion \u00bb pour ce d\u00e9c\u00e8s. Le gar\u00e7on de 14 ans soup\u00e7onn\u00e9 d&rsquo;avoir poignard\u00e9 \u00e0 mort une assistante scolaire dans une \u00e9cole de Nogent, en [&hellip;]<\/p>\n","protected":false},"author":1,"featured_media":13439,"comment_status":"open","ping_status":"closed","sticky":false,"template":"","format":"standard","meta":{"footnotes":""},"categories":[30],"tags":[3312,3311,3313],"class_list":["post-13438","post","type-post","status-publish","format-standard","has-post-thumbnail","hentry","category-actualite","tag-aucun-remords","tag-ladolescent-qui-a-tue-son-assistant-en-france","tag-melanie-31-ans"],"aioseo_notices":[],"_links":{"self":[{"href":"https:\/\/www.culturalusa.com\/news\/wp-json\/wp\/v2\/posts\/13438","targetHints":{"allow":["GET"]}}],"collection":[{"href":"https:\/\/www.culturalusa.com\/news\/wp-json\/wp\/v2\/posts"}],"about":[{"href":"https:\/\/www.culturalusa.com\/news\/wp-json\/wp\/v2\/types\/post"}],"author":[{"embeddable":true,"href":"https:\/\/www.culturalusa.com\/news\/wp-json\/wp\/v2\/users\/1"}],"replies":[{"embeddable":true,"href":"https:\/\/www.culturalusa.com\/news\/wp-json\/wp\/v2\/comments?post=13438"}],"version-history":[{"count":1,"href":"https:\/\/www.culturalusa.com\/news\/wp-json\/wp\/v2\/posts\/13438\/revisions"}],"predecessor-version":[{"id":13440,"href":"https:\/\/www.culturalusa.com\/news\/wp-json\/wp\/v2\/posts\/13438\/revisions\/13440"}],"wp:featuredmedia":[{"embeddable":true,"href":"https:\/\/www.culturalusa.com\/news\/wp-json\/wp\/v2\/media\/13439"}],"wp:attachment":[{"href":"https:\/\/www.culturalusa.com\/news\/wp-json\/wp\/v2\/media?parent=13438"}],"wp:term":[{"taxonomy":"category","embeddable":true,"href":"https:\/\/www.culturalusa.com\/news\/wp-json\/wp\/v2\/categories?post=13438"},{"taxonomy":"post_tag","embeddable":true,"href":"https:\/\/www.culturalusa.com\/news\/wp-json\/wp\/v2\/tags?post=13438"}],"curies":[{"name":"wp","href":"https:\/\/api.w.org\/{rel}","templated":true}]}}