{"id":13452,"date":"2025-06-13T17:16:45","date_gmt":"2025-06-13T15:16:45","guid":{"rendered":"https:\/\/www.culturalusa.com\/news\/?p=13452"},"modified":"2025-06-13T17:16:45","modified_gmt":"2025-06-13T15:16:45","slug":"ocean-le-sommet-de-nice-sacheve-avec-un-cap-clair-sur-la-haute-mer","status":"publish","type":"post","link":"https:\/\/www.culturalusa.com\/news\/technologie\/ocean-le-sommet-de-nice-sacheve-avec-un-cap-clair-sur-la-haute-mer\/","title":{"rendered":"Oc\u00e9an: le sommet de Nice s&rsquo;ach\u00e8ve, avec un cap clair sur la haute mer"},"content":{"rendered":"<h2>Le sommet de l&rsquo;Onu sur l&rsquo;oc\u00e9an s&rsquo;ach\u00e8ve vendredi \u00e0 Nice sur une avanc\u00e9e vers une meilleure protection de la haute mer, et un durcissement sur l&rsquo;exploitation des fonds marins \u00e0 l&rsquo;approche de n\u00e9gociations ardues.<\/h2>\n<p>Cette conf\u00e9rence, la troisi\u00e8me des Nations unies sur les oc\u00e9ans, a \u00e9t\u00e9 la plus importante en termes de participation, avec 64 chefs d\u2019\u00c9tat et de gouvernement r\u00e9unis sur la C\u00f4te d&rsquo;Azur.<\/p>\n<blockquote><p>L&rsquo;absence de financement d&rsquo;ampleur, un recul sur les \u00e9nergies fossiles et des d\u00e9ceptions sur la protection des aires marines laissent un go\u00fbt d&rsquo;inachev\u00e9 aux d\u00e9fenseurs de l&rsquo;environnement et aux dirigeants d&rsquo;\u00c9tats insulaires.<\/p><\/blockquote>\n<h3>\u00a0<span style=\"color: #800000;\">Une acc\u00e9l\u00e9ration sur la haute mer<\/span><\/h3>\n<p>Salu\u00e9e par tous, la ratification du trait\u00e9 sur la haute mer par 50 pays, act\u00e9e lundi \u00e0 Nice, permet d&rsquo;esp\u00e9rer une entr\u00e9e en vigueur rapide de cet accord international destin\u00e9 \u00e0 mieux prot\u00e9ger les eaux internationales.<\/p>\n<p>La premi\u00e8re conf\u00e9rence (COP) sur la haute mer pourrait avoir lieu d\u00e8s l&rsquo;automne 2026, selon l&rsquo;ambassadeur fran\u00e7ais pour les oc\u00e9ans Olivier Poivre d&rsquo;Arvor, alors que le trait\u00e9 n&rsquo;entrera en application que 120 jours apr\u00e8s le d\u00e9p\u00f4t de la 60e ratification.<\/p>\n<p>Rebecca Hubbard, de la High Seas Alliance, un regroupement d&rsquo;une cinquantaine d&rsquo;ONG, a salu\u00e9 un \u00ab\u00a0progr\u00e8s incroyable\u00a0\u00bb.<\/p>\n<h3>\u00a0<span style=\"color: #800000;\">Le ton monte sur l&rsquo;exploitation mini\u00e8re\u00a0<\/span><\/h3>\n<p>D\u00e8s l&rsquo;ouverture du sommet, les dirigeants de la plan\u00e8te ont durci le ton face \u00e0 la d\u00e9cision des \u00c9tats-Unis, qui n&rsquo;avaient pas envoy\u00e9 de d\u00e9l\u00e9gation, de lancer unilat\u00e9ralement l&rsquo;exploitation des \u00ab\u00a0nodules\u00a0\u00bb polym\u00e9talliques dans les eaux internationales du Pacifique.<\/p>\n<p>\u00ab\u00a0Les abysses ne sont pas \u00e0 vendre\u00a0\u00bb, a lanc\u00e9 Emmanuel Macron, parlant de \u00ab\u00a0folie\u00a0\u00bb et d'\u00a0\u00bbaction \u00e9conomique pr\u00e9datrice\u00a0\u00bb, tandis que le secr\u00e9taire g\u00e9n\u00e9ral de l&rsquo;ONU, Antonio Guterres, mettait en garde contre un nouveau \u00ab\u00a0Far West\u00a0\u00bb.<\/p>\n<p>Cette rh\u00e9torique ferme n&rsquo;a toutefois pas permis d&rsquo;\u00e9largir sensiblement la coalition pour un moratoire sur l&rsquo;exploitation mini\u00e8re des fonds marins, pass\u00e9e de 32 \u00e0 37 pays seulement, sur les 169 \u00c9tats membres de l&rsquo;Autorit\u00e9 internationale des fonds marins (AIFM), charg\u00e9e de r\u00e9diger un code minier.<\/p>\n<p>\u00ab\u00a0Un code minier doit \u00eatre approuv\u00e9 \u00e0 l&rsquo;unanimit\u00e9 et, avec 37 pays, on va bloquer\u00a0\u00bb, a affirm\u00e9 M. Poivre d&rsquo;Arvor, avant la prochaine r\u00e9union de l&rsquo;AIFM pr\u00e9vue en juillet.<\/p>\n<h3>\u00a0<span style=\"color: #800000;\">Aires (mieux) prot\u00e9g\u00e9es<\/span><\/h3>\n<p>De la Colombie aux Samoa, en passant par le Portugal ou la Gr\u00e8ce, 14 pays ont annonc\u00e9 la cr\u00e9ation d&rsquo;aires marines prot\u00e9g\u00e9es (AMP) portant \u00e0 plus de 10% la protection de l&rsquo;oc\u00e9an, contre 8,4% avant le sommet.<\/p>\n<p>D&rsquo;autres ont renforc\u00e9 la protection des aires existantes, notamment en y interdisant le chalutage de fond. La faiblesse des annonces de la France, avec une limitation du chalutage de fond sur 4% seulement des eaux du pourtour de l&rsquo;Hexagone, a d\u00e9\u00e7u les ONG.<\/p>\n<p>Pour atteindre l&rsquo;objectif de 30% d&rsquo;AMP en 2030, il va falloir \u00ab\u00a0faire la course\u00a0\u00bb et cr\u00e9er 85 nouvelles zones prot\u00e9g\u00e9es par jour, a pr\u00e9venu Enric Sala, explorateur de la National Geographic Society.<\/p>\n<h3>\u00a0<span style=\"color: #800000;\">Motus sur les \u00e9nergies fossiles\u00a0<\/span><\/h3>\n<p>Responsables du r\u00e9chauffement et de l&rsquo;acidification de l&rsquo;oc\u00e9an, les \u00e9nergies fossiles (gaz, p\u00e9trole et charbon) ont \u00e9t\u00e9 les grandes absentes de cette conf\u00e9rence, pourtant d\u00e9di\u00e9e \u00e0 la protection de la vie marine.<\/p>\n<p>\u00ab\u00a0Ignorer l&rsquo;imp\u00e9ratif de sortir du p\u00e9trole et du gaz offshore n&rsquo;est pas seulement une injustice: c&rsquo;est inadmissible\u00a0\u00bb, a critiqu\u00e9 Bruna Campos, de l&rsquo;ONG CIEL.<\/p>\n<p>La d\u00e9claration finale de Nice, qui doit \u00eatre adopt\u00e9e vendredi, ne fait pas mention d&rsquo;une \u00ab\u00a0transition\u00a0\u00bb vers l&rsquo;abandon des \u00e9nergies fossiles, comme lors de la COP28 de Duba\u00ef en 2023.<\/p>\n<p>\u00ab\u00a0Il est impossible de prot\u00e9ger les oc\u00e9ans sans s&rsquo;attaquer \u00e0 la principale cause de leur effondrement: la pollution due aux combustibles fossiles inject\u00e9s sans rel\u00e2che dans l&rsquo;atmosph\u00e8re\u00a0\u00bb, a comment\u00e9 l&rsquo;\u00e9missaire am\u00e9ricain pour le climat John Kerry, pr\u00e9sent \u00e0 Nice.<\/p>\n<h3>\u00a0<span style=\"color: #800000;\">Peu d&rsquo;argent\u00a0<\/span><\/h3>\n<p>Les pays pauvres n&rsquo;ont pas vu la couleur des 100 milliards de dollars de financement, \u00e9voqu\u00e9s par le Costa Rica avant la conf\u00e9rence de Nice.<\/p>\n<p>Les seuls engagements pris, principalement par des philanthropes priv\u00e9s, ont port\u00e9 sur 8,7 milliards d\u2019euros sur cinq ans, alors qu&rsquo;il faudrait 175 milliards de dollars (153 milliards d&rsquo;euros) par an pour atteindre l&rsquo;objectif de d\u00e9veloppement durable de l&rsquo;oc\u00e9an, selon un rapport du Forum \u00e9conomique mondial.<\/p>\n","protected":false},"excerpt":{"rendered":"<p>Le sommet de l&rsquo;Onu sur l&rsquo;oc\u00e9an s&rsquo;ach\u00e8ve vendredi \u00e0 Nice sur une avanc\u00e9e vers une meilleure protection de la haute mer, et un durcissement sur l&rsquo;exploitation des fonds marins \u00e0 l&rsquo;approche de n\u00e9gociations ardues. Cette conf\u00e9rence, la troisi\u00e8me des Nations unies sur les oc\u00e9ans, a \u00e9t\u00e9 la plus importante en termes de participation, avec 64 [&hellip;]<\/p>\n","protected":false},"author":1,"featured_media":13453,"comment_status":"open","ping_status":"closed","sticky":false,"template":"","format":"standard","meta":{"footnotes":""},"categories":[6],"tags":[3320,3321,3319],"class_list":["post-13452","post","type-post","status-publish","format-standard","has-post-thumbnail","hentry","category-technologie","tag-ocean","tag-peu-dargent","tag-sommet-de-lonu-sur-locean"],"aioseo_notices":[],"_links":{"self":[{"href":"https:\/\/www.culturalusa.com\/news\/wp-json\/wp\/v2\/posts\/13452","targetHints":{"allow":["GET"]}}],"collection":[{"href":"https:\/\/www.culturalusa.com\/news\/wp-json\/wp\/v2\/posts"}],"about":[{"href":"https:\/\/www.culturalusa.com\/news\/wp-json\/wp\/v2\/types\/post"}],"author":[{"embeddable":true,"href":"https:\/\/www.culturalusa.com\/news\/wp-json\/wp\/v2\/users\/1"}],"replies":[{"embeddable":true,"href":"https:\/\/www.culturalusa.com\/news\/wp-json\/wp\/v2\/comments?post=13452"}],"version-history":[{"count":1,"href":"https:\/\/www.culturalusa.com\/news\/wp-json\/wp\/v2\/posts\/13452\/revisions"}],"predecessor-version":[{"id":13454,"href":"https:\/\/www.culturalusa.com\/news\/wp-json\/wp\/v2\/posts\/13452\/revisions\/13454"}],"wp:featuredmedia":[{"embeddable":true,"href":"https:\/\/www.culturalusa.com\/news\/wp-json\/wp\/v2\/media\/13453"}],"wp:attachment":[{"href":"https:\/\/www.culturalusa.com\/news\/wp-json\/wp\/v2\/media?parent=13452"}],"wp:term":[{"taxonomy":"category","embeddable":true,"href":"https:\/\/www.culturalusa.com\/news\/wp-json\/wp\/v2\/categories?post=13452"},{"taxonomy":"post_tag","embeddable":true,"href":"https:\/\/www.culturalusa.com\/news\/wp-json\/wp\/v2\/tags?post=13452"}],"curies":[{"name":"wp","href":"https:\/\/api.w.org\/{rel}","templated":true}]}}