{"id":13467,"date":"2025-06-18T19:32:32","date_gmt":"2025-06-18T17:32:32","guid":{"rendered":"https:\/\/www.culturalusa.com\/news\/?p=13467"},"modified":"2025-06-18T19:32:32","modified_gmt":"2025-06-18T17:32:32","slug":"guerre-israel-iran-le-porte-avions-americain-qui-fait-route-vers-le-golfe-persique","status":"publish","type":"post","link":"https:\/\/www.culturalusa.com\/news\/actualite\/guerre-israel-iran-le-porte-avions-americain-qui-fait-route-vers-le-golfe-persique\/","title":{"rendered":"Guerre Isra\u00ebl-Iran : le porte-avions am\u00e9ricain qui fait route vers le Golfe persique"},"content":{"rendered":"<h2>Monstre des mers &#8211; Les Etats-Unis envoient au Moyen-Orient leur porte-avions \u00ab USS Nimitz \u00bb, deuxi\u00e8me plus important de leur flotte. A\u00e9roport flottant, centrale nucl\u00e9aire et v\u00e9ritable petite ville, c\u2019est un monstre des mers qui se dirige vers l\u2019Iran<\/h2>\n<p><span style=\"color: #800000;\"><strong>Jusqu\u2019o\u00f9 va aller l\u2019escalade ? <\/strong><\/span><\/p>\n<p>Depuis une semaine et la premi\u00e8re attaque d\u2019Isra\u00ebl sur l\u2019Iran, la tension ne fait que monter, impliquant le monde entier, le G7 et principalement les Etats-Unis avec un Donald Trump particuli\u00e8rement impliqu\u00e9 qui menace directement l\u2019ayatollah Ali Khamenei d\u2019intervenir et demande la capitulation sans condition de l\u2019Iran.<\/p>\n<p>Si, pour le moment, les Etats-Unis n\u2019ont pas directement agi dans la r\u00e9gion, le pays a dit renforcer son \u00ab dispositif d\u00e9fensif \u00bb sur place en y envoyant son porte-avions l\u2019USS Nimitz sur place.<\/p>\n<p>Une information confirm\u00e9e par le site Marine Traffic qui montre que le vaisseau, qui croisait en mer de Chine m\u00e9ridionale, a mis le cap \u00e0 l\u2019ouest et prend la direction du Moyen-Orient. Il devrait y rejoindre l\u2019USS Carl Vinson et l\u2019USS Thomas Hudner d\u00e9j\u00e0 d\u00e9ploy\u00e9s dans la r\u00e9gion.<\/p>\n<h3>Un a\u00e9roport flottant mont\u00e9 sur une centrale nucl\u00e9aire<\/h3>\n<p>Une mani\u00e8re sans doute de faire monter la pression dans le camp d\u2019en face tant le Nimitz est un sacr\u00e9 client.<\/p>\n<p>Nomm\u00e9 en l\u2019honneur de l\u2019amiral Chester W. Nimitz, commandant de la flotte am\u00e9ricaine du Pacifique pendant la Seconde Guerre mondiale, il est le deuxi\u00e8me plus grand porte-avions de la flotte am\u00e9ricain derri\u00e8re l\u2019USS Gerald R. Ford et consid\u00e9r\u00e9 comme l\u2019un des plus puissants navires de guerre au monde. <a href=\"https:\/\/www.20minutes.fr\/monde\/etats-unis\/4159180-20250618-guerre-israel-iran-chiffres-fous-nimitz-porte-americain-fait-route-vers-golfe-persique\"><span style=\"color: #800000;\"><strong>Plus<\/strong><\/span><\/a><\/p>\n","protected":false},"excerpt":{"rendered":"<p>Monstre des mers &#8211; Les Etats-Unis envoient au Moyen-Orient leur porte-avions \u00ab USS Nimitz \u00bb, deuxi\u00e8me plus important de leur flotte. A\u00e9roport flottant, centrale nucl\u00e9aire et v\u00e9ritable petite ville, c\u2019est un monstre des mers qui se dirige vers l\u2019Iran Jusqu\u2019o\u00f9 va aller l\u2019escalade ? Depuis une semaine et la premi\u00e8re attaque d\u2019Isra\u00ebl sur l\u2019Iran, la [&hellip;]<\/p>\n","protected":false},"author":1,"featured_media":13468,"comment_status":"open","ping_status":"closed","sticky":false,"template":"","format":"standard","meta":{"footnotes":""},"categories":[30],"tags":[3324,3325,3326],"class_list":["post-13467","post","type-post","status-publish","format-standard","has-post-thumbnail","hentry","category-actualite","tag-guerre-israel-iran","tag-porte-avions-americain","tag-route-vers-le-golfe-persique"],"aioseo_notices":[],"_links":{"self":[{"href":"https:\/\/www.culturalusa.com\/news\/wp-json\/wp\/v2\/posts\/13467","targetHints":{"allow":["GET"]}}],"collection":[{"href":"https:\/\/www.culturalusa.com\/news\/wp-json\/wp\/v2\/posts"}],"about":[{"href":"https:\/\/www.culturalusa.com\/news\/wp-json\/wp\/v2\/types\/post"}],"author":[{"embeddable":true,"href":"https:\/\/www.culturalusa.com\/news\/wp-json\/wp\/v2\/users\/1"}],"replies":[{"embeddable":true,"href":"https:\/\/www.culturalusa.com\/news\/wp-json\/wp\/v2\/comments?post=13467"}],"version-history":[{"count":1,"href":"https:\/\/www.culturalusa.com\/news\/wp-json\/wp\/v2\/posts\/13467\/revisions"}],"predecessor-version":[{"id":13469,"href":"https:\/\/www.culturalusa.com\/news\/wp-json\/wp\/v2\/posts\/13467\/revisions\/13469"}],"wp:featuredmedia":[{"embeddable":true,"href":"https:\/\/www.culturalusa.com\/news\/wp-json\/wp\/v2\/media\/13468"}],"wp:attachment":[{"href":"https:\/\/www.culturalusa.com\/news\/wp-json\/wp\/v2\/media?parent=13467"}],"wp:term":[{"taxonomy":"category","embeddable":true,"href":"https:\/\/www.culturalusa.com\/news\/wp-json\/wp\/v2\/categories?post=13467"},{"taxonomy":"post_tag","embeddable":true,"href":"https:\/\/www.culturalusa.com\/news\/wp-json\/wp\/v2\/tags?post=13467"}],"curies":[{"name":"wp","href":"https:\/\/api.w.org\/{rel}","templated":true}]}}