{"id":13484,"date":"2025-06-26T16:52:49","date_gmt":"2025-06-26T14:52:49","guid":{"rendered":"https:\/\/www.culturalusa.com\/news\/?p=13484"},"modified":"2025-06-26T16:52:49","modified_gmt":"2025-06-26T14:52:49","slug":"coup-de-frein-supplementaire-sur-les-depenses-de-2025-alors-que-la-dette-continue-a-croitre","status":"publish","type":"post","link":"https:\/\/www.culturalusa.com\/news\/economie\/coup-de-frein-supplementaire-sur-les-depenses-de-2025-alors-que-la-dette-continue-a-croitre\/","title":{"rendered":"Coup de frein suppl\u00e9mentaire sur les d\u00e9penses de 2025, alors que la dette continue \u00e0 cro\u00eetre"},"content":{"rendered":"<h2>Le gouvernement a annonc\u00e9 un coup de frein suppl\u00e9mentaire de cinq milliards d&rsquo;euros sur les d\u00e9penses publiques \u00ab\u00a0d\u00e8s cet \u00e9t\u00e9\u00a0\u00bb, pour tenir l&rsquo;objectif d&rsquo;un d\u00e9ficit public de 5,4% cette ann\u00e9e, tandis que l&rsquo;Insee a annonc\u00e9 que la dette continuait de cro\u00eetre, repr\u00e9sentant 3.345,8 milliards d&rsquo;euros \u00e0 fin mars, soit 114% du PIB.<\/h2>\n<blockquote><p>Outre le 1,7 milliard d&rsquo;euros d&rsquo;\u00e9conomies sur les d\u00e9penses sociales annonc\u00e9es d\u00e8s mercredi par la ministre du Travail et de la Sant\u00e9 Catherine Vautrin, 3 milliards d&rsquo;euros de cr\u00e9dits pr\u00e9vus pour l\u2019\u00c9tat \u00ab\u00a0ne seront pas engag\u00e9s cette ann\u00e9e\u00a0\u00bb, et \u00ab\u00a0une mise en r\u00e9serve compl\u00e9mentaire sera notifi\u00e9e dans les prochaines semaines\u00a0\u00bb, a indiqu\u00e9 le gouvernement dans un communiqu\u00e9.<\/p><\/blockquote>\n<p>Ces chiffres ont \u00e9t\u00e9 pr\u00e9sent\u00e9s dans la matin\u00e9e lors du deuxi\u00e8me comit\u00e9 d&rsquo;alerte sur les finances publiques depuis le 15 avril, r\u00e9uni \u00e0 Bercy.<\/p>\n<p>L&rsquo;exercice \u00ab\u00a0de transparence\u00a0\u00bb, selon la ministre des Comptes publics Am\u00e9lie de Montchalin, consiste \u00e0 tenir r\u00e9guli\u00e8rement au courant de l&rsquo;\u00e9volution des comptes les diff\u00e9rentes parties prenantes \u00e0 la d\u00e9pense publique : parlementaires, repr\u00e9sentants des \u00e9lus locaux, de la S\u00e9curit\u00e9 sociale et de l\u2019\u00c9tat, ainsi que les partenaires sociaux.<\/p>\n<p>Le gouvernement avait d\u00e9j\u00e0 annonc\u00e9 en avril un effort suppl\u00e9mentaire de r\u00e9duction de la d\u00e9pense de 5 milliards d&rsquo;euros pour contenir le d\u00e9ficit public (solde des comptes de l\u2019\u00c9tat, de la S\u00e9cu et des collectivit\u00e9s locales) \u00e0 5,4% du produit int\u00e9rieur brut en 2025, apr\u00e8s 5,8% l&rsquo;an dernier, dans un contexte de croissance \u00e9conomique faible.<\/p>\n<p>Bercy pr\u00e9voit encore celle-ci \u00e0 0,7% pour cette ann\u00e9e, mais l&rsquo;Insee et la Banque de France anticipent 0,6%.<\/p>\n<p>\u00ab\u00a0La mise en \u0153uvre de ces nouvelles mesures fera l\u2019objet d\u2019un suivi renforc\u00e9\u00a0\u00bb, pr\u00e9vient le communiqu\u00e9.<\/p>\n<h3>\u00a0<span style=\"color: #800000;\">\u00ab\u00a0Pistes \u00e9tudi\u00e9es sans tabou\u00a0\u00bb<\/span><\/h3>\n<p>Pour l&rsquo;an prochain, le gouvernement esp\u00e8re r\u00e9duire encore le d\u00e9ficit public, \u00e0 4,6%, et va devoir trouver pour cela 40 milliards d&rsquo;euros.<\/p>\n<p>Tout en tentant d&rsquo;\u00e9viter une censure \u00e0 l&rsquo;automne au Parlement, si la gauche ou le RN jugent les mesures choisies trop rudes pour les Fran\u00e7ais, qu&rsquo;il s&rsquo;agisse du budget de l\u2019\u00c9tat ou de celui de la S\u00e9curit\u00e9 sociale. C&rsquo;est sur ce dernier que le gouvernement Barnier \u00e9tait tomb\u00e9 en d\u00e9cembre.<\/p>\n<h3><span style=\"color: #800000;\">Le Premier ministre Fran\u00e7ois Bayrou a promis de pr\u00e9senter une premi\u00e8re feuille de route budg\u00e9taire pour 2026 mi-juillet.<\/span><\/h3>\n<p>\u00ab\u00a0Vu la situation budg\u00e9taire calamiteuse, le budget de 2026 implique des mesures d&rsquo;aust\u00e9rit\u00e9 impopulaires, rendant son adoption aussi difficile, sinon plus, que celui de 2025\u00a0\u00bb, commente Bruno Cavalier, \u00e9conomiste en chef d&rsquo;Oddo BHF, dans une note.<\/p>\n<p>\u00ab\u00a0Toutes les pistes sont \u00e9tudi\u00e9es, sans tabou\u00a0\u00bb, a affirm\u00e9 la porte-parole du gouvernement Sophie Primas, mercredi sur franceinfo, y compris celle d&rsquo;une \u00ab\u00a0ann\u00e9e blanche\u00a0\u00bb \u2014 la reconduction des d\u00e9penses au m\u00eame niveau qu&rsquo;en 2025, sans tenir compte de l&rsquo;inflation.<\/p>\n<h3>\u00a0<span style=\"color: #800000;\">Discussions \u00ab\u00a0difficiles\u00a0\u00bb\u00a0<\/span><\/h3>\n<p>Le communiqu\u00e9 de jeudi justifie le nouvel effort sur les d\u00e9penses de l\u2019\u00c9tat cette ann\u00e9e par \u00ab\u00a0des risques de d\u00e9passement qui demeurent pour certains minist\u00e8res\u00a0\u00bb, et celui sur la S\u00e9curit\u00e9 sociale par la dynamique des indemnit\u00e9s journali\u00e8res d&rsquo;arr\u00eats maladie et les d\u00e9penses des h\u00f4pitaux notamment.<\/p>\n<p>Quant aux collectivit\u00e9s locales, sur lesquelles le gouvernement n&rsquo;a pas beaucoup de prise, leurs d\u00e9penses \u00ab\u00a0progressent l\u00e9g\u00e8rement plus vite que la pr\u00e9vision\u00a0\u00bb, notamment celles des communes.<\/p>\n<p>Dimanche, Am\u00e9lie de Montchalin avait reconnu des discussions \u00ab\u00a0difficiles\u00a0\u00bb avec les minist\u00e8res.<\/p>\n<p>A une situation fran\u00e7aise tendue s&rsquo;ajoute la forte incertitude internationale li\u00e9e notamment \u00e0 la hausse des droits de douane am\u00e9ricains et aux tensions au Proche et Moyen-Orient.<\/p>\n<p>Selon les chiffres publi\u00e9s jeudi matin par l&rsquo;Insee, la dette publique a augment\u00e9 de 40,5 milliards d&rsquo;euros au premier trimestre et la charge annuelle de ses remboursements menace de d\u00e9passer l\u2019\u00c9ducation comme premier poste des d\u00e9penses de l\u2019\u00c9tat.<\/p>\n<p>La France porte ainsi la troisi\u00e8me dette de la zone euro \u2014 en pourcentage du PIB \u2014 apr\u00e8s celles de la Gr\u00e8ce et de l&rsquo;Italie.<\/p>\n<p>Alors qu&rsquo;elle ne repr\u00e9sentait que 57,8% du PIB fin 1995, elle a gonfl\u00e9 ces derni\u00e8res ann\u00e9es, aliment\u00e9e par les mesures prises durant les crises financi\u00e8re, sanitaire et inflationniste successives.<\/p>\n","protected":false},"excerpt":{"rendered":"<p>Le gouvernement a annonc\u00e9 un coup de frein suppl\u00e9mentaire de cinq milliards d&rsquo;euros sur les d\u00e9penses publiques \u00ab\u00a0d\u00e8s cet \u00e9t\u00e9\u00a0\u00bb, pour tenir l&rsquo;objectif d&rsquo;un d\u00e9ficit public de 5,4% cette ann\u00e9e, tandis que l&rsquo;Insee a annonc\u00e9 que la dette continuait de cro\u00eetre, repr\u00e9sentant 3.345,8 milliards d&rsquo;euros \u00e0 fin mars, soit 114% du PIB. Outre le 1,7 [&hellip;]<\/p>\n","protected":false},"author":1,"featured_media":13485,"comment_status":"open","ping_status":"closed","sticky":false,"template":"","format":"standard","meta":{"footnotes":""},"categories":[1],"tags":[601,3331,3332],"class_list":["post-13484","post","type-post","status-publish","format-standard","has-post-thumbnail","hentry","category-economie","tag-deficit-public","tag-la-dette-continue-a-croitre","tag-les-depenses-de-2025"],"aioseo_notices":[],"_links":{"self":[{"href":"https:\/\/www.culturalusa.com\/news\/wp-json\/wp\/v2\/posts\/13484","targetHints":{"allow":["GET"]}}],"collection":[{"href":"https:\/\/www.culturalusa.com\/news\/wp-json\/wp\/v2\/posts"}],"about":[{"href":"https:\/\/www.culturalusa.com\/news\/wp-json\/wp\/v2\/types\/post"}],"author":[{"embeddable":true,"href":"https:\/\/www.culturalusa.com\/news\/wp-json\/wp\/v2\/users\/1"}],"replies":[{"embeddable":true,"href":"https:\/\/www.culturalusa.com\/news\/wp-json\/wp\/v2\/comments?post=13484"}],"version-history":[{"count":1,"href":"https:\/\/www.culturalusa.com\/news\/wp-json\/wp\/v2\/posts\/13484\/revisions"}],"predecessor-version":[{"id":13486,"href":"https:\/\/www.culturalusa.com\/news\/wp-json\/wp\/v2\/posts\/13484\/revisions\/13486"}],"wp:featuredmedia":[{"embeddable":true,"href":"https:\/\/www.culturalusa.com\/news\/wp-json\/wp\/v2\/media\/13485"}],"wp:attachment":[{"href":"https:\/\/www.culturalusa.com\/news\/wp-json\/wp\/v2\/media?parent=13484"}],"wp:term":[{"taxonomy":"category","embeddable":true,"href":"https:\/\/www.culturalusa.com\/news\/wp-json\/wp\/v2\/categories?post=13484"},{"taxonomy":"post_tag","embeddable":true,"href":"https:\/\/www.culturalusa.com\/news\/wp-json\/wp\/v2\/tags?post=13484"}],"curies":[{"name":"wp","href":"https:\/\/api.w.org\/{rel}","templated":true}]}}