{"id":13511,"date":"2025-07-03T19:52:39","date_gmt":"2025-07-03T17:52:39","guid":{"rendered":"https:\/\/www.culturalusa.com\/news\/?p=13511"},"modified":"2025-07-03T19:52:39","modified_gmt":"2025-07-03T17:52:39","slug":"foot-lattaquant-de-liverpool-diogo-jota-et-son-frere-meurent-dans-un-accident-de-la-route","status":"publish","type":"post","link":"https:\/\/www.culturalusa.com\/news\/sport\/foot-lattaquant-de-liverpool-diogo-jota-et-son-frere-meurent-dans-un-accident-de-la-route\/","title":{"rendered":"Foot: l&rsquo;attaquant de Liverpool Diogo Jota et son fr\u00e8re meurent dans un accident de la route"},"content":{"rendered":"<h2>L&rsquo;attaquant international portugais de Liverpool Diogo Jota, champion d&rsquo;Angleterre avec les Reds, et son fr\u00e8re Andr\u00e9 sont morts dans la nuit de mercredi \u00e0 jeudi dans un accident de la route en Espagne, un drame qui a suscit\u00e9 une vive \u00e9motion dans le milieu sportif et au-del\u00e0.<\/h2>\n<blockquote><p>Ag\u00e9 de 28 ans, l&rsquo;international portugais (48 s\u00e9lections, 14 buts), laur\u00e9at d&rsquo;une deuxi\u00e8me Ligue des nations avec la Sele\u00e7ao le mois dernier, \u00e9tait p\u00e8re de trois enfants. Il avait annonc\u00e9 il y a quelques jours s&rsquo;\u00eatre mari\u00e9 le 22 juin, en publiant sur le r\u00e9seau social X des photos de la c\u00e9r\u00e9monie.<\/p><\/blockquote>\n<p>L&rsquo;accident a eu lieu vers 00h30 sur une autoroute de la province de Zamora, dans le nord-ouest de l&rsquo;Espagne, au niveau de la commune de Cernadilla. Le v\u00e9hicule a fait une \u00ab\u00a0sortie de route\u00a0\u00bb avant de prendre feu, a indiqu\u00e9 la Garde civile. Dans l&rsquo;apr\u00e8s-midi, elle a pr\u00e9cis\u00e9 que les corps sans vie de Diogo Jota et de son fr\u00e8re Andr\u00e9 \u00e9taient en cours de rapatriement au Portugal.<\/p>\n<p>Selon les premiers \u00e9l\u00e9ments de l&rsquo;enqu\u00eate, l&rsquo;accident pourrait avoir \u00e9t\u00e9 provoqu\u00e9 par un pneu qui aurait \u00e9clat\u00e9 au moment o\u00f9 la voiture \u00e9tait en train d&rsquo;effectuer un d\u00e9passement.<\/p>\n<p>Des m\u00e9dias espagnols ont diffus\u00e9 une vid\u00e9o montrant des d\u00e9bris de la voiture qu&rsquo;ils identifient comme \u00e9tant ceux d&rsquo;une Lamborghini appartenant \u00e0 Jota.<\/p>\n<p>Les deux occupants, Diogo Jota et son jeune fr\u00e8re Andr\u00e9, lui aussi footballeur professionnel &#8211;en deuxi\u00e8me division portugaise \u00e0 Penafiel&#8211;, \u00e9taient d\u00e9c\u00e9d\u00e9s lorsque les services d&rsquo;urgence sont arriv\u00e9s, d&rsquo;apr\u00e8s la Garde civile.<\/p>\n<p>Le club de Liverpool, o\u00f9 Jota \u00e9voluait depuis cinq ans, s&rsquo;est dit \u00ab\u00a0boulevers\u00e9\u00a0\u00bb par la \u00ab\u00a0perte inimaginable\u00a0\u00bb de son attaquant, apportant \u00ab\u00a0tout son soutien\u00a0\u00bb \u00e0 la famille et aux proches des deux joueurs.<\/p>\n<p>Pr\u00e8s du mythique stade d&rsquo;Anfield, des dizaines de supporters des Reds ont d\u00e9pos\u00e9 des gerbes de fleurs, des ballons de baudruche en forme de coeur et des \u00e9charpes avec la mention \u00ab\u00a0Repose en paix Diogo Jota\u00a0\u00bb.<\/p>\n<p>\u00ab\u00a0C&rsquo;est tellement dur. C&rsquo;est comme un deuil familial, honn\u00eatement. Les buts qu&rsquo;il a marqu\u00e9s, les souvenirs qu&rsquo;il nous a donn\u00e9s&#8230; nous ne pouvons pas le remercier assez\u00a0\u00bb, a estim\u00e9 Tom Barry, m\u00e9canicien de 32 ans, v\u00eatu d&rsquo;un maillot rouge de Liverpool avec &lsquo;Jota 20&rsquo; dans le dos.<\/p>\n<p>\u00ab\u00a0Il est parti trop t\u00f4t, mais sera \u00e0 jamais dans nos coeurs&#8230; Je suis sans voix. J&rsquo;ai juste ressenti le besoin de venir ici pour lui rendre hommage\u00a0\u00bb, poursuit Abdul, ambulancier de 30 ans.<\/p>\n<p>L&rsquo;entra\u00eeneur J\u00fcrgen Klopp, \u00e0 l&rsquo;origine du recrutement de Jota \u00e0 Liverpool, et le pr\u00e9sident de la FIFA Gianni Infantino, se sont dits \u00ab\u00a0profond\u00e9ment attrist\u00e9\u00a0\u00bb par ce drame.<\/p>\n<p>\u00ab\u00a0Diogo n&rsquo;\u00e9tait pas seulement un joueur fantastique, mais aussi un grand ami, un mari et p\u00e8re aimant et attentionn\u00e9! Tu vas tellement nous manquer!\u00a0\u00bb, a \u00e9crit l&rsquo;ancien coach allemand des Reds sur Instagram.<\/p>\n<h3>\u00a0\u00ab\u00a0Inconcevable\u00a0\u00bb pour Cristiano Ronaldo<\/h3>\n<p>\u00ab\u00a0D\u00e9vast\u00e9e\u00a0\u00bb par cette nouvelle, la F\u00e9d\u00e9ration portugaise de football, la premi\u00e8re \u00e0 r\u00e9agir publiquement sur les r\u00e9seaux sociaux, a demand\u00e9 aupr\u00e8s de l&rsquo;UEFA une minute de silence jeudi soir avant le match de l&rsquo;Euro f\u00e9minin entre l&rsquo;Espagne et le Portugal, \u00e0 Berne. L&rsquo;instance europ\u00e9enne, elle-m\u00eame \u00ab\u00a0profond\u00e9ment attrist\u00e9e\u00a0\u00bb, a confirm\u00e9 que ce serait le cas.<\/p>\n<p>\u00ab\u00a0Beaucoup plus qu&rsquo;un joueur fantastique, avec presque 50 s\u00e9lections en \u00e9quipe nationale, Diogo Jota \u00e9tait une personne extraordinaire, respect\u00e9e par tous ses coll\u00e8gues et adversaires\u00a0\u00bb, a d\u00e9clar\u00e9 le pr\u00e9sident de la f\u00e9d\u00e9ration portugaise, Pedro Proen\u00e7a. \u00ab\u00a0Nous avons perdu deux champions\u00a0\u00bb, a-t-il ajout\u00e9.<\/p>\n<p>L&rsquo;ancienne \u00e9quipe de Jota, le FC Porto, est aussi \u00ab\u00a0en deuil\u00a0\u00bb.<\/p>\n<p>\u00ab\u00a0C&rsquo;est inconcevable\u00a0\u00bb, a r\u00e9agi de son c\u00f4t\u00e9 Cristiano Ronaldo sur ses comptes personnels. \u00ab\u00a0Encore r\u00e9cemment nous \u00e9tions ensemble avec la Sele\u00e7ao, tu venais de te marier. A ta famille, \u00e0 ta femme et \u00e0 tes enfants, j&rsquo;adresse mes condol\u00e9ances et leur souhaite toute la force du monde\u00a0\u00bb, a \u00e9crit CR7.<\/p>\n<p>La mort de l&rsquo;international portugais et de son fr\u00e8re a suscit\u00e9 des r\u00e9actions au-del\u00e0 du milieu du football. \u00ab\u00a0Mes pri\u00e8res accompagnent ses proches en ce moment difficile!\u00a0\u00bb a \u00e9crit sur X la superstar du basket LeBron James, par ailleurs actionnaire minoritaire de Liverpool.<\/p>\n<h3>\u00a0Les Wolves ont le \u00ab\u00a0coeur bris\u00e9\u00a0\u00bb<\/h3>\n<p>\u00ab\u00a0C&rsquo;est bouleversant\u00a0\u00bb, a r\u00e9agi le Premier ministre britannique Keir Starmer. Son homologue portugais Luis Montenegro a \u00e9voqu\u00e9 \u00ab\u00a0une journ\u00e9e triste pour le football, le sport national et international\u00a0\u00bb. Le Prince William s&rsquo;est dit \u00e0 son tour \u00ab\u00a0profond\u00e9ment attrist\u00e9\u00a0\u00bb.<\/p>\n<p>Diogo Jota avait rejoint Liverpool en 2020 contre 49 millions d&rsquo;euros, apr\u00e8s plusieurs saisons \u00e0 Wolverhampton, club qui \u00ab\u00a0a le coeur bris\u00e9\u00a0\u00bb, ont \u00e9crit les Wolves. Il a jou\u00e9 depuis un r\u00f4le central dans les succ\u00e8s engrang\u00e9s par les Reds, dont le titre de champion d&rsquo;Angleterre la saison derni\u00e8re.<\/p>\n<p>En cinq ann\u00e9es, l&rsquo;ailier ou avant-centre au profil polyvalent s&rsquo;\u00e9tait impos\u00e9 comme un titulaire r\u00e9gulier, un visage souriant au service du collectif dirig\u00e9 par J\u00fcrgen Klopp puis le N\u00e9erlandais Arne Slot.<\/p>\n","protected":false},"excerpt":{"rendered":"<p>L&rsquo;attaquant international portugais de Liverpool Diogo Jota, champion d&rsquo;Angleterre avec les Reds, et son fr\u00e8re Andr\u00e9 sont morts dans la nuit de mercredi \u00e0 jeudi dans un accident de la route en Espagne, un drame qui a suscit\u00e9 une vive \u00e9motion dans le milieu sportif et au-del\u00e0. Ag\u00e9 de 28 ans, l&rsquo;international portugais (48 s\u00e9lections, [&hellip;]<\/p>\n","protected":false},"author":1,"featured_media":13512,"comment_status":"open","ping_status":"closed","sticky":false,"template":"","format":"standard","meta":{"footnotes":""},"categories":[5],"tags":[3342,1253,3343,3341],"class_list":["post-13511","post","type-post","status-publish","format-standard","has-post-thumbnail","hentry","category-sport","tag-diogo-jota","tag-foot","tag-lattaquant-international-portugais","tag-liverpool"],"aioseo_notices":[],"_links":{"self":[{"href":"https:\/\/www.culturalusa.com\/news\/wp-json\/wp\/v2\/posts\/13511","targetHints":{"allow":["GET"]}}],"collection":[{"href":"https:\/\/www.culturalusa.com\/news\/wp-json\/wp\/v2\/posts"}],"about":[{"href":"https:\/\/www.culturalusa.com\/news\/wp-json\/wp\/v2\/types\/post"}],"author":[{"embeddable":true,"href":"https:\/\/www.culturalusa.com\/news\/wp-json\/wp\/v2\/users\/1"}],"replies":[{"embeddable":true,"href":"https:\/\/www.culturalusa.com\/news\/wp-json\/wp\/v2\/comments?post=13511"}],"version-history":[{"count":1,"href":"https:\/\/www.culturalusa.com\/news\/wp-json\/wp\/v2\/posts\/13511\/revisions"}],"predecessor-version":[{"id":13513,"href":"https:\/\/www.culturalusa.com\/news\/wp-json\/wp\/v2\/posts\/13511\/revisions\/13513"}],"wp:featuredmedia":[{"embeddable":true,"href":"https:\/\/www.culturalusa.com\/news\/wp-json\/wp\/v2\/media\/13512"}],"wp:attachment":[{"href":"https:\/\/www.culturalusa.com\/news\/wp-json\/wp\/v2\/media?parent=13511"}],"wp:term":[{"taxonomy":"category","embeddable":true,"href":"https:\/\/www.culturalusa.com\/news\/wp-json\/wp\/v2\/categories?post=13511"},{"taxonomy":"post_tag","embeddable":true,"href":"https:\/\/www.culturalusa.com\/news\/wp-json\/wp\/v2\/tags?post=13511"}],"curies":[{"name":"wp","href":"https:\/\/api.w.org\/{rel}","templated":true}]}}