{"id":13522,"date":"2025-07-06T19:06:40","date_gmt":"2025-07-06T17:06:40","guid":{"rendered":"https:\/\/www.culturalusa.com\/news\/?p=13522"},"modified":"2025-07-06T19:12:28","modified_gmt":"2025-07-06T17:12:28","slug":"tour-de-france-van-der-poel-renoue-avec-la-victoire-et-le-maillot-jaune","status":"publish","type":"post","link":"https:\/\/www.culturalusa.com\/news\/sport\/tour-de-france-van-der-poel-renoue-avec-la-victoire-et-le-maillot-jaune\/","title":{"rendered":"Tour de France: Van der Poel renoue avec la Victoire et le maillot jaune"},"content":{"rendered":"<h2>Quatre ans apr\u00e8s, Mathieu van der Poel a retrouv\u00e9 le maillot jaune du Tour de France dimanche \u00e0 Boulogne-sur-Mer apr\u00e8s avoir remport\u00e9 la deuxi\u00e8me \u00e9tape au terme d&rsquo;un sprint en c\u00f4te, devant Tadej Pogacar et Jonas Vingegaard.<\/h2>\n<blockquote><p>Le N\u00e9erlandais a d\u00e9croch\u00e9 la deuxi\u00e8me victoire en deux jours pour l&rsquo;\u00e9quipe Alpecin apr\u00e8s celle du sprinteur belge Jasper Philipsen la veille, \u00e0 qui il prend la tunique de leader.<\/p><\/blockquote>\n<p>C&rsquo;est la deuxi\u00e8me fois que Van der Poel, 30 ans, l\u00e8ve les bras sur le Tour de France apr\u00e8s son succ\u00e8s tr\u00e8s \u00e9mouvant il y a quatre ans \u00e0 M\u00fbr-de-Bretagne, qu&rsquo;il avait d\u00e9di\u00e9 \u00e0 son grand-p\u00e8re d\u00e9c\u00e9d\u00e9, l&rsquo;ancien champion fran\u00e7ais Raymond Poulidor.<\/p>\n<p>Signe du destin, le N\u00e9erlandais s&rsquo;\u00e9tait alors d\u00e9j\u00e0 par\u00e9 de jaune et c&rsquo;\u00e9tait d\u00e9j\u00e0 la deuxi\u00e8me \u00e9tape, gagn\u00e9e devant le m\u00eame Pogacar.<\/p>\n<p>Van der Poel, qui s&rsquo;est montr\u00e9 le plus fort au sein d&rsquo;un groupe d&rsquo;une vingtaine de coureurs, \u00e9tait tr\u00e8s bien entour\u00e9 sur le podium de l&rsquo;\u00e9tape avec Pogacar et la troisi\u00e8me Vingegaard, tr\u00e8s remuant encore dans les 30 derniers kilom\u00e8tres.<\/p>\n<p>\u00ab\u00a0Le final \u00e9tait plus compliqu\u00e9 que je ne le pensais, a comment\u00e9 le vainqueur. J&rsquo;\u00e9tais tr\u00e8s motiv\u00e9, \u00e7a faisait quatre ans que j&rsquo;attends \u00e7a et que je voulais cette deuxi\u00e8me victoire. Les gens me d\u00e9signaient comme le favori mais quand on regarde les coureurs qui \u00e9taient devant dans les mont\u00e9es&#8230; je suis tr\u00e8s content.\u00a0\u00bb<\/p>\n<p>Plusieurs Fran\u00e7ais se sont illustr\u00e9s dans les trois bosses du final, la c\u00f4te du Haut Pichot, de Saint-Etienne-au-Mont et d&rsquo;Outreau, \u00e0 commencer par Romain Gr\u00e9goire, quatri\u00e8me de l&rsquo;\u00e9tape juste devant Julian Alaphilippe, et Kevin Vauquelin, huiti\u00e8me.<\/p>\n<p>Gr\u00e9goire et surtout Vauquelin, qui regrettait le manque de collaboration de Matteo Jorgenson, sont pass\u00e9s \u00e0 l&rsquo;attaque \u00e0 plusieurs reprises, mais sans r\u00e9ussir \u00e0 d\u00e9crocher les leaders.<\/p>\n<p>Van der Poel, triple vainqueur de Paris-Roubaix et champion du monde en 2023, d\u00e9croche la 55e victoire de sa carri\u00e8re, confirmant qu&rsquo;il \u00e9tait quasi injouable dans ce type de final.<\/p>\n<p>Jasper Philipsen, vainqueur la veille \u00e0 Lille et premier porteur du maillot de leader, a franchi la ligne \u00e0 plus de 30 secondes.<\/p>\n","protected":false},"excerpt":{"rendered":"<p>Quatre ans apr\u00e8s, Mathieu van der Poel a retrouv\u00e9 le maillot jaune du Tour de France dimanche \u00e0 Boulogne-sur-Mer apr\u00e8s avoir remport\u00e9 la deuxi\u00e8me \u00e9tape au terme d&rsquo;un sprint en c\u00f4te, devant Tadej Pogacar et Jonas Vingegaard. Le N\u00e9erlandais a d\u00e9croch\u00e9 la deuxi\u00e8me victoire en deux jours pour l&rsquo;\u00e9quipe Alpecin apr\u00e8s celle du sprinteur belge [&hellip;]<\/p>\n","protected":false},"author":1,"featured_media":13523,"comment_status":"open","ping_status":"closed","sticky":false,"template":"","format":"standard","meta":{"footnotes":""},"categories":[5],"tags":[3349,3350,3351],"class_list":["post-13522","post","type-post","status-publish","format-standard","has-post-thumbnail","hentry","category-sport","tag-tour-de-france","tag-van-der-poel","tag-victoire-et-le-maillot-jaune"],"aioseo_notices":[],"_links":{"self":[{"href":"https:\/\/www.culturalusa.com\/news\/wp-json\/wp\/v2\/posts\/13522","targetHints":{"allow":["GET"]}}],"collection":[{"href":"https:\/\/www.culturalusa.com\/news\/wp-json\/wp\/v2\/posts"}],"about":[{"href":"https:\/\/www.culturalusa.com\/news\/wp-json\/wp\/v2\/types\/post"}],"author":[{"embeddable":true,"href":"https:\/\/www.culturalusa.com\/news\/wp-json\/wp\/v2\/users\/1"}],"replies":[{"embeddable":true,"href":"https:\/\/www.culturalusa.com\/news\/wp-json\/wp\/v2\/comments?post=13522"}],"version-history":[{"count":1,"href":"https:\/\/www.culturalusa.com\/news\/wp-json\/wp\/v2\/posts\/13522\/revisions"}],"predecessor-version":[{"id":13524,"href":"https:\/\/www.culturalusa.com\/news\/wp-json\/wp\/v2\/posts\/13522\/revisions\/13524"}],"wp:featuredmedia":[{"embeddable":true,"href":"https:\/\/www.culturalusa.com\/news\/wp-json\/wp\/v2\/media\/13523"}],"wp:attachment":[{"href":"https:\/\/www.culturalusa.com\/news\/wp-json\/wp\/v2\/media?parent=13522"}],"wp:term":[{"taxonomy":"category","embeddable":true,"href":"https:\/\/www.culturalusa.com\/news\/wp-json\/wp\/v2\/categories?post=13522"},{"taxonomy":"post_tag","embeddable":true,"href":"https:\/\/www.culturalusa.com\/news\/wp-json\/wp\/v2\/tags?post=13522"}],"curies":[{"name":"wp","href":"https:\/\/api.w.org\/{rel}","templated":true}]}}