{"id":13525,"date":"2025-07-07T18:54:47","date_gmt":"2025-07-07T16:54:47","guid":{"rendered":"https:\/\/www.culturalusa.com\/news\/?p=13525"},"modified":"2025-07-07T18:54:47","modified_gmt":"2025-07-07T16:54:47","slug":"du-jamais-vu-depuis-30-ans-le-taux-de-pauvrete-atteint-un-niveau-record-en-france","status":"publish","type":"post","link":"https:\/\/www.culturalusa.com\/news\/economie\/du-jamais-vu-depuis-30-ans-le-taux-de-pauvrete-atteint-un-niveau-record-en-france\/","title":{"rendered":"Du jamais vu depuis 30 ans : le taux de pauvret\u00e9 atteint un niveau record en France"},"content":{"rendered":"<h2>Du jamais vu depuis au moins trente ans: le taux de pauvret\u00e9 a battu un record en 2023 en France m\u00e9tropolitaine o\u00f9 les in\u00e9galit\u00e9s se creusent selon l&rsquo;Insee. Des chiffres loin d&rsquo;\u00eatre \u00ab\u00a0surprenants\u00a0\u00bb pour les associations, qui exhortent l&rsquo;Etat \u00e0 passer aux actes.<\/h2>\n<blockquote><p>Entre 2022 et 2023, le taux de pauvret\u00e9 a augment\u00e9 de 0,9 point, passant de 14,4% \u00e0 15,4%, pr\u00e9cise l&rsquo;Institut national de la statistique et des \u00e9tudes \u00e9conomiques dans son \u00e9tude annuelle parue lundi. Il s&rsquo;agit du taux le plus \u00e9lev\u00e9 depuis le lancement de l&rsquo;indicateur Insee en 1996.<\/p><\/blockquote>\n<p>Concr\u00e8tement, 9,8 millions de personnes se trouvaient en 2023 en situation de pauvret\u00e9 mon\u00e9taire, c&rsquo;est-\u00e0-dire qu&rsquo;elles disposaient de revenus mensuels inf\u00e9rieurs au seuil de pauvret\u00e9, fix\u00e9 \u00e0 60% du revenu m\u00e9dian, soit 1.288 euros pour une personne seule. En un an, 650.000 personnes ont bascul\u00e9 dans la pauvret\u00e9.<\/p>\n<p>\u00ab\u00a0C&rsquo;est un niveau in\u00e9gal\u00e9 depuis pr\u00e8s de 30 ans\u00a0\u00bb rel\u00e8ve aupr\u00e8s de l&rsquo;AFP Michel Du\u00e9e, chef du d\u00e9partement ressources et conditions de vie des m\u00e9nages \u00e0 l&rsquo;Insee. \u00ab\u00a0Si on veut remonter encore plus loin, il faut revenir au d\u00e9but des ann\u00e9es 1970 pour avoir des niveaux de pauvret\u00e9 \u00e0 peu pr\u00e8s comparables\u00a0\u00bb.<\/p>\n<p>\u00ab\u00a0Cette hausse s&rsquo;explique par l&rsquo;arr\u00eat des aides exceptionnelles, notamment l&rsquo;indemnit\u00e9 inflation et la prime exceptionnelle de rentr\u00e9e, qui avaient \u00e9t\u00e9 mises en place en 2022 pour soutenir le pouvoir d&rsquo;achat\u00a0\u00bb, ajoute-t-il. \u00ab\u00a0L&rsquo;autre \u00e9l\u00e9ment d&rsquo;explication, c&rsquo;est la hausse, parmi les non-salari\u00e9s, de la part des micro-entrepreneurs dont les revenus sont faibles\u00a0\u00bb.<\/p>\n<p>Les in\u00e9galit\u00e9s des niveaux de vie ont \u00e9galement \u00ab\u00a0fortement\u00a0\u00bb augment\u00e9 en 2023, cons\u00e9quence de la baisse du niveau de vie des plus modestes concomitante \u00e0 la hausse de celui des plus ais\u00e9s.<\/p>\n<p>\u00ab\u00a0Les in\u00e9galit\u00e9s atteignent des niveaux parmi les plus \u00e9lev\u00e9s depuis 30 ans\u00a0\u00bb, note Michel Du\u00e9e. \u00ab\u00a0Le niveau de vie des plus modestes a augment\u00e9 moins rapidement que l&rsquo;inflation tandis que le niveau de vie des plus ais\u00e9s a \u00e9t\u00e9 dynamique, notamment gr\u00e2ce \u00e0 la bonne situation sur le march\u00e9 du travail et au rendement des produits financiers\u00a0\u00bb.<\/p>\n<p>Le profil des personnes pauvres reste quant \u00e0 lui globalement inchang\u00e9, avec une forte repr\u00e9sentation des familles monoparentales &#8211; dont le taux de pauvret\u00e9 augmente de 2,9 points &#8211; et des personnes au ch\u00f4mage, en hausse de 0,8 point.<\/p>\n<p>Autre enseignement de l&rsquo;\u00e9tude de l&rsquo;Insee, une hausse de la pauvret\u00e9 moins marqu\u00e9e chez les retrait\u00e9s (11,1%, +0,3 point contre +0,9 point pour l\u2019ensemble de la population), sous l&rsquo;effet notamment de la revalorisation du minimum contribution pr\u00e9vue dans le cadre de la r\u00e9forme des retraites.<\/p>\n<h3><span style=\"color: #000080;\">Inaction Politique<\/span><\/h3>\n<p>Contact\u00e9e par l&rsquo;AFP, la Fondation pour le logement des d\u00e9favoris\u00e9s (ex-Fondation Abb\u00e9 Pierre) \u00e9voque des chiffres \u00ab\u00a0alarmants\u00a0\u00bb mais \u00ab\u00a0loin d&rsquo;\u00eatre \u00e9tonnants\u00a0\u00bb au vu de la situation sur le terrain et de la fin des mesures en faveur du pouvoir d&rsquo;achat.<\/p>\n<p>\u00ab\u00a0<span style=\"color: #000080;\"><strong>Les coupures d&rsquo;\u00e9lectricit\u00e9 et de gaz pour impay\u00e9s explosent<\/strong><\/span>, le nombre de personnes qui disent avoir froid chez eux a presque doubl\u00e9 et on voit une mont\u00e9e tr\u00e8s forte des expulsions locatives\u00a0\u00bb, souligne Manuel Domergue, directeur des \u00e9tudes de la Fondation.<\/p>\n<h2>\u00ab\u00a0On est sur une dynamique qui est tr\u00e8s inqui\u00e9tante de l&rsquo;action politique ou plut\u00f4t de l&rsquo;inaction politique\u00a0\u00bb, ajoute-t-il. \u00ab\u00a0L&rsquo;heure n&rsquo;est plus aux mesures ponctuelles, il faut des mesures structurelles\u00a0\u00bb.<\/h2>\n<p>\u00ab\u00a0Nous avons rencontr\u00e9 le Premier ministre Fran\u00e7ois Bayrou la semaine derni\u00e8re, il a \u00e9voqu\u00e9 un objectif de r\u00e9duction de la pauvret\u00e9 \u00e0 10 ans. En soi c&rsquo;est une bonne chose mais avec quels moyens ?\u00a0\u00bb, s&rsquo;interroge de son c\u00f4t\u00e9 Delphine Rouilleault, pr\u00e9sidente du collectif Alerte qui r\u00e9unit 37 associations de lutte contre la pauvret\u00e9.<\/p>\n<p>\u00ab\u00a0Derri\u00e8re les paroles d&rsquo;humanit\u00e9 et l&rsquo;affichage d&rsquo;un soutien au secteur associatif on attend du gouvernement des mesures ambitieuses et une prise de conscience\u00a0\u00bb, ajoute-t-elle. \u00ab\u00a0On entend des rumeurs sur l&rsquo;id\u00e9e d&rsquo;une ann\u00e9e blanche de non-revalorisation des prestations sociales: ce serait inadmissible vu le contexte\u00a0\u00bb.<\/p>\n<p>L&rsquo;\u00e9tude annuelle de l&rsquo;Insee sur la pauvret\u00e9 ne comprend pas les habitants des d\u00e9partements d&rsquo;outre-mer, les personnes sans abri et les personnes vivant en institution. La derni\u00e8re enqu\u00eate men\u00e9e sur la totalit\u00e9 de la population fran\u00e7aise avait estim\u00e9 \u00e0 11,2 millions le nombre de personnes en situation de pauvret\u00e9 en 2021. (AFP)<\/p>\n","protected":false},"excerpt":{"rendered":"<p>Du jamais vu depuis au moins trente ans: le taux de pauvret\u00e9 a battu un record en 2023 en France m\u00e9tropolitaine o\u00f9 les in\u00e9galit\u00e9s se creusent selon l&rsquo;Insee. Des chiffres loin d&rsquo;\u00eatre \u00ab\u00a0surprenants\u00a0\u00bb pour les associations, qui exhortent l&rsquo;Etat \u00e0 passer aux actes. Entre 2022 et 2023, le taux de pauvret\u00e9 a augment\u00e9 de 0,9 [&hellip;]<\/p>\n","protected":false},"author":1,"featured_media":13526,"comment_status":"open","ping_status":"closed","sticky":false,"template":"","format":"standard","meta":{"footnotes":""},"categories":[1],"tags":[3355,1293,3354,3352,3353],"class_list":["post-13525","post","type-post","status-publish","format-standard","has-post-thumbnail","hentry","category-economie","tag-electricite-et-de-gaz-pour-impayes","tag-france","tag-inaction-politique","tag-le-taux-de-pauvrete","tag-taux-de-pauvrete"],"aioseo_notices":[],"_links":{"self":[{"href":"https:\/\/www.culturalusa.com\/news\/wp-json\/wp\/v2\/posts\/13525","targetHints":{"allow":["GET"]}}],"collection":[{"href":"https:\/\/www.culturalusa.com\/news\/wp-json\/wp\/v2\/posts"}],"about":[{"href":"https:\/\/www.culturalusa.com\/news\/wp-json\/wp\/v2\/types\/post"}],"author":[{"embeddable":true,"href":"https:\/\/www.culturalusa.com\/news\/wp-json\/wp\/v2\/users\/1"}],"replies":[{"embeddable":true,"href":"https:\/\/www.culturalusa.com\/news\/wp-json\/wp\/v2\/comments?post=13525"}],"version-history":[{"count":1,"href":"https:\/\/www.culturalusa.com\/news\/wp-json\/wp\/v2\/posts\/13525\/revisions"}],"predecessor-version":[{"id":13527,"href":"https:\/\/www.culturalusa.com\/news\/wp-json\/wp\/v2\/posts\/13525\/revisions\/13527"}],"wp:featuredmedia":[{"embeddable":true,"href":"https:\/\/www.culturalusa.com\/news\/wp-json\/wp\/v2\/media\/13526"}],"wp:attachment":[{"href":"https:\/\/www.culturalusa.com\/news\/wp-json\/wp\/v2\/media?parent=13525"}],"wp:term":[{"taxonomy":"category","embeddable":true,"href":"https:\/\/www.culturalusa.com\/news\/wp-json\/wp\/v2\/categories?post=13525"},{"taxonomy":"post_tag","embeddable":true,"href":"https:\/\/www.culturalusa.com\/news\/wp-json\/wp\/v2\/tags?post=13525"}],"curies":[{"name":"wp","href":"https:\/\/api.w.org\/{rel}","templated":true}]}}