{"id":13546,"date":"2025-07-07T19:48:35","date_gmt":"2025-07-07T17:48:35","guid":{"rendered":"https:\/\/www.culturalusa.com\/news\/?p=13546"},"modified":"2025-07-07T19:48:35","modified_gmt":"2025-07-07T17:48:35","slug":"tour-de-france-tim-merlier-gagne-une-troisieme-etape-marquee-par-les-chutes","status":"publish","type":"post","link":"https:\/\/www.culturalusa.com\/news\/sport\/tour-de-france-tim-merlier-gagne-une-troisieme-etape-marquee-par-les-chutes\/","title":{"rendered":"Tour de France: Tim Merlier gagne une troisi\u00e8me \u00e9tape marqu\u00e9e par les chutes"},"content":{"rendered":"<h2>Le Belge Tim Merlier a remport\u00e9 au sprint la troisi\u00e8me \u00e9tape du Tour de France, lundi \u00e0 Dunkerque, apr\u00e8s une journ\u00e9e marqu\u00e9e par plusieurs chutes et l&rsquo;abandon du maillot vert Jasper Philipsen.<\/h2>\n<blockquote><p>Le sprinteur de Soudal Quick-Step s&rsquo;est impos\u00e9 \u00e0 la photo finish devant l&rsquo;Italien Jonathan Milan et l&rsquo;Allemand Phil Bauhaus. Le N\u00e9erlandais Mathieu van der Poel conserve le maillot jaune.<\/p><\/blockquote>\n<p>C&rsquo;est, apr\u00e8s 2021, la deuxi\u00e8me victoire sur le Tour pour Merlier, 31 ans. \u00ab\u00a0Ca a vraiment \u00e9t\u00e9 une grosse bataille. J&rsquo;ai d\u00fb revenir dans les deux derniers kilom\u00e8tres, j&rsquo;ai pris beaucoup de vent\u00a0\u00bb, a d\u00e9clar\u00e9 le Belge, qui a d\u00fb se d\u00e9brouiller seul dans le final pour d\u00e9crocher sa onzi\u00e8me victoire de la saison.<\/p>\n<p>Seul Tadej Pogacar a gagn\u00e9 plus cette ann\u00e9e.<\/p>\n<p>L&rsquo;\u00e9tape, d&rsquo;abord tr\u00e8s calme au point qu&rsquo;aucun Prix de la combativit\u00e9 n&rsquo;a \u00e9t\u00e9 d\u00e9cern\u00e9 -une exception-, a ensuite \u00e9t\u00e9 marqu\u00e9e par une succession de chutes souvent tr\u00e8s spectaculaires.<\/p>\n<p>La plus lourde est intervenue \u00e0 60 km de l&rsquo;arriv\u00e9e, \u00e0 l&rsquo;approche du sprint interm\u00e9diaire, et a conduit \u00e0 l&rsquo;abandon du sprinteur belge Jasper Philipsen, porteur du maillot vert.<\/p>\n<p>Le coureur d&rsquo;Alpecin, premier maillot jaune de cette 112e \u00e9dition apr\u00e8s avoir gagn\u00e9 la premi\u00e8re \u00e9tape \u00e0 Lille, a violemment tap\u00e9 le sol apr\u00e8s un \u00e9cart du Fran\u00e7ais Bryan Coquard, lui-m\u00eame d\u00e9s\u00e9quilibr\u00e9 par le Belge Laurenz Rex.<\/p>\n<p>Il a \u00e9t\u00e9 pris en charge par le service m\u00e9dical sur le c\u00f4t\u00e9 de la route avec le haut du maillot compl\u00e8tement arrach\u00e9 et les \u00e9paules rap\u00e9es. Son \u00e9tat de sant\u00e9 pr\u00e9cis n&rsquo;\u00e9tait pas connu dans l&rsquo;imm\u00e9diat.<\/p>\n<p>Les derniers kilom\u00e8tres ont \u00e9t\u00e9 marqu\u00e9s par de nouvelles grosses chutes. C&rsquo;est d&rsquo;abord le sprinteur belge Jordi Meeus qui est all\u00e9 au tapis, en compagnie de Remco Evenepoel, un des favoris pour le podium, qui n&rsquo;a pas sembl\u00e9 avoir \u00e9t\u00e9 touch\u00e9 gravement.<\/p>\n<p>Puis, dans les derniers m\u00e8tres, les Fran\u00e7ais Paul Penho\u00ebt et Bryan Coquard ont \u00e9t\u00e9 pris \u00e0 leur tour dans une violente cabriole, avec le Belge Arnaud de Lie.<\/p>\n<p>\u00ab\u00a0On a couru en enfer aujourd&rsquo;hui. Je suis heureux d&rsquo;avoir termin\u00e9 en bonne sant\u00e9. Je suis d\u00e9sol\u00e9 pour tous les gars qui sont tomb\u00e9s, surtout pour Jasper. Ca allait tellement vite, \u00e0 un moment, j&rsquo;\u00e9tais pr\u00e8s de mettre pied \u00e0 terre. C&rsquo;\u00e9tait super dur\u00a0\u00bb, a d\u00e9clar\u00e9 le sprinteur \u00e9rythr\u00e9en Biniam Girmay, 6e \u00e0 l&rsquo;arriv\u00e9e.<\/p>\n","protected":false},"excerpt":{"rendered":"<p>Le Belge Tim Merlier a remport\u00e9 au sprint la troisi\u00e8me \u00e9tape du Tour de France, lundi \u00e0 Dunkerque, apr\u00e8s une journ\u00e9e marqu\u00e9e par plusieurs chutes et l&rsquo;abandon du maillot vert Jasper Philipsen. Le sprinteur de Soudal Quick-Step s&rsquo;est impos\u00e9 \u00e0 la photo finish devant l&rsquo;Italien Jonathan Milan et l&rsquo;Allemand Phil Bauhaus. Le N\u00e9erlandais Mathieu van [&hellip;]<\/p>\n","protected":false},"author":1,"featured_media":13547,"comment_status":"open","ping_status":"closed","sticky":false,"template":"","format":"standard","meta":{"footnotes":""},"categories":[5],"tags":[3358,3349],"class_list":["post-13546","post","type-post","status-publish","format-standard","has-post-thumbnail","hentry","category-sport","tag-le-belge-tim-merlier","tag-tour-de-france"],"aioseo_notices":[],"_links":{"self":[{"href":"https:\/\/www.culturalusa.com\/news\/wp-json\/wp\/v2\/posts\/13546","targetHints":{"allow":["GET"]}}],"collection":[{"href":"https:\/\/www.culturalusa.com\/news\/wp-json\/wp\/v2\/posts"}],"about":[{"href":"https:\/\/www.culturalusa.com\/news\/wp-json\/wp\/v2\/types\/post"}],"author":[{"embeddable":true,"href":"https:\/\/www.culturalusa.com\/news\/wp-json\/wp\/v2\/users\/1"}],"replies":[{"embeddable":true,"href":"https:\/\/www.culturalusa.com\/news\/wp-json\/wp\/v2\/comments?post=13546"}],"version-history":[{"count":1,"href":"https:\/\/www.culturalusa.com\/news\/wp-json\/wp\/v2\/posts\/13546\/revisions"}],"predecessor-version":[{"id":13548,"href":"https:\/\/www.culturalusa.com\/news\/wp-json\/wp\/v2\/posts\/13546\/revisions\/13548"}],"wp:featuredmedia":[{"embeddable":true,"href":"https:\/\/www.culturalusa.com\/news\/wp-json\/wp\/v2\/media\/13547"}],"wp:attachment":[{"href":"https:\/\/www.culturalusa.com\/news\/wp-json\/wp\/v2\/media?parent=13546"}],"wp:term":[{"taxonomy":"category","embeddable":true,"href":"https:\/\/www.culturalusa.com\/news\/wp-json\/wp\/v2\/categories?post=13546"},{"taxonomy":"post_tag","embeddable":true,"href":"https:\/\/www.culturalusa.com\/news\/wp-json\/wp\/v2\/tags?post=13546"}],"curies":[{"name":"wp","href":"https:\/\/api.w.org\/{rel}","templated":true}]}}