{"id":13562,"date":"2025-07-11T17:37:05","date_gmt":"2025-07-11T15:37:05","guid":{"rendered":"https:\/\/www.culturalusa.com\/news\/?p=13562"},"modified":"2025-07-11T17:37:05","modified_gmt":"2025-07-11T15:37:05","slug":"tour-de-france-2025-tadej-pogacar-simpose-a-mur-de-bretagne-et-retrouve-la-tunique-jaune","status":"publish","type":"post","link":"https:\/\/www.culturalusa.com\/news\/sport\/tour-de-france-2025-tadej-pogacar-simpose-a-mur-de-bretagne-et-retrouve-la-tunique-jaune\/","title":{"rendered":"Tour de France 2025: Tadej Pogacar s&rsquo;impose \u00e0 M\u00fbr-de-Bretagne et retrouve la tunique jaune"},"content":{"rendered":"<h2>D\u00e9j\u00e0 vainqueur, Tadej Pogacar a remport\u00e9 la 7e \u00e9tape du Tour de France vendredi 11 juillet, reprenant la t\u00eate du classement g\u00e9n\u00e9ral gr\u00e2ce \u00e0 une attaque embl\u00e9matique sur la courte et raide pente du Mur-de-Bretagne.<\/h2>\n<blockquote><p>Jonas Vingegaard (Visma) a termin\u00e9 deuxi\u00e8me \u00e0 l&rsquo;arriv\u00e9e, suivi du Britannique Oscar Onley, tandis qu&rsquo;une chute en fin de course a g\u00e2ch\u00e9 le final.<\/p><\/blockquote>\n<p>Au classement g\u00e9n\u00e9ral, le triple vainqueur de l&rsquo;\u00e9preuve devance le Belge Remco Evenepoel de 54 secondes et le Fran\u00e7ais K\u00e9vin Vauquelin d&rsquo;une minute 11 secondes. Vingegaard est 4e \u00e0 1 minutes 17 secondes.<\/p>\n<h3>Vendredi, Tadej Pogacar a remport\u00e9 l\u2019\u00e9tape de 197 kilom\u00e8tres entre Saint-Malo et M\u00fbr-de-Bretagne (Guerl\u00e9dan), devant Jonas Vingegaard et Oscar Onley. Le Slov\u00e8ne reprend le Maillot Jaune \u00e0 Mathieu Van der Poel<\/h3>\n<p>Vendredi, M\u00fbr-de-Bretagne a permis d\u2019en savoir un peu plus sur les forces en pr\u00e9sence dans ce Tour de France 2025. Pour cette \u00e9tape au d\u00e9part de Saint-Malo, les yeux \u00e9taient riv\u00e9s sur le duel entre Mathieu van der Poel et Tadej Pogacar. Et c\u2019est le Slov\u00e8ne qui s\u2019est montr\u00e9 le plus fort, en s\u2019imposant sur le sprint final, apr\u00e8s avoir fait craquer les autres favoris de l&rsquo;\u00e9dition.<\/p>\n<p>Tadej Pogacar (UAE Team Emirates) devance Jonas Vingegaard (Visma Lease a Bike) et Oscar Onley (Picnic PostNL). C\u2019est la deuxi\u00e8me victoire du tenant du titre sur ce Tour de France, bien emmen\u00e9 dans les derniers m\u00e8tres par son co\u00e9quipier Jhonatan Narv\u00e1ez. Il r\u00e9cup\u00e8re le Maillot Jaune et prend 54 secondes d&rsquo;avance sur le 2e du classement g\u00e9n\u00e9ral, Remco Evenepoel (Soudal &#8211; Quick Step).<\/p>\n<h3>Pogacar foudroie Van der Poel<\/h3>\n<p>5e au classement g\u00e9n\u00e9ral et 22e de l&rsquo;\u00e9tape du jour, le N\u00e9erlandais a perdu des points dans la course au Tour de France. D\u00e9sormais rel\u00e9gu\u00e9 \u00e0 1&rsquo;29\u00a0\u00bb secondes du Slov\u00e8ne, il devra combler son retard dans les prochaines \u00e9tapes. Vendredi, il n&rsquo;a tout simplement pas exist\u00e9 dans la derni\u00e8re ascension de M\u00fbr-de-Bretagne, apr\u00e8s avoir souffert dans la premi\u00e8re.<\/p>\n<p>Vainqueur jeudi, Van der Poel paie le prix de ses efforts. La bonne nouvelle du jour concerne le Fran\u00e7ais K\u00e9vin Vauquelin (Ark\u00e9a &#8211; B&amp;B Hotels), d\u00e9sormais 3e du classement g\u00e9n\u00e9ral, \u00e0 1&rsquo;11\u00a0\u00bb du leader.<\/p>\n","protected":false},"excerpt":{"rendered":"<p>D\u00e9j\u00e0 vainqueur, Tadej Pogacar a remport\u00e9 la 7e \u00e9tape du Tour de France vendredi 11 juillet, reprenant la t\u00eate du classement g\u00e9n\u00e9ral gr\u00e2ce \u00e0 une attaque embl\u00e9matique sur la courte et raide pente du Mur-de-Bretagne. Jonas Vingegaard (Visma) a termin\u00e9 deuxi\u00e8me \u00e0 l&rsquo;arriv\u00e9e, suivi du Britannique Oscar Onley, tandis qu&rsquo;une chute en fin de course [&hellip;]<\/p>\n","protected":false},"author":1,"featured_media":13563,"comment_status":"open","ping_status":"closed","sticky":false,"template":"","format":"standard","meta":{"footnotes":""},"categories":[5],"tags":[3369,3362],"class_list":["post-13562","post","type-post","status-publish","format-standard","has-post-thumbnail","hentry","category-sport","tag-pogacar-foudroie-van-der-poel","tag-tour-de-france-2025"],"aioseo_notices":[],"_links":{"self":[{"href":"https:\/\/www.culturalusa.com\/news\/wp-json\/wp\/v2\/posts\/13562","targetHints":{"allow":["GET"]}}],"collection":[{"href":"https:\/\/www.culturalusa.com\/news\/wp-json\/wp\/v2\/posts"}],"about":[{"href":"https:\/\/www.culturalusa.com\/news\/wp-json\/wp\/v2\/types\/post"}],"author":[{"embeddable":true,"href":"https:\/\/www.culturalusa.com\/news\/wp-json\/wp\/v2\/users\/1"}],"replies":[{"embeddable":true,"href":"https:\/\/www.culturalusa.com\/news\/wp-json\/wp\/v2\/comments?post=13562"}],"version-history":[{"count":1,"href":"https:\/\/www.culturalusa.com\/news\/wp-json\/wp\/v2\/posts\/13562\/revisions"}],"predecessor-version":[{"id":13564,"href":"https:\/\/www.culturalusa.com\/news\/wp-json\/wp\/v2\/posts\/13562\/revisions\/13564"}],"wp:featuredmedia":[{"embeddable":true,"href":"https:\/\/www.culturalusa.com\/news\/wp-json\/wp\/v2\/media\/13563"}],"wp:attachment":[{"href":"https:\/\/www.culturalusa.com\/news\/wp-json\/wp\/v2\/media?parent=13562"}],"wp:term":[{"taxonomy":"category","embeddable":true,"href":"https:\/\/www.culturalusa.com\/news\/wp-json\/wp\/v2\/categories?post=13562"},{"taxonomy":"post_tag","embeddable":true,"href":"https:\/\/www.culturalusa.com\/news\/wp-json\/wp\/v2\/tags?post=13562"}],"curies":[{"name":"wp","href":"https:\/\/api.w.org\/{rel}","templated":true}]}}