{"id":13566,"date":"2025-07-12T18:59:24","date_gmt":"2025-07-12T16:59:24","guid":{"rendered":"https:\/\/www.culturalusa.com\/news\/?p=13566"},"modified":"2025-07-12T18:59:24","modified_gmt":"2025-07-12T16:59:24","slug":"tour-de-france-jonathan-milan-libere-litalie-a-laval","status":"publish","type":"post","link":"https:\/\/www.culturalusa.com\/news\/sport\/tour-de-france-jonathan-milan-libere-litalie-a-laval\/","title":{"rendered":"Tour de France: Jonathan Milan lib\u00e8re l&rsquo;Italie \u00e0 Laval"},"content":{"rendered":"<h2>Jonathan Milan a apport\u00e9 samedi \u00e0 l&rsquo;Italie sa premi\u00e8re victoire depuis six ans au Tour de France, en s&rsquo;imposant \u00e0 Laval au terme d&rsquo;une huiti\u00e8me \u00e9tape qui s&rsquo;est comme pr\u00e9vue jou\u00e9e au sprint, Tadej Pogacar conservant sans souci son maillot jaune.<\/h2>\n<blockquote><p>Milan, 24 ans, d\u00e9croche par la m\u00eame sa premi\u00e8re \u00e9tape dans la Grande Boucle, \u00e0 l&rsquo;issue d&rsquo;une journ\u00e9e tranquille. Le colosse de l&rsquo;\u00e9quipe Lidl-Trek (1,96 m) s&rsquo;est impos\u00e9 tout en puissance devant le Belge Wout Van Aert et l&rsquo;Australien Kaden Groves au bout d&rsquo;un long faux-plat montant.<\/p><\/blockquote>\n<p>Son principal rival Tim Merlier, qui a connu un probl\u00e8me m\u00e9canique \u00e0 une dizaine de kilom\u00e8tres de l&rsquo;arriv\u00e9e, n&rsquo;a pas particip\u00e9 au sprint.<\/p>\n<p>C&rsquo;est une lib\u00e9ration pour Milan qui, pour son premier Tour de France, \u00e9tait soumis \u00e0 une pression intense apr\u00e8s avoir \u00e9t\u00e9 pr\u00e9f\u00e9r\u00e9 par son \u00e9quipe au Danois Mads Pedersen, un des poids lourds du peloton.<\/p>\n<p>Vainqueur de quatre \u00e9tapes sur le Giro ces deux derni\u00e8res ann\u00e9es, il avait v\u00e9cu une d\u00e9ception lors de la premi\u00e8re \u00e9tape \u00e0 Lille lorsque, pi\u00e9g\u00e9 dans une bordure, il n&rsquo;avait pas pu se m\u00ealer au sprint et \u00e0 la lutte pour le premier maillot jaune.<\/p>\n<p>C&rsquo;est aussi un soulagement pour son pays qui n&rsquo;avait plus connu de vainqueur dans le Tour de France depuis Vincenzo Nibali lors de la 20e \u00e9tape en 2019.<\/p>\n<p>\u00ab\u00a0Je pense que je ne r\u00e9alise pas encore. J&rsquo;\u00e9tais venu avec beaucoup d&rsquo;espoirs et de r\u00eaves mais concr\u00e9tiser c&rsquo;est autre chose. Cela signifie beaucoup pour moi et mon pays\u00a0\u00bb, a-t-il dit.<\/p>\n<p>Milan fait aussi une bonne affaire pour le classement du maillot vert, qu&rsquo;il esp\u00e8re \u00ab\u00a0ramener \u00e0 Paris\u00a0\u00bb, alors que la neuvi\u00e8me \u00e9tape samedi entre Chinon et Ch\u00e2teauroux est encore promise aux sprinteurs.<\/p>\n<p>Apr\u00e8s un d\u00e9but de Tour intense, le peloton avait d\u00e9cid\u00e9 de souffler samedi et l&rsquo;\u00e9tape, couru dans la chaleur, a \u00e9t\u00e9 tr\u00e8s paisible, le temps aussi pour plusieurs coureurs impliqu\u00e9s dans une lourde chute la veille de panser leurs plaies, comme Joao Almeida et Santiago Buitrago.<\/p>\n<p>Deux Fran\u00e7ais, Matt\u00e9o Vercher et Mathieu Burgaudeau, ont voulu d\u00e9jouer le sc\u00e9nario \u00e9crit \u00e0 l&rsquo;avance d&rsquo;un sprint massif en attaquant \u00e0 80 km de l&rsquo;arriv\u00e9e.<\/p>\n<p>Les deux co\u00e9quipiers de TotalEnergies ont ouvert la route devant une foule \u00e9norme, encore, comptant encore plus d&rsquo;une minute d&rsquo;avance \u00e0 vingt kilom\u00e8tres de l&rsquo;arriv\u00e9e, avant d&rsquo;\u00eatre repris.<\/p>\n<p>En r\u00e9compense de leur belle \u00e9chapp\u00e9e en \u00e9quipe, le prix de la combativit\u00e9 leur a \u00e9t\u00e9 exceptionnellement d\u00e9cern\u00e9 \u00e0 tous les deux, comme cela avait d\u00e9j\u00e0 \u00e9t\u00e9 le cas en 2016 \u00e0 Berne, o\u00f9 Julian Alaphilippe et Tony Martin avaient partag\u00e9 les honneurs du podium.<\/p>\n","protected":false},"excerpt":{"rendered":"<p>Jonathan Milan a apport\u00e9 samedi \u00e0 l&rsquo;Italie sa premi\u00e8re victoire depuis six ans au Tour de France, en s&rsquo;imposant \u00e0 Laval au terme d&rsquo;une huiti\u00e8me \u00e9tape qui s&rsquo;est comme pr\u00e9vue jou\u00e9e au sprint, Tadej Pogacar conservant sans souci son maillot jaune. Milan, 24 ans, d\u00e9croche par la m\u00eame sa premi\u00e8re \u00e9tape dans la Grande Boucle, [&hellip;]<\/p>\n","protected":false},"author":1,"featured_media":13567,"comment_status":"open","ping_status":"closed","sticky":false,"template":"","format":"standard","meta":{"footnotes":""},"categories":[5],"tags":[3370,3362],"class_list":["post-13566","post","type-post","status-publish","format-standard","has-post-thumbnail","hentry","category-sport","tag-jonathan-milan-libere-litalie","tag-tour-de-france-2025"],"aioseo_notices":[],"_links":{"self":[{"href":"https:\/\/www.culturalusa.com\/news\/wp-json\/wp\/v2\/posts\/13566","targetHints":{"allow":["GET"]}}],"collection":[{"href":"https:\/\/www.culturalusa.com\/news\/wp-json\/wp\/v2\/posts"}],"about":[{"href":"https:\/\/www.culturalusa.com\/news\/wp-json\/wp\/v2\/types\/post"}],"author":[{"embeddable":true,"href":"https:\/\/www.culturalusa.com\/news\/wp-json\/wp\/v2\/users\/1"}],"replies":[{"embeddable":true,"href":"https:\/\/www.culturalusa.com\/news\/wp-json\/wp\/v2\/comments?post=13566"}],"version-history":[{"count":1,"href":"https:\/\/www.culturalusa.com\/news\/wp-json\/wp\/v2\/posts\/13566\/revisions"}],"predecessor-version":[{"id":13568,"href":"https:\/\/www.culturalusa.com\/news\/wp-json\/wp\/v2\/posts\/13566\/revisions\/13568"}],"wp:featuredmedia":[{"embeddable":true,"href":"https:\/\/www.culturalusa.com\/news\/wp-json\/wp\/v2\/media\/13567"}],"wp:attachment":[{"href":"https:\/\/www.culturalusa.com\/news\/wp-json\/wp\/v2\/media?parent=13566"}],"wp:term":[{"taxonomy":"category","embeddable":true,"href":"https:\/\/www.culturalusa.com\/news\/wp-json\/wp\/v2\/categories?post=13566"},{"taxonomy":"post_tag","embeddable":true,"href":"https:\/\/www.culturalusa.com\/news\/wp-json\/wp\/v2\/tags?post=13566"}],"curies":[{"name":"wp","href":"https:\/\/api.w.org\/{rel}","templated":true}]}}