{"id":13642,"date":"2025-08-08T20:38:14","date_gmt":"2025-08-08T18:38:14","guid":{"rendered":"https:\/\/www.culturalusa.com\/news\/?p=13642"},"modified":"2025-08-08T20:38:14","modified_gmt":"2025-08-08T18:38:14","slug":"vague-de-chaleur-debute-en-france-jusqua-41c-attendus-ce-week-end","status":"publish","type":"post","link":"https:\/\/www.culturalusa.com\/news\/technologie\/vague-de-chaleur-debute-en-france-jusqua-41c-attendus-ce-week-end\/","title":{"rendered":"Vague de chaleur d\u00e9bute en France, jusqu&rsquo;\u00e0 41\u00b0C attendus ce week-end"},"content":{"rendered":"<h2>Une nouvelle vague de chaleur estivale \u00e9touffante a d\u00e9but\u00e9 vendredi et va s&rsquo;\u00e9tendre samedi avec 28 d\u00e9partements du sud de la France d\u00e9sormais plac\u00e9s en vigilance orange \u00ab\u00a0canicule\u00a0\u00bb, et jusqu&rsquo;\u00e0 41\u00b0C attendus localement.<\/h2>\n<blockquote><p>Le pic de chaleur est attendu en d\u00e9but de semaine prochaine sur une large partie du pays, apr\u00e8s un week-end marqu\u00e9 par des temp\u00e9ratures comprises entre 34\u00b0C et 40\u00b0C dans le sud, pouvant atteindre les 41\u00b0C du pied des C\u00e9vennes \u00e0 la basse vall\u00e9e du Rh\u00f4ne, selon M\u00e9t\u00e9o-France.<\/p><\/blockquote>\n<h3>\u00ab\u00a0Les tr\u00e8s fortes temp\u00e9ratures devraient s&rsquo;intensifier en d\u00e9but de semaine prochaine\u00a0\u00bb, avec les journ\u00e9es les plus chaudes pr\u00e9vues lundi et mardi, avant de se maintenir au moins jusqu&rsquo;en seconde partie de semaine, pr\u00e9cise vendredi le service m\u00e9t\u00e9orologique.<\/h3>\n<p>Depuis midi vendredi, M\u00e9t\u00e9o-France a plac\u00e9 en vigilance orange \u00e0 la canicule le Rh\u00f4ne, la Loire, l&rsquo;Is\u00e8re, la Dr\u00f4me, l&rsquo;Ard\u00e8che, les Hautes-Pyr\u00e9n\u00e9es, la Haute-Garonne, le Tarn, le Tarn-et-Garonne, ainsi que l&rsquo;Aveyron et le Lot.<\/p>\n<p>L&rsquo;organisme m\u00e9t\u00e9o a d\u00e9j\u00e0 relev\u00e9 dans l&rsquo;apr\u00e8s-midi des temp\u00e9ratures maximales de 39,5\u00b0C \u00e0 Saint-C\u00f4me-d\u2019Olt (Aveyron), 39,1\u00b0C \u00e0 Tiranges (Haute-Loire), 38,9\u00b0C \u00e0 B\u00e9lis (Landes), ou encore 38,3\u00b0C \u00e0 Bretenoux (Lot).<\/p>\n<p>A partir de samedi midi, la vigilance s&rsquo;\u00e9tendra \u00e0 la Dordogne, l&rsquo;Aude, le Puy-de-D\u00f4me, l&rsquo;Ain, la Savoie, la Haute-Savoie, l&rsquo;Allier, les Alpes-de-Haute-Provence, les Hautes-Alpes, l&rsquo;Ari\u00e8ge, le Cantal, la Charente, la Corr\u00e8ze, le Gers, la Haute-Loire, le Lot-et-Garonne et la Loz\u00e8re.<\/p>\n<p>La journ\u00e9e de lundi pourrait ainsi \u00eatre \u00ab\u00a0la plus chaude \u00e0 l\u2019\u00e9chelle nationale. La vague de chaleur devrait se poursuivre jusqu\u2019en seconde partie de semaine prochaine sur le Sud-Est\u00a0\u00bb. Apr\u00e8s une premi\u00e8re vague de chaleur du 19 juin au 4 juillet, cet \u00e9pisode constitue la 51e vague de chaleur enregistr\u00e9e en France depuis 1947, selon M\u00e9t\u00e9o-France.<\/p>\n<h3>\u00a0\u00ab\u00a0Irrespirable\u00a0\u00bb<\/h3>\n<p>Au Bourget-du-Lac (Savoie), devant le vaste lac du Bourget, de nombreux visiteurs sont venus se rafra\u00eechir.<\/p>\n<p>Assis sur un banc \u00e0 l&rsquo;ombre, Amar Houas, un Is\u00e9rois de 57 ans, se veut philosophe. \u00ab\u00a0On fait tout ce qu&rsquo;il faut faire le matin\u00a0\u00bb. Apr\u00e8s, \u00ab\u00a0je reste dans mon frigo\u00a0\u00bb \u00e0 savoir sa maison en pierres. \u00ab\u00a0Et en hiver, dans les Cara\u00efbes\u00a0\u00bb, plaisante-t-il.<\/p>\n<p>Alors que le d\u00e9but de la semaine a \u00e9t\u00e9 plus frais, Annabelle Gaudillere, 39 ans, d\u00e9couvre seulement l&rsquo;inconfort li\u00e9 \u00e0 la chaleur pour ses premi\u00e8res vacances en camping-car. \u00ab\u00a0Hier, on \u00e9tait \u00e0 Chamb\u00e9ry et on a boug\u00e9. En ville, c&rsquo;est irrespirable. On cherche des points en hauteur, \u00e0 la fra\u00eeche\u00a0\u00bb, constate-t-elle.<\/p>\n<p>A Lyon, m\u00e9tropole fran\u00e7aise la plus souvent plac\u00e9e en vigilance \u00e0 la canicule, les habitants se pr\u00e9parent \u00e0 cette nouvelle flamb\u00e9e de temp\u00e9ratures qui devraient fr\u00f4ler les 40\u00b0C ce week-end.<\/p>\n<p>Travailler sous la chaleur, Afi Bombakar, serveur, y est \u00ab\u00a0habitu\u00e9\u00a0\u00bb. \u00ab\u00a0On n&rsquo;a pas le choix, on est l\u00e0 pour travailler\u00a0\u00bb, dit le trentenaire en essuyant les tables d&rsquo;une terrasse.<\/p>\n<p>M\u00eame constat pour Sophie, 29 ans, recruteuse de donateurs pour M\u00e9decins du Monde, un travail dans la rue \u00ab\u00a0fait pour les vaillants\u00a0\u00bb surtout lors des \u00ab\u00a0temp\u00e9ratures extr\u00eames\u00a0\u00bb. Habitant Lyon, elle a d\u00fb installer une climatisation \u00e0 domicile, une \u00ab\u00a0obligation\u00a0\u00bb pour garder en vie son \u00ab\u00a0chat malade\u00a0\u00bb, malgr\u00e9 ses r\u00e9serves \u00e9cologiques.<\/p>\n<h3>\u00a0S\u00e9cheresse et incendies<\/h3>\n<p>M\u00e9t\u00e9o-France a \u00e9galement alert\u00e9 sur un danger \u00ab\u00a0\u00e9lev\u00e9\u00a0\u00bb de feux de for\u00eat sur le pourtour m\u00e9diterran\u00e9en, alors que l&rsquo;incendie d&rsquo;une ampleur exceptionnelle dans l&rsquo;Aude a \u00e9t\u00e9 fix\u00e9 jeudi soir apr\u00e8s avoir parcouru 17.000 hectares de v\u00e9g\u00e9tation et co\u00fbt\u00e9 la vie \u00e0 une personne.<\/p>\n<p>Cette nouvelle vague de chaleur, conjugu\u00e9e \u00e0 de tr\u00e8s faibles pr\u00e9cipitations, va aggraver la s\u00e9cheresse des sols, d\u00e9j\u00e0 tr\u00e8s marqu\u00e9e dans le sud-ouest, o\u00f9 les viticulteurs s&rsquo;inqui\u00e8tent.<\/p>\n<p>\u00ab\u00a0S&rsquo;il fait chaud comme \u00e7a pendant trois semaines, tout va griller\u00a0\u00bb, redoutait jeudi Emmanuelle Piovesan, dirigeante du domaine Clos Cavenac dans le Lot-et-Garonne.<\/p>\n<p>En Haute-Loire, la pr\u00e9fecture a plac\u00e9 vendredi certaines zones en alerte renforc\u00e9e et impos\u00e9 des restrictions sur l&rsquo;usage de l&rsquo;eau.<\/p>\n<p>Pour anticiper des \u00ab\u00a0pannes potentielles de climatisation li\u00e9es aux tr\u00e8s hautes temp\u00e9ratures\u00a0\u00bb, la SNCF a supprim\u00e9 plusieurs allers-retours sur les lignes Bordeaux-Marseille et Paris-Clermont.<\/p>\n<p>\u00ab\u00a0On note une acc\u00e9l\u00e9ration de la survenue des vagues de chaleur au fil du temps. Cette tendance est bien li\u00e9e au changement climatique, qui a un impact fort sur les temp\u00e9ratures en France hexagonale\u00a0\u00bb, a d\u00e9clar\u00e9 \u00e0 l&rsquo;AFP Lauriane Batt\u00e9, climatologue \u00e0 M\u00e9t\u00e9o-France.<\/p>\n","protected":false},"excerpt":{"rendered":"<p>Une nouvelle vague de chaleur estivale \u00e9touffante a d\u00e9but\u00e9 vendredi et va s&rsquo;\u00e9tendre samedi avec 28 d\u00e9partements du sud de la France d\u00e9sormais plac\u00e9s en vigilance orange \u00ab\u00a0canicule\u00a0\u00bb, et jusqu&rsquo;\u00e0 41\u00b0C attendus localement. Le pic de chaleur est attendu en d\u00e9but de semaine prochaine sur une large partie du pays, apr\u00e8s un week-end marqu\u00e9 par [&hellip;]<\/p>\n","protected":false},"author":1,"featured_media":13643,"comment_status":"open","ping_status":"closed","sticky":false,"template":"","format":"standard","meta":{"footnotes":""},"categories":[6],"tags":[3411,3412,3410],"class_list":["post-13642","post","type-post","status-publish","format-standard","has-post-thumbnail","hentry","category-technologie","tag-jusqua-41c","tag-tres-fortes-temperatures","tag-vague-de-chaleur-debute-en-france"],"aioseo_notices":[],"_links":{"self":[{"href":"https:\/\/www.culturalusa.com\/news\/wp-json\/wp\/v2\/posts\/13642","targetHints":{"allow":["GET"]}}],"collection":[{"href":"https:\/\/www.culturalusa.com\/news\/wp-json\/wp\/v2\/posts"}],"about":[{"href":"https:\/\/www.culturalusa.com\/news\/wp-json\/wp\/v2\/types\/post"}],"author":[{"embeddable":true,"href":"https:\/\/www.culturalusa.com\/news\/wp-json\/wp\/v2\/users\/1"}],"replies":[{"embeddable":true,"href":"https:\/\/www.culturalusa.com\/news\/wp-json\/wp\/v2\/comments?post=13642"}],"version-history":[{"count":1,"href":"https:\/\/www.culturalusa.com\/news\/wp-json\/wp\/v2\/posts\/13642\/revisions"}],"predecessor-version":[{"id":13644,"href":"https:\/\/www.culturalusa.com\/news\/wp-json\/wp\/v2\/posts\/13642\/revisions\/13644"}],"wp:featuredmedia":[{"embeddable":true,"href":"https:\/\/www.culturalusa.com\/news\/wp-json\/wp\/v2\/media\/13643"}],"wp:attachment":[{"href":"https:\/\/www.culturalusa.com\/news\/wp-json\/wp\/v2\/media?parent=13642"}],"wp:term":[{"taxonomy":"category","embeddable":true,"href":"https:\/\/www.culturalusa.com\/news\/wp-json\/wp\/v2\/categories?post=13642"},{"taxonomy":"post_tag","embeddable":true,"href":"https:\/\/www.culturalusa.com\/news\/wp-json\/wp\/v2\/tags?post=13642"}],"curies":[{"name":"wp","href":"https:\/\/api.w.org\/{rel}","templated":true}]}}