{"id":13652,"date":"2025-08-13T16:12:17","date_gmt":"2025-08-13T14:12:17","guid":{"rendered":"https:\/\/www.culturalusa.com\/news\/?p=13652"},"modified":"2025-08-13T16:12:17","modified_gmt":"2025-08-13T14:12:17","slug":"en-pleine-canicule-leurope-en-surchauffe-lutte-contre-les-feux","status":"publish","type":"post","link":"https:\/\/www.culturalusa.com\/news\/technologie\/en-pleine-canicule-leurope-en-surchauffe-lutte-contre-les-feux\/","title":{"rendered":"En pleine canicule, l&rsquo;Europe en surchauffe lutte contre les feux"},"content":{"rendered":"<h2>L&rsquo;Europe suffoque mardi sous le poids d&rsquo;une canicule qui s&rsquo;\u00e9ternise, une situation propice aux incendies, dont le nombre et l&rsquo;intensit\u00e9 sont favoris\u00e9s par le r\u00e9chauffement climatique, notamment dans la p\u00e9ninsule ib\u00e9rique o\u00f9 des milliers d&rsquo;\u00e9vacuations ont eu lieu.<\/h2>\n<blockquote><p>Des alertes rouge canicule ont \u00e9t\u00e9 d\u00e9clench\u00e9es en Italie, <span style=\"color: #800000;\">France<\/span>, <span style=\"color: #800000;\">Portugal<\/span>, dans les <span style=\"color: #800000;\">Balkans<\/span> ou encore en <span style=\"color: #800000;\">Espagne<\/span>, o\u00f9 l&rsquo;Agence nationale de M\u00e9t\u00e9orologie (Aemet) a annonc\u00e9 que la canicule allait se prolonger \u00ab\u00a0probablement\u00a0\u00bb jusqu&rsquo;\u00e0 lundi.<\/p><\/blockquote>\n<p>Dans ce pays, o\u00f9 plusieurs dizaines d&rsquo;incendies sont actuellement actifs, un volontaire qui participait \u00e0 la lutte contre le feu est mort mardi en luttant contre un incendie dans la r\u00e9gion de Le\u00f3n (nord ouest). Dans la nuit de lundi \u00e0 mardi, un autre homme a p\u00e9ri br\u00fbl\u00e9, dans un incendie \u00e0 Tres Cantos, une localit\u00e9 situ\u00e9e \u00e0 25 km au nord de Madrid.<\/p>\n<p>\u00ab\u00a0Nous sommes en risque extr\u00eame pour les incendies de for\u00eat\u00a0\u00bb, selon le Premier ministre espagnol Pedro S\u00e1nchez sur X.<\/p>\n<p>Environ un millier de soldats de l&rsquo;Unit\u00e9 militaire d&rsquo;Urgence (UME), qui intervient lors des catastrophes naturelles, est d\u00e9ploy\u00e9 sur les principaux sinistres.<\/p>\n<p>Evacu\u00e9es parfois dans l&rsquo;urgence, pr\u00e8s de 6.000 personnes avaient \u00e9t\u00e9 contraintes de passer la nuit hors de chez elles. Beaucoup ont commenc\u00e9 \u00e0 rentrer \u00e0 leur domicile mardi gr\u00e2ce \u00e0 l&rsquo;am\u00e9lioration de la situation, mais de nouveaux ordres d&rsquo;\u00e9vacuations mardi compliquent le d\u00e9compte.<\/p>\n<p>Ainsi, dans la province de Cadix en Andalousie, plusieurs centaines des 2.000 personnes \u00e9vacu\u00e9es ont re\u00e7u mardi matin l&rsquo;autorisation de rentrer chez elles, apr\u00e8s qu&rsquo;un feu ma\u00eetris\u00e9 la semaine derni\u00e8re \u00e0 Tarifa, \u00e0 la pointe sud du pays, a repris lundi.<\/p>\n<p>Mais en Castille-et-L\u00e9on, au moins 3.000 personnes ont \u00e9t\u00e9 \u00e9vacu\u00e9es, selon les autorit\u00e9s locales. Dans cette r\u00e9gion du nord-ouest, les incendies ont notamment ravag\u00e9 le site naturel de Las M\u00e9dulas &#8211; class\u00e9 par l&rsquo;Unesco au Patrimoine mondial de l&rsquo;Humanit\u00e9 &#8211; et si quelques centaines de r\u00e9sidents \u00e0 proximit\u00e9 ont pu rentrer, plusieurs foyers restent actifs.<\/p>\n<p>Un homme a \u00e9t\u00e9 arr\u00eat\u00e9, soup\u00e7onn\u00e9 d&rsquo;avoir d\u00e9clench\u00e9 volontairement un incendie qui avait d\u00e9truit 2.200 hectares dans la province d&rsquo;\u00c1vila.<\/p>\n<h3>\u00a0D\u00f4me de chaleur<\/h3>\n<p>Au Portugal voisin, l&rsquo;autre pays le plus durement frapp\u00e9 par les incendies, les cloches ont retenti dans la matin\u00e9e pour donner l&rsquo;alerte dans le village de Trancoso (centre), site du sinistre le plus inqui\u00e9tant.<\/p>\n<p>En plus des 700 pompiers, les habitants se sont mobilis\u00e9s, arrosant les terrains autour de leur maison \u00e0 l&rsquo;aide de tuyaux dans l&rsquo;espoir de freiner l&rsquo;avanc\u00e9e des flammes.<\/p>\n<p>La Gr\u00e8ce a fait appel au m\u00e9canisme europ\u00e9en de lutte contre les feux de for\u00eat face \u00e0 de nouveaux foyers qui se sont d\u00e9clar\u00e9s. Les plus dangereux se situent sur l&rsquo;\u00eele de Zante en mer Ionienne (ouest), dans des villes dans l&rsquo;ouest de la Gr\u00e8ce continentale ainsi que dans le d\u00e9partement d&rsquo;Acha\u00efa dans l&rsquo;ouest du P\u00e9loponn\u00e8se o\u00f9 une vingtaine d&rsquo;\u00e9vacuations pr\u00e9ventives de villages ont \u00e9t\u00e9 effectu\u00e9es. Les m\u00e9dias grecs ont montr\u00e9 une usine en flamme pr\u00e8s de Patras, troisi\u00e8me ville du pays.<\/p>\n<p>L&rsquo;Italie n&rsquo;est pas \u00e9pargn\u00e9e, avec onze villes plac\u00e9es en alerte rouge en raison de la canicule, dont pratiquement toutes les plus grandes villes du pays (Rome, Milan, Turin&#8230;).<\/p>\n<p>En France, 14 d\u00e9partements du sud-ouest et centre-est sont en vigilance rouge canicule et deux tiers du pays en orange.<\/p>\n<p>Au moins cinq stations m\u00e9t\u00e9orologiques ont battu mardi leur record de temp\u00e9rature, \u00e0 l&rsquo;image des 42,9\u00b0C enregistr\u00e9s \u00e0 Saint-Laurent-du-Pape en Ard\u00e8che (sud-est) et \u00e0 Saint-C\u00f4me d&rsquo;Olt en Aveyron (sud-ouest), selon M\u00e9t\u00e9o-France.<\/p>\n<p>\u00ab\u00a0C&rsquo;est \u00e9touffant, il n&rsquo;y a pas d&rsquo;air, que du b\u00e9ton\u00a0\u00bb, constate Andr\u00e9a, 21 ans, qui d\u00e9marche les pi\u00e9tons pour le compte d&rsquo;une association \u00e0 Lyon (centre-est).<\/p>\n<h3>\u00ab\u00a0La vague de chaleur affectant actuellement la France, l&rsquo;Espagne et les pays des Balkans n&rsquo;est pas surprenante\u00a0\u00bb, a expliqu\u00e9 par \u00e9crit \u00e0 l&rsquo;AFP Akshays Deoras, expert en m\u00e9t\u00e9orologie \u00e0 l&rsquo;universit\u00e9 britannique de Reading.<\/h3>\n<p>\u00ab\u00a0Elle est conduite par un d\u00f4me de chaleur qui persiste au-dessus de l&rsquo;Europe. En raison du changement climatique, nous vivons maintenant dans un monde sensiblement plus chaud, et cette r\u00e9alit\u00e9 accro\u00eet \u00e0 la fois la fr\u00e9quence et l&rsquo;intensit\u00e9 des vagues de chaleur\u00a0\u00bb, a-t-il poursuivi.<\/p>\n<p>De plus, la s\u00e9cheresse est devenue la r\u00e9alit\u00e9 quotidienne pour plus de la moiti\u00e9 de l&rsquo;Europe, principalement pour le pourtour m\u00e9diterran\u00e9en, depuis plusieurs mois, une situation propice aux incendies.<\/p>\n<p>Signe alarmant d&rsquo;un ph\u00e9nom\u00e8ne qui menace le continent, l&rsquo;Agence britannique pour l&rsquo;Environnement a indiqu\u00e9 mardi que la p\u00e9nurie d&rsquo;eau en Angleterre \u00e9tait d\u00e9sormais class\u00e9e \u00ab\u00a0d&rsquo;importance nationale\u00a0\u00bb. Les six premiers mois de l&rsquo;ann\u00e9e ont \u00e9t\u00e9 les plus secs depuis 1976, ann\u00e9e qui avait \u00e9t\u00e9 marqu\u00e9e par une tr\u00e8s forte s\u00e9cheresse en Europe.<\/p>\n<p>Une alerte \u00e0 la pollution de l&rsquo;air a \u00e9t\u00e9 d\u00e9clench\u00e9e \u00e0 Londres par la municipalit\u00e9 et le trafic ferroviaire a \u00e9t\u00e9 perturb\u00e9, les sols dess\u00e9ch\u00e9s faisant bouger les trains.<\/p>\n<p>Les pompiers \u00e9cossais ont d\u00e9clench\u00e9 une alerte pour risque \u00ab\u00a0tr\u00e8s \u00e9lev\u00e9\u00a0\u00bb d&rsquo;incendie entre le 13 et le 19 ao\u00fbt dans plusieurs r\u00e9gions et appellent la population \u00e0 agir \u00ab\u00a0avec responsabilit\u00e9\u00a0\u00bb, \u00e0 \u00e9viter barbecues portables, feux de camp et jets de m\u00e9gots de cigarettes.<\/p>\n<p>Au sud-est du continent, les Balkans sont \u00e9galement en premi\u00e8re ligne, qu&rsquo;il s&rsquo;agisse de l&rsquo;Albanie, o\u00f9 plusieurs centaines de pompiers et soldats combattent des incendies, du Montenegro ou de la Croatie. (AFP)<\/p>\n","protected":false},"excerpt":{"rendered":"<p>L&rsquo;Europe suffoque mardi sous le poids d&rsquo;une canicule qui s&rsquo;\u00e9ternise, une situation propice aux incendies, dont le nombre et l&rsquo;intensit\u00e9 sont favoris\u00e9s par le r\u00e9chauffement climatique, notamment dans la p\u00e9ninsule ib\u00e9rique o\u00f9 des milliers d&rsquo;\u00e9vacuations ont eu lieu. Des alertes rouge canicule ont \u00e9t\u00e9 d\u00e9clench\u00e9es en Italie, France, Portugal, dans les Balkans ou encore en [&hellip;]<\/p>\n","protected":false},"author":1,"featured_media":13653,"comment_status":"open","ping_status":"closed","sticky":false,"template":"","format":"standard","meta":{"footnotes":""},"categories":[6],"tags":[2383,3413,3414],"class_list":["post-13652","post","type-post","status-publish","format-standard","has-post-thumbnail","hentry","category-technologie","tag-canicule","tag-leurope-en-surchauffe","tag-lutte-contre-les-feux"],"aioseo_notices":[],"_links":{"self":[{"href":"https:\/\/www.culturalusa.com\/news\/wp-json\/wp\/v2\/posts\/13652","targetHints":{"allow":["GET"]}}],"collection":[{"href":"https:\/\/www.culturalusa.com\/news\/wp-json\/wp\/v2\/posts"}],"about":[{"href":"https:\/\/www.culturalusa.com\/news\/wp-json\/wp\/v2\/types\/post"}],"author":[{"embeddable":true,"href":"https:\/\/www.culturalusa.com\/news\/wp-json\/wp\/v2\/users\/1"}],"replies":[{"embeddable":true,"href":"https:\/\/www.culturalusa.com\/news\/wp-json\/wp\/v2\/comments?post=13652"}],"version-history":[{"count":1,"href":"https:\/\/www.culturalusa.com\/news\/wp-json\/wp\/v2\/posts\/13652\/revisions"}],"predecessor-version":[{"id":13654,"href":"https:\/\/www.culturalusa.com\/news\/wp-json\/wp\/v2\/posts\/13652\/revisions\/13654"}],"wp:featuredmedia":[{"embeddable":true,"href":"https:\/\/www.culturalusa.com\/news\/wp-json\/wp\/v2\/media\/13653"}],"wp:attachment":[{"href":"https:\/\/www.culturalusa.com\/news\/wp-json\/wp\/v2\/media?parent=13652"}],"wp:term":[{"taxonomy":"category","embeddable":true,"href":"https:\/\/www.culturalusa.com\/news\/wp-json\/wp\/v2\/categories?post=13652"},{"taxonomy":"post_tag","embeddable":true,"href":"https:\/\/www.culturalusa.com\/news\/wp-json\/wp\/v2\/tags?post=13652"}],"curies":[{"name":"wp","href":"https:\/\/api.w.org\/{rel}","templated":true}]}}