{"id":13669,"date":"2025-08-19T15:15:52","date_gmt":"2025-08-19T13:15:52","guid":{"rendered":"https:\/\/www.culturalusa.com\/news\/?p=13669"},"modified":"2025-08-19T15:15:52","modified_gmt":"2025-08-19T13:15:52","slug":"les-incendies-ont-devaste-30-000-hectares-supplementaires-en-24-heures-en-espagne","status":"publish","type":"post","link":"https:\/\/www.culturalusa.com\/news\/actualite\/les-incendies-ont-devaste-30-000-hectares-supplementaires-en-24-heures-en-espagne\/","title":{"rendered":"Les incendies ont d\u00e9vast\u00e9 30.000 hectares suppl\u00e9mentaires en 24 heures en Espagne"},"content":{"rendered":"<h2>Les incendies ravageant la moiti\u00e9 ouest de l\u2019Espagne ont br\u00fbl\u00e9 30.000 hectares suppl\u00e9mentaires en 24 heures, selon les donn\u00e9es du satellite europ\u00e9en Copernicus publi\u00e9es mardi, m\u00eame si la fin de la vague de chaleur frappant le pays alimente l\u2019espoir d&rsquo;une am\u00e9lioration de la situation.<\/h2>\n<blockquote><p>Quelque 373.000 hectares avaient br\u00fbl\u00e9 mardi matin en Espagne depuis le d\u00e9but de l&rsquo;ann\u00e9e, soit 30.000 de plus que lundi, un chiffre en constante progression, selon le Syst\u00e8me Europ\u00e9en d\u2019Information sur les Incendies de For\u00eat (EFFIS), qui utilise les donn\u00e9es de Copernicus.<\/p><\/blockquote>\n<p>Depuis le d\u00e9but des relev\u00e9s d&rsquo;EFFIS en 2006, il s\u2019agit de la pire ann\u00e9e pour l\u2019Espagne en termes de surface br\u00fbl\u00e9e par les flammes, au-del\u00e0 du pr\u00e9c\u00e9dent record \u00e9tabli en 2022 (306.000 hectares calcin\u00e9s).<\/p>\n<p>La majorit\u00e9 de cette surface a br\u00fbl\u00e9 dans les grands incendies qui affectent depuis une dizaine de jours les provinces de Zamora et L\u00e9on en Castille-et-Le\u00f3n (nord-ouest), celle d\u2019Ourense en Galice (nord-ouest), et dans la province de C\u00e1ceres en Extr\u00e9madure (ouest).<\/p>\n<h3>Des milliers de personnes de dizaines de villages ont \u00e9t\u00e9 \u00e9vacu\u00e9es, des dizaines de routes sont coup\u00e9es et le trafic ferroviaire entre Madrid et la Galice est interrompu.<\/h3>\n<p>Le Premier ministre socialiste Pedro S\u00e1nchez est attendu mardi \u00e0 la mi-journ\u00e9e dans les zones touch\u00e9es \u00e0 Zamora et C\u00e1ceres.<\/p>\n<p>M\u00eame si l\u2019extinction de ces incendies prendra encore du temps, la fin, lundi, de la vague de chaleur qui a ravag\u00e9 l\u2019Espagne pendant 16 jours offre l&rsquo;espoir d&rsquo;une am\u00e9lioration de la situation.<\/p>\n<p>Ce changement m\u00e9t\u00e9orologique va se traduire par une \u00ab\u00a0r\u00e9duction de 10 \u00e0 12 degr\u00e9s des temp\u00e9ratures maximales, \u00e0 laquelle il faut \u00e9galement ajouter l\u2019augmentation des indices d\u00a0\u00bbhumidit\u00e9\u00a0\u00bb, a expliqu\u00e9 Nicanor Sen, d\u00e9l\u00e9gu\u00e9 du gouvernement (pr\u00e9fet) de Castille-et-Le\u00f3n, \u00e0 la t\u00e9l\u00e9vision publique TVE.<\/p>\n<p>Cela \u00ab\u00a0facilite et am\u00e9liore les conditions\u00a0\u00bb pour \u00ab\u00a0contr\u00f4ler ces incendies\u00a0\u00bb, a-t-il ajout\u00e9.<\/p>\n","protected":false},"excerpt":{"rendered":"<p>Les incendies ravageant la moiti\u00e9 ouest de l\u2019Espagne ont br\u00fbl\u00e9 30.000 hectares suppl\u00e9mentaires en 24 heures, selon les donn\u00e9es du satellite europ\u00e9en Copernicus publi\u00e9es mardi, m\u00eame si la fin de la vague de chaleur frappant le pays alimente l\u2019espoir d&rsquo;une am\u00e9lioration de la situation. Quelque 373.000 hectares avaient br\u00fbl\u00e9 mardi matin en Espagne depuis le [&hellip;]<\/p>\n","protected":false},"author":1,"featured_media":13670,"comment_status":"open","ping_status":"closed","sticky":false,"template":"","format":"standard","meta":{"footnotes":""},"categories":[30],"tags":[407,326,3419],"class_list":["post-13669","post","type-post","status-publish","format-standard","has-post-thumbnail","hentry","category-actualite","tag-espagne","tag-incendies","tag-les-incendies-ont-devaste-30-000-hectares"],"aioseo_notices":[],"_links":{"self":[{"href":"https:\/\/www.culturalusa.com\/news\/wp-json\/wp\/v2\/posts\/13669","targetHints":{"allow":["GET"]}}],"collection":[{"href":"https:\/\/www.culturalusa.com\/news\/wp-json\/wp\/v2\/posts"}],"about":[{"href":"https:\/\/www.culturalusa.com\/news\/wp-json\/wp\/v2\/types\/post"}],"author":[{"embeddable":true,"href":"https:\/\/www.culturalusa.com\/news\/wp-json\/wp\/v2\/users\/1"}],"replies":[{"embeddable":true,"href":"https:\/\/www.culturalusa.com\/news\/wp-json\/wp\/v2\/comments?post=13669"}],"version-history":[{"count":1,"href":"https:\/\/www.culturalusa.com\/news\/wp-json\/wp\/v2\/posts\/13669\/revisions"}],"predecessor-version":[{"id":13671,"href":"https:\/\/www.culturalusa.com\/news\/wp-json\/wp\/v2\/posts\/13669\/revisions\/13671"}],"wp:featuredmedia":[{"embeddable":true,"href":"https:\/\/www.culturalusa.com\/news\/wp-json\/wp\/v2\/media\/13670"}],"wp:attachment":[{"href":"https:\/\/www.culturalusa.com\/news\/wp-json\/wp\/v2\/media?parent=13669"}],"wp:term":[{"taxonomy":"category","embeddable":true,"href":"https:\/\/www.culturalusa.com\/news\/wp-json\/wp\/v2\/categories?post=13669"},{"taxonomy":"post_tag","embeddable":true,"href":"https:\/\/www.culturalusa.com\/news\/wp-json\/wp\/v2\/tags?post=13669"}],"curies":[{"name":"wp","href":"https:\/\/api.w.org\/{rel}","templated":true}]}}