{"id":13677,"date":"2025-08-27T17:29:50","date_gmt":"2025-08-27T15:29:50","guid":{"rendered":"https:\/\/www.culturalusa.com\/news\/?p=13677"},"modified":"2025-08-27T17:29:50","modified_gmt":"2025-08-27T15:29:50","slug":"vote-de-confiance-macron-soutien-total-au-choix-de-bayrou","status":"publish","type":"post","link":"https:\/\/www.culturalusa.com\/news\/politique\/vote-de-confiance-macron-soutien-total-au-choix-de-bayrou\/","title":{"rendered":"Vote de confiance: Macron soutien total au choix de Bayrou"},"content":{"rendered":"<h2>Emmanuel Macron a apport\u00e9 mercredi en Conseil des ministres son \u00ab\u00a0soutien total\u00a0\u00bb au choix de Fran\u00e7ois Bayrou de solliciter un vote de confiance, a priori perdu d&rsquo;avance, devant l&rsquo;Assembl\u00e9e nationale le 8 septembre sur le d\u00e9sendettement de la France.<\/h2>\n<blockquote><p>Selon la porte-parole du gouvernement Sophie Primas, le pr\u00e9sident a apport\u00e9 \u00ab\u00a0son total soutien \u00e0 la d\u00e9marche selon laquelle il faut qu&rsquo;on se mette d&rsquo;accord sur la n\u00e9cessit\u00e9 de retrouver une trajectoire des finances publiques plus conforme avec l&rsquo;id\u00e9e que nous nous faisons de notre souverainet\u00e9 budg\u00e9taire\u00a0\u00bb.<\/p><\/blockquote>\n<p>Sur la situation financi\u00e8re de la France, \u00e0 l&rsquo;origine de l&rsquo;annonce surprise du Premier ministre lundi, le pr\u00e9sident a jug\u00e9 que \u00ab\u00a0nous ne devons \u00eatre ni dans le d\u00e9ni de r\u00e9alit\u00e9, ni dans le catastrophisme\u00a0\u00bb.<\/p>\n<p>Appelant \u00e0 \u00ab\u00a0la responsabilit\u00e9\u00a0\u00bb les partis \u00ab\u00a0qui souhaitent \u00eatre des partis de gouvernement\u00a0\u00bb, il a repris l&rsquo;argumentaire de Fran\u00e7ois Bayrou selon lequel le vote du 8 septembre sera un vote \u00ab\u00a0sur les principes\u00a0\u00bb des pr\u00e8s de 44 milliards d&rsquo;euros d&rsquo;\u00e9conomies budg\u00e9taires en 2026, mais pas sur les mesures elles-m\u00eames qui seront n\u00e9goci\u00e9es dans un second temps.<\/p>\n<p>Comme le pr\u00e9voit l&rsquo;article 49-1 de la Constitution, le Conseil des ministres a autoris\u00e9 le Premier ministre \u00e0 engager la responsabilit\u00e9 du gouvernement.<\/p>\n<p>La d\u00e9cision de l&rsquo;ex\u00e9cutif ouvre cependant une nouvelle p\u00e9riode d&rsquo;incertitudes qui place de nouveau M. Macron en premi\u00e8re ligne. Car les oppositions de gauche et d&rsquo;extr\u00eame droite ont fait savoir qu&rsquo;elles ne voteraient pas la confiance, et le gouvernement a donc toutes les chances de tomber.<\/p>\n<h3>\u00a0Incompr\u00e9hension<\/h3>\n<p>Une cons\u00e9quence qui rend le choix de M. Bayrou, confront\u00e9 \u00e0 l&rsquo;impopularit\u00e9 de son plan d&rsquo;\u00e9conomies budg\u00e9taires, largement incompris au sein de la classe politique.<\/p>\n<p>\u00ab\u00a0Pas de m\u00e9thode, pas de contacts, pas de n\u00e9gociation pendant l&rsquo;\u00e9t\u00e9. Et tout d&rsquo;un coup, faites-moi confiance en g\u00e9n\u00e9ral et ensuite on pourra discuter\u00a0\u00bb, a r\u00e9sum\u00e9 \u00e0 gauche sur France 2 Rapha\u00ebl Glucksmann qui y voit \u00ab\u00a0un mal fran\u00e7ais, le manque d&rsquo;humilit\u00e9\u00a0\u00bb.<\/p>\n<p>Un malaise partag\u00e9 \u00e0 mots couverts dans le camp pr\u00e9sidentiel. \u00ab\u00a0Cette d\u00e9cision, elle est prise. On peut ergoter sur: +Est-ce qu&rsquo;il fallait la prendre ou pas? Elle est l\u00e0\u00a0\u00bb, a balay\u00e9 l&rsquo;ex-Premier ministre Gabriel Attal sur France inter.<\/p>\n<p>M\u00eame au sein du socle gouvernemental, la confiance n&rsquo;est pas compl\u00e8tement garantie, notamment au sein de la cinquantaine de d\u00e9put\u00e9s Les R\u00e9publicains (LR) o\u00f9 \u00ab\u00a0il n&rsquo;y a pas \u00e0 ce stade d&rsquo;unanimit\u00e9 sur le vote de confiance\u00a0\u00bb, a indiqu\u00e9 \u00e0 l&rsquo;AFP une source parlementaire.<\/p>\n<p>M. Bayrou a promis mardi de se battre \u00ab\u00a0comme un chien\u00a0\u00bb pour \u00e9viter la chute du gouvernement et demand\u00e9 aux oppositions de \u00ab\u00a0r\u00e9fl\u00e9chir\u00a0\u00bb et de renoncer \u00e0 leurs \u00ab\u00a0r\u00e9flexes spontan\u00e9s\u00a0\u00bb, les appelant \u00e0 choisir entre le \u00ab\u00a0chaos\u00a0\u00bb et \u00ab\u00a0la responsabilit\u00e9\u00a0\u00bb.<\/p>\n<p>Dans un message visant principalement les socialistes, qui ont annonc\u00e9 d\u00e8s lundi qu&rsquo;ils voteraient contre la confiance alors que Matignon esp\u00e9rait trouver un compromis avec eux, il a soulign\u00e9 qu&rsquo;il ne demandait \u00ab\u00a0\u00e0 personne de se renier\u00a0\u00bb et se dit pr\u00eat \u00e0 n\u00e9gocier sur la taxation des hauts patrimoines.<\/p>\n<h3>\u00a0 Dissolution ?<\/h3>\n<p>Le chef du gouvernement, qui esp\u00e8re que les Fran\u00e7ais fassent pression sur leurs d\u00e9put\u00e9s en sa faveur et s&rsquo;exprimera mercredi soir au 20H00 de TF1, n&rsquo;a pas non plus l&rsquo;opinion publique de son c\u00f4t\u00e9: seuls 27% des personnes interrog\u00e9es disent esp\u00e9rer que M. Bayrou soit maintenu en fonction par les d\u00e9put\u00e9s, selon un sondage Elabe.<\/p>\n<p>Dans un autre sondage Ifop, 63% des Fran\u00e7ais r\u00e9clament une nouvelle dissolution de l&rsquo;Assembl\u00e9e nationale alors qu&rsquo;ils n&rsquo;\u00e9taient que 41% d\u00e9but juin.<\/p>\n<p>Une dissolution, jusqu&rsquo;ici \u00e9cart\u00e9e par le chef de l&rsquo;Etat et que seul le Rassemblement national r\u00e9clame, LFI demandant de son c\u00f4t\u00e9 une pr\u00e9sidentielle anticip\u00e9e.<\/p>\n<p>Gabriel Attal ne croit ainsi pas \u00ab\u00a0qu&rsquo;une nouvelle dissolution apporterait de la stabilit\u00e9\u00a0\u00bb. \u00ab\u00a0Ce n&rsquo;est pas aux Fran\u00e7ais de r\u00e9gler les probl\u00e8mes de l&rsquo;Assembl\u00e9e, c&rsquo;est \u00e0 l&rsquo;Assembl\u00e9e de r\u00e9gler ses propres probl\u00e8mes\u00a0\u00bb, a-t-il estim\u00e9.<\/p>\n<p>M\u00eame embarras chez les socialistes. En cas de dissolution, un accord programmatique entre le PS et LFI tel que celui n\u00e9goci\u00e9 sous l&rsquo;\u00e9gide du Nouveau front populaire (NFP) en 2024 \u00ab\u00a0ne para\u00eet pas concevable\u00a0\u00bb, estime le chef des d\u00e9put\u00e9s socialiste Boris Vallaud pour qui \u00ab\u00a0la logique voudrait que le pr\u00e9sident de la R\u00e9publique laisse sa chance \u00e0 la gauche\u00a0\u00bb \u00e0 Matignon.<\/p>\n<p>Dans un entretien \u00e0 l&rsquo;AFP, la cheffe des Ecologistes Marine Tondelier a appel\u00e9 M. Macron \u00e0 nommer un Premier ministre de gauche.<\/p>\n<p>L&rsquo;incertitude politique se transmet sur les march\u00e9s, m\u00eame si, apr\u00e8s avoir \u00e9t\u00e9 sous pression ces deux derniers jours, le taux d&rsquo;int\u00e9r\u00eat \u00e0 dix ans de la dette fran\u00e7aise se stabilisait mercredi, \u00e0 3,50% au m\u00eame niveau que la veille.<\/p>\n<p>En \u00e9cho, le pr\u00e9sident du Medef Patrick Martin a lanc\u00e9 \u00ab\u00a0un appel \u00e0 la responsabilit\u00e9\u00a0\u00bb aux politiques car \u00ab\u00a0on ne joue pas avec l&rsquo;\u00e9conomie\u00a0\u00bb.<\/p>\n<p>La dette publique fran\u00e7aise repr\u00e9sente pr\u00e8s de 114% du PIB, soit la troisi\u00e8me plus importante de la zone euro derri\u00e8re la Gr\u00e8ce et l&rsquo;Italie.<\/p>\n","protected":false},"excerpt":{"rendered":"<p>Emmanuel Macron a apport\u00e9 mercredi en Conseil des ministres son \u00ab\u00a0soutien total\u00a0\u00bb au choix de Fran\u00e7ois Bayrou de solliciter un vote de confiance, a priori perdu d&rsquo;avance, devant l&rsquo;Assembl\u00e9e nationale le 8 septembre sur le d\u00e9sendettement de la France. Selon la porte-parole du gouvernement Sophie Primas, le pr\u00e9sident a apport\u00e9 \u00ab\u00a0son total soutien \u00e0 la [&hellip;]<\/p>\n","protected":false},"author":1,"featured_media":7051,"comment_status":"open","ping_status":"closed","sticky":false,"template":"","format":"standard","meta":{"footnotes":""},"categories":[1494],"tags":[659,626,3423],"class_list":["post-13677","post","type-post","status-publish","format-standard","has-post-thumbnail","hentry","category-politique","tag-bayrou","tag-macron","tag-soutien-total-au-choix-de-bayrou"],"aioseo_notices":[],"_links":{"self":[{"href":"https:\/\/www.culturalusa.com\/news\/wp-json\/wp\/v2\/posts\/13677","targetHints":{"allow":["GET"]}}],"collection":[{"href":"https:\/\/www.culturalusa.com\/news\/wp-json\/wp\/v2\/posts"}],"about":[{"href":"https:\/\/www.culturalusa.com\/news\/wp-json\/wp\/v2\/types\/post"}],"author":[{"embeddable":true,"href":"https:\/\/www.culturalusa.com\/news\/wp-json\/wp\/v2\/users\/1"}],"replies":[{"embeddable":true,"href":"https:\/\/www.culturalusa.com\/news\/wp-json\/wp\/v2\/comments?post=13677"}],"version-history":[{"count":1,"href":"https:\/\/www.culturalusa.com\/news\/wp-json\/wp\/v2\/posts\/13677\/revisions"}],"predecessor-version":[{"id":13678,"href":"https:\/\/www.culturalusa.com\/news\/wp-json\/wp\/v2\/posts\/13677\/revisions\/13678"}],"wp:featuredmedia":[{"embeddable":true,"href":"https:\/\/www.culturalusa.com\/news\/wp-json\/wp\/v2\/media\/7051"}],"wp:attachment":[{"href":"https:\/\/www.culturalusa.com\/news\/wp-json\/wp\/v2\/media?parent=13677"}],"wp:term":[{"taxonomy":"category","embeddable":true,"href":"https:\/\/www.culturalusa.com\/news\/wp-json\/wp\/v2\/categories?post=13677"},{"taxonomy":"post_tag","embeddable":true,"href":"https:\/\/www.culturalusa.com\/news\/wp-json\/wp\/v2\/tags?post=13677"}],"curies":[{"name":"wp","href":"https:\/\/api.w.org\/{rel}","templated":true}]}}