{"id":13832,"date":"2025-09-29T18:57:58","date_gmt":"2025-09-29T16:57:58","guid":{"rendered":"https:\/\/www.culturalusa.com\/news\/?p=13832"},"modified":"2025-09-29T18:57:58","modified_gmt":"2025-09-29T16:57:58","slug":"apres-le-covid-la-surveillance-des-eaux-usees-pourrait-etre-etendue-a-dautres-virus-en-france","status":"publish","type":"post","link":"https:\/\/www.culturalusa.com\/news\/bien-etre-sante\/apres-le-covid-la-surveillance-des-eaux-usees-pourrait-etre-etendue-a-dautres-virus-en-france\/","title":{"rendered":"Apr\u00e8s le Covid, la surveillance des eaux us\u00e9es pourrait \u00eatre \u00e9tendue \u00e0 d&rsquo;autres virus en France"},"content":{"rendered":"<h2>La surveillance des eaux us\u00e9es, qui a d\u00e9montr\u00e9 son int\u00e9r\u00eat en France pour le suivi du Covid-19 depuis quatre ans, pourrait \u00eatre \u00e9tendue \u00e0 d&rsquo;autres virus responsables d&rsquo;infections virales respiratoires comme la grippe ou la bronchiolite, annoncent lundi deux agences sanitaires.<\/h2>\n<blockquote><p>Depuis septembre 2021, la d\u00e9tection du SARS-CoV-2 dans les eaux us\u00e9es permet de \u00ab\u00a0suivre sa circulation au sein de la population et d&rsquo;anticiper les pics de contamination\u00a0\u00bb, rappellent l&rsquo;Anses et Sant\u00e9 publique France dans un communiqu\u00e9.<\/p><\/blockquote>\n<p>Chaque semaine, des donn\u00e9es issues de 54 stations de traitement des eaux us\u00e9es, r\u00e9parties sur tout le territoire, sont collect\u00e9es et envoy\u00e9es \u00e0 quatre laboratoires qui y recherchent la pr\u00e9sence du virus.<\/p>\n<p>Ces donn\u00e9es contribuent \u00e0 la surveillance int\u00e9gr\u00e9e des infections respiratoires aig\u00fces, en compl\u00e9ment de celles des passages aux urgences, de la m\u00e9decine de ville et des laboratoires d&rsquo;analyse m\u00e9dicale en ville et \u00e0 l&rsquo;h\u00f4pital.<\/p>\n<p>Depuis le d\u00e9but de cette surveillance, \u00ab\u00a0sept pics de circulation du virus ont \u00e9t\u00e9 enregistr\u00e9s en France\u00a0\u00bb, indiquent les deux agences sanitaires.<\/p>\n<p>Une \u00ab\u00a0augmentation de la d\u00e9tection\u00a0\u00bb du virus du Covid-19 dans les eaux us\u00e9es \u00ab\u00a0peut pr\u00e9c\u00e9der de plusieurs jours l&rsquo;augmentation des consultations aux urgences pour Covid\u00a0\u00bb, explique Christophe Cordevant, conseiller scientifique microbiologie et maladies infectieuses \u00e9mergentes \u00e0 l&rsquo;Anses, cit\u00e9 par le communiqu\u00e9.<\/p>\n<p>Elle permet donc \u00ab\u00a0d&rsquo;anticiper les vagues \u00e9pid\u00e9miques et de mobiliser le mat\u00e9riel et le personnel n\u00e9cessaires\u00a0\u00bb, ainsi que de \u00ab\u00a0suivre les personnes porteuses du virus qui ne consultent pas de m\u00e9decin\u00a0\u00bb, dit-il.<\/p>\n<p>\u00ab\u00a0Fort du succ\u00e8s\u00a0\u00bb de cette surveillance, \u00ab\u00a0il est d\u00e9sormais envisag\u00e9 de (l&rsquo;)\u00e9tendre \u00e0 d&rsquo;autres pathog\u00e8nes\u00a0\u00bb comme \u00ab\u00a0les autres virus responsables d&rsquo;infections virales respiratoires\u00a0\u00bb -grippe, bronchiolite- \u00ab\u00a0\u00e0 l&rsquo;origine d&rsquo;\u00e9pid\u00e9mies saisonni\u00e8res\u00a0\u00bb, annoncent les deux agences sanitaires.<\/p>\n<p>Une m\u00e9thode innovante a \u00e9t\u00e9 d\u00e9velopp\u00e9e pour d\u00e9tecter le virus de la rougeole, m\u00eame lorsque sa concentration est faible -en le distinguant du virus att\u00e9nu\u00e9, pr\u00e9sent dans les urines apr\u00e8s une vaccination-, mais compte tenu de la faible fr\u00e9quence actuelle, sa surveillance ne sera pas permanente.<\/p>\n<p>Ce projet va \u00ab\u00a0faciliter la transposition, en France, de la directive europ\u00e9enne sur les eaux us\u00e9es\u00a0\u00bb, qui \u00ab\u00a0introduit les principes de surveillance de l&rsquo;\u00e9volution de pand\u00e9mies\u00a0\u00bb, pr\u00e9cisent l&rsquo;Anses et SpF.<\/p>\n<p>Il pr\u00e9pare aussi l&rsquo;int\u00e9gration des indicateurs au niveau europ\u00e9en par le Centre europ\u00e9en de pr\u00e9vention et de contr\u00f4le des maladies (ECDC).<\/p>\n","protected":false},"excerpt":{"rendered":"<p>La surveillance des eaux us\u00e9es, qui a d\u00e9montr\u00e9 son int\u00e9r\u00eat en France pour le suivi du Covid-19 depuis quatre ans, pourrait \u00eatre \u00e9tendue \u00e0 d&rsquo;autres virus responsables d&rsquo;infections virales respiratoires comme la grippe ou la bronchiolite, annoncent lundi deux agences sanitaires. Depuis septembre 2021, la d\u00e9tection du SARS-CoV-2 dans les eaux us\u00e9es permet de \u00ab\u00a0suivre [&hellip;]<\/p>\n","protected":false},"author":1,"featured_media":13833,"comment_status":"open","ping_status":"closed","sticky":false,"template":"","format":"standard","meta":{"footnotes":""},"categories":[2209],"tags":[3476,3475,1623],"class_list":["post-13832","post","type-post","status-publish","format-standard","has-post-thumbnail","hentry","category-bien-etre-sante","tag-eaux-usees","tag-surveillance-des-eaux-usees","tag-virus"],"aioseo_notices":[],"_links":{"self":[{"href":"https:\/\/www.culturalusa.com\/news\/wp-json\/wp\/v2\/posts\/13832","targetHints":{"allow":["GET"]}}],"collection":[{"href":"https:\/\/www.culturalusa.com\/news\/wp-json\/wp\/v2\/posts"}],"about":[{"href":"https:\/\/www.culturalusa.com\/news\/wp-json\/wp\/v2\/types\/post"}],"author":[{"embeddable":true,"href":"https:\/\/www.culturalusa.com\/news\/wp-json\/wp\/v2\/users\/1"}],"replies":[{"embeddable":true,"href":"https:\/\/www.culturalusa.com\/news\/wp-json\/wp\/v2\/comments?post=13832"}],"version-history":[{"count":1,"href":"https:\/\/www.culturalusa.com\/news\/wp-json\/wp\/v2\/posts\/13832\/revisions"}],"predecessor-version":[{"id":13834,"href":"https:\/\/www.culturalusa.com\/news\/wp-json\/wp\/v2\/posts\/13832\/revisions\/13834"}],"wp:featuredmedia":[{"embeddable":true,"href":"https:\/\/www.culturalusa.com\/news\/wp-json\/wp\/v2\/media\/13833"}],"wp:attachment":[{"href":"https:\/\/www.culturalusa.com\/news\/wp-json\/wp\/v2\/media?parent=13832"}],"wp:term":[{"taxonomy":"category","embeddable":true,"href":"https:\/\/www.culturalusa.com\/news\/wp-json\/wp\/v2\/categories?post=13832"},{"taxonomy":"post_tag","embeddable":true,"href":"https:\/\/www.culturalusa.com\/news\/wp-json\/wp\/v2\/tags?post=13832"}],"curies":[{"name":"wp","href":"https:\/\/api.w.org\/{rel}","templated":true}]}}