{"id":13839,"date":"2025-10-04T17:03:03","date_gmt":"2025-10-04T15:03:03","guid":{"rendered":"https:\/\/www.culturalusa.com\/news\/?p=13839"},"modified":"2025-10-04T17:03:03","modified_gmt":"2025-10-04T15:03:03","slug":"suede-remplir-ses-placards-pour-se-preparer-a-la-guerre","status":"publish","type":"post","link":"https:\/\/www.culturalusa.com\/news\/actualite\/suede-remplir-ses-placards-pour-se-preparer-a-la-guerre\/","title":{"rendered":"Su\u00e8de: remplir ses placards pour se pr\u00e9parer \u00e0 la guerre"},"content":{"rendered":"<h2>Rencontr\u00e9e dans un salon consacr\u00e9 \u00e0 la pr\u00e9paration civile en banlieue de Stockholm, Sirkka Petrykowska, 71 ans, confie envisager s\u00e9rieusement la possibilit\u00e9 d&rsquo;un conflit. Elle s&rsquo;y pr\u00e9pare autant que possible.<\/h2>\n<blockquote><p>\u00ab\u00a0J&rsquo;ai achet\u00e9 un r\u00e9chaud, j&rsquo;ai suivi un cours de conservation \u00e0 l&rsquo;ancienne, o\u00f9 l&rsquo;on apprend \u00e0 conserver des l\u00e9gumes et de la viande avec un autoclave, ce qui permet de les garder 30 ans sans les mettre au frigo\u00a0\u00bb, \u00e9num\u00e8re cette Finlandaise dont les parents ont connu la Guerre d&rsquo;hiver entre l&rsquo;URSS et la Finlande.<\/p><\/blockquote>\n<p>\u00ab\u00a0J&rsquo;ai mis de c\u00f4t\u00e9 des couvertures pour la chaleur, j&rsquo;ai achet\u00e9 un br\u00fbleur \u00e0 gaz pour pouvoir se chauffer. J&rsquo;ai aussi fait des r\u00e9serves dans ma maison de campagne\u00a0\u00bb, dit Mme Petrykowska, venue \u00e0 Axelsberg (sud de Stockholm) pour en apprendre plus sur les kits d&rsquo;urgence.<\/p>\n<p>La Su\u00e8de vient d&rsquo;organiser sa semaine annuelle de pr\u00e9paration (Beredskapsveckan), l&rsquo;occasion pour les autorit\u00e9s de rappeler leurs recommandations dans le cadre de la \u00ab\u00a0d\u00e9fense totale\u00a0\u00bb.<\/p>\n<p>Ce concept a \u00e9t\u00e9 r\u00e9activ\u00e9 en 2015, apr\u00e8s l&rsquo;occupation l&rsquo;ann\u00e9e pr\u00e9c\u00e9dente de la p\u00e9ninsule ukrainienne de Crim\u00e9e par la Russie, et renforc\u00e9 apr\u00e8s l&rsquo;invasion \u00e0 grande \u00e9chelle de l&rsquo;Ukraine en 2022, avec la nomination d&rsquo;un ministre de la D\u00e9fense civile.<\/p>\n<p>L&rsquo;objectif est d&rsquo;impliquer l&rsquo;ensemble de la soci\u00e9t\u00e9, de l&rsquo;Etat aux citoyens en passant par les entreprises, afin de r\u00e9sister collectivement \u00e0 une agression arm\u00e9e tout en maintenant les fonctions vitales du pays.<\/p>\n<h3>Pesto, lait en poudre, viande s\u00e9ch\u00e9e<\/h3>\n<p>L&rsquo;accent est mis, comme souvent en Su\u00e8de, sur la responsabilit\u00e9 individuelle. Chacun est appel\u00e9 \u00e0 stocker suffisamment de nourriture pour pouvoir vivre en autonomie pendant au moins sept jours sans aide ext\u00e9rieure, en cas de crise.<\/p>\n<p>\u00ab\u00a0Cela permet de r\u00e9server les ressources initiales aux personnes \u00e2g\u00e9es et malades\u00a0\u00bb, \u00e9crit l&rsquo;agence nationale de l&rsquo;alimentation (Livsmedelsverket) sur son site. \u00ab\u00a0Pendant ce temps, la soci\u00e9t\u00e9 aura le temps de s&rsquo;organiser pour que tout le monde puisse recevoir de l&rsquo;aide\u00a0\u00bb.<\/p>\n<p>L&rsquo;Agence su\u00e9doise de la s\u00e9curit\u00e9 civile (MSB) a m\u00eame publi\u00e9 une liste d&rsquo;aliments conseill\u00e9s, riches en graisses et en prot\u00e9ines, et faciles \u00e0 conserver: pesto, viande ou poisson s\u00e9ch\u00e9, confiture, chocolat, pur\u00e9e et lait en poudre, biscuits&#8230;<\/p>\n<p>\u00ab\u00a0Dans un sc\u00e9nario de guerre, les gens seront plus actifs physiquement qu&rsquo;en temps normal (&#8230;) Les besoins \u00e9nerg\u00e9tiques moyens provenant de l&rsquo;alimentation augmenteront d&rsquo;environ 100 kilocalories par personne et par jour\u00a0\u00bb, explique \u00e0 l&rsquo;AFP Oskar Qvarfort, charg\u00e9 de la planification d&rsquo;urgence au sein de l&rsquo;agence nationale de l&rsquo;alimentation.<\/p>\n<p>Dans son sous-sol \u00e0 Stockholm, Martin Svennberg s&rsquo;est constitu\u00e9, pour lui et sa famille, d&rsquo;importantes r\u00e9serves: 100 kilos de farine, des dizaines de bo\u00eetes de conserve et une flop\u00e9e de repas lyophilis\u00e9s, de quoi tenir trois mois en cas de guerre.<\/p>\n<p>Pour lui, ces vivres ne servent pas seulement \u00e0 se nourrir, mais doivent aussi apporter un soutien moral, essentiel dans ce genre de situation.<\/p>\n<p>\u00ab\u00a0Faites des r\u00e9serves de nourriture que vous aimez et que vous mangez dans la vie normale\u00a0\u00bb, recommande cet informaticien de 53 ans.<\/p>\n<p>\u00ab\u00a0Quand vous allez chez votre m\u00e8re ou votre p\u00e8re et que vous mangez la nourriture qu&rsquo;ils vous pr\u00e9paraient quand vous \u00e9tiez enfant, vous ressentez un sentiment de soulagement et de nostalgie\u00a0\u00bb.<\/p>\n<h3>Un d\u00e9fi<\/h3>\n<p>Selon une enqu\u00eate men\u00e9e aupr\u00e8s de 2.000 personnes par le MSB, 76% d\u00e9clarent vouloir d\u00e9fendre leurs pays dans le cadre de la d\u00e9fense civile.<\/p>\n<p>Elle observe \u00e9galement que de plus en plus de Su\u00e9dois se disent \u00ab\u00a0inquiets\u00a0\u00bb apr\u00e8s avoir re\u00e7u le livret envoy\u00e9 par MSB en 2024, d\u00e9taillant les mesures \u00e0 prendre en cas de crise.<\/p>\n<p>La Su\u00e8de doit aussi composer avec des d\u00e9fis logistiques li\u00e9s \u00e0 sa g\u00e9ographie, en raison de son vaste territoire et de la faible densit\u00e9 de population de nombreuses r\u00e9gions.<\/p>\n<p>\u00ab\u00a0Une grande partie de la production alimentaire se concentre dans le sud, en particulier dans le V\u00e4stra G\u00f6taland et la Scanie\u00a0\u00bb et la majorit\u00e9 des importations arrivent principalement par ces r\u00e9gions, selon Oskar Qvarfort.<\/p>\n<p>L&rsquo;acheminement des denr\u00e9es alimentaires constitue donc \u00ab\u00a0un vrai d\u00e9fi\u00a0\u00bb dans l&rsquo;hypoth\u00e8se d&rsquo;un conflit arm\u00e9, reconna\u00eet M. Qvarfort, qui souligne que l&rsquo;Ukraine se heurte actuellement \u00e0 cette m\u00eame difficult\u00e9. (<strong>AFP<\/strong>)<\/p>\n","protected":false},"excerpt":{"rendered":"<p>Rencontr\u00e9e dans un salon consacr\u00e9 \u00e0 la pr\u00e9paration civile en banlieue de Stockholm, Sirkka Petrykowska, 71 ans, confie envisager s\u00e9rieusement la possibilit\u00e9 d&rsquo;un conflit. Elle s&rsquo;y pr\u00e9pare autant que possible. \u00ab\u00a0J&rsquo;ai achet\u00e9 un r\u00e9chaud, j&rsquo;ai suivi un cours de conservation \u00e0 l&rsquo;ancienne, o\u00f9 l&rsquo;on apprend \u00e0 conserver des l\u00e9gumes et de la viande avec un [&hellip;]<\/p>\n","protected":false},"author":1,"featured_media":13840,"comment_status":"open","ping_status":"closed","sticky":false,"template":"","format":"standard","meta":{"footnotes":""},"categories":[30],"tags":[426,3484],"class_list":["post-13839","post","type-post","status-publish","format-standard","has-post-thumbnail","hentry","category-actualite","tag-suede","tag-suede-se-preparer-a-la-guerre"],"aioseo_notices":[],"_links":{"self":[{"href":"https:\/\/www.culturalusa.com\/news\/wp-json\/wp\/v2\/posts\/13839","targetHints":{"allow":["GET"]}}],"collection":[{"href":"https:\/\/www.culturalusa.com\/news\/wp-json\/wp\/v2\/posts"}],"about":[{"href":"https:\/\/www.culturalusa.com\/news\/wp-json\/wp\/v2\/types\/post"}],"author":[{"embeddable":true,"href":"https:\/\/www.culturalusa.com\/news\/wp-json\/wp\/v2\/users\/1"}],"replies":[{"embeddable":true,"href":"https:\/\/www.culturalusa.com\/news\/wp-json\/wp\/v2\/comments?post=13839"}],"version-history":[{"count":1,"href":"https:\/\/www.culturalusa.com\/news\/wp-json\/wp\/v2\/posts\/13839\/revisions"}],"predecessor-version":[{"id":13841,"href":"https:\/\/www.culturalusa.com\/news\/wp-json\/wp\/v2\/posts\/13839\/revisions\/13841"}],"wp:featuredmedia":[{"embeddable":true,"href":"https:\/\/www.culturalusa.com\/news\/wp-json\/wp\/v2\/media\/13840"}],"wp:attachment":[{"href":"https:\/\/www.culturalusa.com\/news\/wp-json\/wp\/v2\/media?parent=13839"}],"wp:term":[{"taxonomy":"category","embeddable":true,"href":"https:\/\/www.culturalusa.com\/news\/wp-json\/wp\/v2\/categories?post=13839"},{"taxonomy":"post_tag","embeddable":true,"href":"https:\/\/www.culturalusa.com\/news\/wp-json\/wp\/v2\/tags?post=13839"}],"curies":[{"name":"wp","href":"https:\/\/api.w.org\/{rel}","templated":true}]}}