{"id":13844,"date":"2025-10-06T17:58:27","date_gmt":"2025-10-06T15:58:27","guid":{"rendered":"https:\/\/www.culturalusa.com\/news\/?p=13844"},"modified":"2025-10-06T17:58:27","modified_gmt":"2025-10-06T15:58:27","slug":"lecornu-a-remis-sa-demission-a-macron-qui-la-acceptee-elysee","status":"publish","type":"post","link":"https:\/\/www.culturalusa.com\/news\/politique\/lecornu-a-remis-sa-demission-a-macron-qui-la-acceptee-elysee\/","title":{"rendered":"Lecornu a remis sa d\u00e9mission \u00e0 Macron qui l&rsquo;a accept\u00e9e (Elys\u00e9e)"},"content":{"rendered":"<h2>Le Premier ministre S\u00e9bastien Lecornu a remis lundi sa d\u00e9mission \u00e0 Emmanuel Macron, qui l&rsquo;a accept\u00e9e, a annonc\u00e9 lundi l&rsquo;Elys\u00e9e dans un communiqu\u00e9.<\/h2>\n<blockquote><p>Nomm\u00e9 le 9 septembre, M. Lecornu \u00e9tait sous le feu des critiques des opposants et de la droite apr\u00e8s avoir d\u00e9voil\u00e9 dimanche soir une partie de son gouvernement. Son \u00e9quipe minist\u00e9rielle n&rsquo;aura donc dur\u00e9 qu&rsquo;une douzaine d&rsquo;heures.<\/p><\/blockquote>\n<p>M. Lecornu, qui restera comme le Premier ministre le plus \u00e9ph\u00e9m\u00e8re de la Ve R\u00e9publique, devait prononcer mardi sa d\u00e9claration de politique g\u00e9n\u00e9rale \u00e0 l&rsquo;Assembl\u00e9e et donner \u00e0 cette occasion ses grandes orientations budg\u00e9taires.<\/p>\n<p>Sa d\u00e9mission plonge la France dans une crise politique sans pr\u00e9c\u00e9dent depuis plusieurs d\u00e9cennies, et place Emmanuel Macron en premi\u00e8re ligne, alors que fleurissent des appels \u00e0 une nouvelle dissolution, voire \u00e0 une d\u00e9mission du chef de l&rsquo;Etat.<\/p>\n<h3>Le pays a connu cinq Premiers ministres depuis la r\u00e9\u00e9lection d&rsquo;Emmanuel Macron en mai 2022.<\/h3>\n<p>La d\u00e9signation de M. Lecornu, ministre des Arm\u00e9es proche d&rsquo;Emmanuel Macron, avait d\u00e9j\u00e0 suscit\u00e9 la r\u00e9probation de la gauche et du Rassemblement national, qui n&rsquo;ont cess\u00e9 de brandir la menace d&rsquo;une censure rapide \u00e0 moins d&rsquo;une rupture claire dans la politique men\u00e9e.<\/p>\n<p>Mais M. Lecornu a \u00e9galement d\u00fb faire face \u00e0 une fronde \u00e0 l&rsquo;int\u00e9rieur m\u00eame de sa fragile coalition gouvernementale.<\/p>\n<p>Les R\u00e9publicains ont fait monter la pression ces derniers jours en conditionnant leur participation \u00e0 des engagements suppl\u00e9mentaires du Premier ministre, notamment sur l&rsquo;immigration. Ils exigeaient \u00e9galement d&rsquo;avoir un tiers des postes minist\u00e9riels.<\/p>\n<p>Le d\u00e9voilement de son \u00e9quipe dimanche soir, qui fait la part belle aux reconductions et signe le retour au gouvernement de l&rsquo;ancien ministre de l&rsquo;Economie Bruno Le Maire, tenu pour responsable de la situation budg\u00e9taire, a achev\u00e9 d&rsquo;enflammer la situation. Jusqu&rsquo;\u00e0 pousser M. Lecornu \u00e0 la d\u00e9mission lundi matin.<\/p>\n","protected":false},"excerpt":{"rendered":"<p>Le Premier ministre S\u00e9bastien Lecornu a remis lundi sa d\u00e9mission \u00e0 Emmanuel Macron, qui l&rsquo;a accept\u00e9e, a annonc\u00e9 lundi l&rsquo;Elys\u00e9e dans un communiqu\u00e9. Nomm\u00e9 le 9 septembre, M. Lecornu \u00e9tait sous le feu des critiques des opposants et de la droite apr\u00e8s avoir d\u00e9voil\u00e9 dimanche soir une partie de son gouvernement. Son \u00e9quipe minist\u00e9rielle n&rsquo;aura [&hellip;]<\/p>\n","protected":false},"author":1,"featured_media":13845,"comment_status":"open","ping_status":"closed","sticky":false,"template":"","format":"standard","meta":{"footnotes":""},"categories":[1494],"tags":[829,3485,3486],"class_list":["post-13844","post","type-post","status-publish","format-standard","has-post-thumbnail","hentry","category-politique","tag-elysee","tag-lecornu-a-remis-sa-demission","tag-sebastien-lecornu"],"aioseo_notices":[],"_links":{"self":[{"href":"https:\/\/www.culturalusa.com\/news\/wp-json\/wp\/v2\/posts\/13844","targetHints":{"allow":["GET"]}}],"collection":[{"href":"https:\/\/www.culturalusa.com\/news\/wp-json\/wp\/v2\/posts"}],"about":[{"href":"https:\/\/www.culturalusa.com\/news\/wp-json\/wp\/v2\/types\/post"}],"author":[{"embeddable":true,"href":"https:\/\/www.culturalusa.com\/news\/wp-json\/wp\/v2\/users\/1"}],"replies":[{"embeddable":true,"href":"https:\/\/www.culturalusa.com\/news\/wp-json\/wp\/v2\/comments?post=13844"}],"version-history":[{"count":1,"href":"https:\/\/www.culturalusa.com\/news\/wp-json\/wp\/v2\/posts\/13844\/revisions"}],"predecessor-version":[{"id":13846,"href":"https:\/\/www.culturalusa.com\/news\/wp-json\/wp\/v2\/posts\/13844\/revisions\/13846"}],"wp:featuredmedia":[{"embeddable":true,"href":"https:\/\/www.culturalusa.com\/news\/wp-json\/wp\/v2\/media\/13845"}],"wp:attachment":[{"href":"https:\/\/www.culturalusa.com\/news\/wp-json\/wp\/v2\/media?parent=13844"}],"wp:term":[{"taxonomy":"category","embeddable":true,"href":"https:\/\/www.culturalusa.com\/news\/wp-json\/wp\/v2\/categories?post=13844"},{"taxonomy":"post_tag","embeddable":true,"href":"https:\/\/www.culturalusa.com\/news\/wp-json\/wp\/v2\/tags?post=13844"}],"curies":[{"name":"wp","href":"https:\/\/api.w.org\/{rel}","templated":true}]}}