{"id":1385,"date":"2014-03-26T10:29:43","date_gmt":"2014-03-26T09:29:43","guid":{"rendered":"http:\/\/www.culturalusa.com\/news\/?p=1385"},"modified":"2014-03-26T10:29:43","modified_gmt":"2014-03-26T09:29:43","slug":"cristiano-ronaldo-emmenera-sa-famille-au-mondial-dans-4-avions","status":"publish","type":"post","link":"https:\/\/www.culturalusa.com\/news\/portugal\/cristiano-ronaldo-emmenera-sa-famille-au-mondial-dans-4-avions\/","title":{"rendered":"Cristiano Ronaldo emm\u00e8nera sa famille au Mondial dans 4 avions"},"content":{"rendered":"<p><img loading=\"lazy\" decoding=\"async\" src=\"http:\/\/www.culturalusa.com\/news\/wp-content\/uploads\/2013\/11\/cristiano-ronaldo-portugal-suecia-15-11-2013-480x240.jpg\" alt=\"Cristiano Ronaldo\" width=\"467\" height=\"250\" class=\"aligncenter size-large wp-image-1255\" \/>La star Cristiano Ronaldo, Ballon d&rsquo;Or 2013, se rendra au Br\u00e9sil pour le Mondial-2014 avec l&rsquo;\u00e9quipe du Portugal dans un avion qui sera suivi par quatre jets transportant des membres de sa famille, a annonc\u00e9 vendredi l&rsquo;arm\u00e9e de l&rsquo;air br\u00e9silienne (FAB).<\/p>\n<p>\u00ab\u00a0La s\u00e9lection du Portugal arrive \u00e0 Campinas (dans l&rsquo;Etat de Sao Paulo, sud-est) le 7 juin. Cristiano Ronaldo arrive, et il sera accompagn\u00e9 d&rsquo;un avion de la presse portugaise avec 200 journalistes, outre quatre jets priv\u00e9s avec sa famille\u00a0\u00bb, a dit le colonel Ary Bertolino, chef du Centre de gestion de la navigation a\u00e9rienne de la FAB, lors d&rsquo;une conf\u00e9rence de presse consacr\u00e9e au plan de s\u00e9curit\u00e9 a\u00e9rienne du Mondial.<\/p>\n<p>L&rsquo;avion du capitaine du Portugal et ceux de sa suite atterriront \u00e0 l&rsquo;a\u00e9roport de Viracopos dans la ville de Campinas, camp de base de la Sele\u00e7\u00e3o.<\/p>\n<p>Campinas ne poss\u00e8de pas de base a\u00e9rienne, c&rsquo;est pourquoi ces avions venus du Portugal arriveront dans un a\u00e9roport commercial.<\/p>\n<p>Pour les autres atterrissages VIP, la FAB a mis \u00e0 la disposition des d\u00e9l\u00e9gations officielles et des chefs d&rsquo;Etat ses a\u00e9roports militaires.<\/p>\n<p>\u00ab\u00a0Pour que la routine d&rsquo;un a\u00e9roport ne soit pas touch\u00e9e par le syst\u00e8me de s\u00e9curit\u00e9, nous mettons \u00e0 disposition les bases a\u00e9riennes qui pr\u00e9sentent d\u00e9j\u00e0 une s\u00e9curit\u00e9 renforc\u00e9e\u00a0\u00bb, a pr\u00e9cis\u00e9 M. Bertolino.<\/p>\n<p>L&rsquo;\u00e9quipe du Portugal, vers\u00e9e dans le groupe G du Mondial, affrontera l&rsquo;Allemagne (15 juin \u00e0 Salvador), les Etats-Unis (le 22 \u00e0 Manaus) et le Ghana (le 26 \u00e0 Brasilia). (AFP)<\/p>\n<p style=\"text-align:center;\"><script type=\"text\/javascript\"><!--\ngoogle_ad_client = \"ca-pub-2727717456356200\";\n\/* CulturaLusa 468x60 *\/\ngoogle_ad_slot = \"2785499263\";\ngoogle_ad_width = 468;\ngoogle_ad_height = 60;\n\/\/-->\n<\/script><br \/>\n<script type=\"text\/javascript\"\nsrc=\"http:\/\/pagead2.googlesyndication.com\/pagead\/show_ads.js\">\n<\/script><\/p>\n","protected":false},"excerpt":{"rendered":"<p>La star Cristiano Ronaldo, Ballon d&rsquo;Or 2013, se rendra au Br\u00e9sil pour le Mondial-2014 avec l&rsquo;\u00e9quipe du Portugal dans un avion qui sera suivi par quatre jets transportant des membres de sa famille, a annonc\u00e9 vendredi l&rsquo;arm\u00e9e de l&rsquo;air br\u00e9silienne (FAB). \u00ab\u00a0La s\u00e9lection du Portugal arrive \u00e0 Campinas (dans l&rsquo;Etat de Sao Paulo, sud-est) le [&hellip;]<\/p>\n","protected":false},"author":1,"featured_media":0,"comment_status":"open","ping_status":"closed","sticky":false,"template":"","format":"standard","meta":{"footnotes":""},"categories":[3],"tags":[],"class_list":["post-1385","post","type-post","status-publish","format-standard","hentry","category-portugal"],"aioseo_notices":[],"_links":{"self":[{"href":"https:\/\/www.culturalusa.com\/news\/wp-json\/wp\/v2\/posts\/1385","targetHints":{"allow":["GET"]}}],"collection":[{"href":"https:\/\/www.culturalusa.com\/news\/wp-json\/wp\/v2\/posts"}],"about":[{"href":"https:\/\/www.culturalusa.com\/news\/wp-json\/wp\/v2\/types\/post"}],"author":[{"embeddable":true,"href":"https:\/\/www.culturalusa.com\/news\/wp-json\/wp\/v2\/users\/1"}],"replies":[{"embeddable":true,"href":"https:\/\/www.culturalusa.com\/news\/wp-json\/wp\/v2\/comments?post=1385"}],"version-history":[{"count":0,"href":"https:\/\/www.culturalusa.com\/news\/wp-json\/wp\/v2\/posts\/1385\/revisions"}],"wp:attachment":[{"href":"https:\/\/www.culturalusa.com\/news\/wp-json\/wp\/v2\/media?parent=1385"}],"wp:term":[{"taxonomy":"category","embeddable":true,"href":"https:\/\/www.culturalusa.com\/news\/wp-json\/wp\/v2\/categories?post=1385"},{"taxonomy":"post_tag","embeddable":true,"href":"https:\/\/www.culturalusa.com\/news\/wp-json\/wp\/v2\/tags?post=1385"}],"curies":[{"name":"wp","href":"https:\/\/api.w.org\/{rel}","templated":true}]}}