{"id":13861,"date":"2025-10-22T16:13:18","date_gmt":"2025-10-22T14:13:18","guid":{"rendered":"https:\/\/www.culturalusa.com\/news\/?p=13861"},"modified":"2025-10-22T16:15:00","modified_gmt":"2025-10-22T14:15:00","slug":"au-portugal-un-paradis-cotier-accapare-par-les-plus-fortunes","status":"publish","type":"post","link":"https:\/\/www.culturalusa.com\/news\/portugal\/au-portugal-un-paradis-cotier-accapare-par-les-plus-fortunes\/","title":{"rendered":"Au Portugal, un paradis c\u00f4tier accapar\u00e9 par les plus fortun\u00e9s"},"content":{"rendered":"<h2>Au-dessus des pin\u00e8des et des dunes qui longent des kilom\u00e8tres de plages quasi-d\u00e9sertes de ce coin du sud-ouest du Portugal, des grues s&rsquo;\u00e9l\u00e8vent des chantiers de construction de complexes h\u00f4teliers de luxe, illustrant la transformation de cette r\u00e9gion de Comporta en un nouveau refuge idyllique pour c\u00e9l\u00e9brit\u00e9s et touristes fortun\u00e9s.<\/h2>\n<blockquote><p>A une heure de route au sud de Lisbonne, ce lieu de vill\u00e9giature s\u00e9duit notamment des personnalit\u00e9s \u00ab\u00a0people\u00a0\u00bb telles que l&rsquo;actrice Nicole Kidman ou la princesse Caroline de Monaco, au point d&rsquo;\u00eatre d\u00e9sormais surnomm\u00e9e \u00ab\u00a0la nouvelle Riviera portugaise\u00a0\u00bb et compar\u00e9e aux Hamptons, la c\u00f4te hupp\u00e9e situ\u00e9e pr\u00e8s de New York.<\/p><\/blockquote>\n<p>Symbole du \u00ab\u00a0luxe d\u00e9contract\u00e9\u00a0\u00bb, Comporta attire \u00ab\u00a0une client\u00e8le fortun\u00e9e en qu\u00eate de nature, de discr\u00e9tion, de bien-\u00eatre\u00a0\u00bb, r\u00e9sume le cabinet Knight Frank dans un r\u00e9cent rapport.<\/p>\n<p>La destination figure parmi les cinq march\u00e9s r\u00e9sidentiels de luxe les plus recherch\u00e9s au monde, selon un classement publi\u00e9 fin septembre par ce cabinet international de conseil immobilier.<\/p>\n<p>Parmi les premi\u00e8res personnalit\u00e9s internationales \u00e0 d\u00e9couvrir son charme, le cr\u00e9ateur fran\u00e7ais Christian Louboutin, connu pour ses chaussures \u00e0 semelle rouge, y a m\u00eame ouvert son propre h\u00f4tel.<\/p>\n<p>L&rsquo;\u00e9tablissement se dresse au c\u0153ur du Melides, un petit village rural avec ses ruelles \u00e9cras\u00e9es par le soleil, ses chemin\u00e9es blanches et ses maisons blanchies \u00e0 la chaux avec leurs portes et fen\u00eatres encadr\u00e9es de bleu.<\/p>\n<p>La princesse Eug\u00e9nie, ni\u00e8ce du roi Charles III d&rsquo;Angleterre, partage son temps entre Londres et le Portugal, attir\u00e9e, dit-elle, par la simplicit\u00e9 du lieu: \u00ab\u00a0Je peux aller au supermarch\u00e9 en tenue de sport, les cheveux en bataille, et personne ne s&rsquo;en soucie\u00a0\u00bb, confiait-elle en 2023 dans le podcast Table and Manners.<\/p>\n<h3>\u00a0\u00ab\u00a0Huit m\u00e9ga-projets\u00a0\u00bb<\/h3>\n<p>Mais pour certains habitants de la r\u00e9gion et les d\u00e9fenseurs de l&rsquo;environnement, l&rsquo;envers du d\u00e9cor est plus inqui\u00e9tant.<\/p>\n<p>\u00ab\u00a0Nous avons cartographi\u00e9 huit m\u00e9ga-projets, chacun couvrant des centaines d&rsquo;hectares\u00a0\u00bb, alerte Rebeca Mateus, une biologiste membre de l&rsquo;association \u00ab\u00a0Dunas Livres\u00a0\u00bb (Dunes libres), qui d\u00e9nonce notamment la consommation \u00e9lev\u00e9e d\u2019eau dans une r\u00e9gion chroniquement menac\u00e9e par la s\u00e9cheresse.<\/p>\n<p>L&rsquo;association s&rsquo;inqui\u00e8te \u00e9galement des \u00ab\u00a0d\u00e9g\u00e2ts irr\u00e9versibles\u00a0\u00bb sur les dunes, un habitat fragile et lent \u00e0 se r\u00e9g\u00e9n\u00e9rer, explique \u00e0 l&rsquo;AFP Catarina Rosa, membre du m\u00eame collectif.<\/p>\n<p>La transformation de la r\u00e9gion remonte \u00e0 l&rsquo;effondrement d&rsquo;une dynastie de banquiers portugais, les Espirito Santo, dans la foul\u00e9e de la crise de la dette de 2011.<\/p>\n<p>Cette famille \u00e9tait jusqu&rsquo;alors la seule propri\u00e9taire de la \u00ab\u00a0Herdade de Comporta\u00a0\u00bb, un domaine agricole de plus de 12.000 hectares.<\/p>\n<p>Apr\u00e8s la faillite de Banco Espirito Santo, ses propri\u00e9taires ont vendu de vastes parcelles du domaine \u00e0 des promoteurs immobiliers, qui ont multipli\u00e9 les projets de r\u00e9sidences priv\u00e9es, complexes h\u00f4teliers et terrains de golf.<\/p>\n<p>Ces investissements sont port\u00e9s par des groupes portugais comme celui de la famille Amorim, le groupe Vanguard Properties du Fran\u00e7ais Claude Berda ou encore la soci\u00e9t\u00e9 am\u00e9ricaine Discovery Land and Company.<\/p>\n<h3>\u00a0\u00ab\u00a0Sans plan ni respect\u00a0\u00bb<\/h3>\n<p>Cette derni\u00e8re d\u00e9veloppe notamment le projet Costa Terra Golf and Ocean Club, avec pr\u00e8s de 300 villas de luxe.<\/p>\n<p>Pour la population locale, certains ont profit\u00e9 de cet engouement pour vendre leurs petites propri\u00e9t\u00e9s pour des montants irr\u00e9sistibles, tandis que d&rsquo;autres s&rsquo;inqui\u00e8tent d&rsquo;une flamb\u00e9e des prix de l&rsquo;immobilier qui bouleverse tout un mode de vie.<\/p>\n<p>\u00ab\u00a0Une petite maison, qui valait 20.000 euros il y a vingt ans, en vaut aujourd&rsquo;hui un million\u00a0\u00bb, t\u00e9moigne aupr\u00e8s de l&rsquo;AFP Jacinto Ventura, agriculteur de 42 ans et pr\u00e9sident d&rsquo;une association locale \u00e0 Melides.<\/p>\n<p>Par ailleurs, les habitants se plaignent d&rsquo;entraves croissantes \u00e0 l&rsquo;acc\u00e8s aux plages, cens\u00e9es \u00eatre toutes publiques, et d&rsquo;un co\u00fbt de la vie qui augmente, notamment dans les petits commerces locaux.<\/p>\n<p>Et alors que certains se r\u00e9signent \u00e0 quitter la r\u00e9gion, d&rsquo;autres tentent de r\u00e9sister, comme Belinda Sobral, une ancienne ing\u00e9nieure de 42 ans qui a repris la taverne de ses grands-parents dans un petit village un peu plus \u00e0 l&rsquo;int\u00e9rieur des terres, dans la commune de Gr\u00e2ndola.<\/p>\n<p>\u00ab\u00a0Le tourisme, ce n&rsquo;est pas le probl\u00e8me, c&rsquo;est la fa\u00e7on dont cela a \u00e9t\u00e9 fait: trop vite, sans plan ni respect des gens d&rsquo;ici\u00a0\u00bb, d\u00e9plore cette m\u00e8re de deux enfants.<\/p>\n<p>\u00ab\u00a0Je veux pr\u00e9server l&rsquo;identit\u00e9 du lieu\u00a0\u00bb, dit-elle. \u00ab\u00a0Sans m\u00e9moire, Comporta deviendra une autre Ibiza, une station baln\u00e9aire comme tant d&rsquo;autres.\u00a0\u00bb (<strong>AFP<\/strong>)<\/p>\n","protected":false},"excerpt":{"rendered":"<p>Au-dessus des pin\u00e8des et des dunes qui longent des kilom\u00e8tres de plages quasi-d\u00e9sertes de ce coin du sud-ouest du Portugal, des grues s&rsquo;\u00e9l\u00e8vent des chantiers de construction de complexes h\u00f4teliers de luxe, illustrant la transformation de cette r\u00e9gion de Comporta en un nouveau refuge idyllique pour c\u00e9l\u00e9brit\u00e9s et touristes fortun\u00e9s. A une heure de route [&hellip;]<\/p>\n","protected":false},"author":1,"featured_media":13862,"comment_status":"open","ping_status":"closed","sticky":false,"template":"","format":"standard","meta":{"footnotes":""},"categories":[3],"tags":[3495,3494],"class_list":["post-13861","post","type-post","status-publish","format-standard","has-post-thumbnail","hentry","category-portugal","tag-portugal-touristes-fortunes","tag-portugal-un-paradis-cotier"],"aioseo_notices":[],"_links":{"self":[{"href":"https:\/\/www.culturalusa.com\/news\/wp-json\/wp\/v2\/posts\/13861","targetHints":{"allow":["GET"]}}],"collection":[{"href":"https:\/\/www.culturalusa.com\/news\/wp-json\/wp\/v2\/posts"}],"about":[{"href":"https:\/\/www.culturalusa.com\/news\/wp-json\/wp\/v2\/types\/post"}],"author":[{"embeddable":true,"href":"https:\/\/www.culturalusa.com\/news\/wp-json\/wp\/v2\/users\/1"}],"replies":[{"embeddable":true,"href":"https:\/\/www.culturalusa.com\/news\/wp-json\/wp\/v2\/comments?post=13861"}],"version-history":[{"count":1,"href":"https:\/\/www.culturalusa.com\/news\/wp-json\/wp\/v2\/posts\/13861\/revisions"}],"predecessor-version":[{"id":13863,"href":"https:\/\/www.culturalusa.com\/news\/wp-json\/wp\/v2\/posts\/13861\/revisions\/13863"}],"wp:featuredmedia":[{"embeddable":true,"href":"https:\/\/www.culturalusa.com\/news\/wp-json\/wp\/v2\/media\/13862"}],"wp:attachment":[{"href":"https:\/\/www.culturalusa.com\/news\/wp-json\/wp\/v2\/media?parent=13861"}],"wp:term":[{"taxonomy":"category","embeddable":true,"href":"https:\/\/www.culturalusa.com\/news\/wp-json\/wp\/v2\/categories?post=13861"},{"taxonomy":"post_tag","embeddable":true,"href":"https:\/\/www.culturalusa.com\/news\/wp-json\/wp\/v2\/tags?post=13861"}],"curies":[{"name":"wp","href":"https:\/\/api.w.org\/{rel}","templated":true}]}}