{"id":13894,"date":"2025-11-12T16:25:18","date_gmt":"2025-11-12T15:25:18","guid":{"rendered":"https:\/\/www.culturalusa.com\/news\/?p=13894"},"modified":"2025-11-12T16:25:18","modified_gmt":"2025-11-12T15:25:18","slug":"suspension-de-la-reforme-des-retraites-en-passe-detre-votee-a-lassemblee","status":"publish","type":"post","link":"https:\/\/www.culturalusa.com\/news\/actualite\/suspension-de-la-reforme-des-retraites-en-passe-detre-votee-a-lassemblee\/","title":{"rendered":"Suspension de la r\u00e9forme des retraites en passe d&rsquo;\u00eatre vot\u00e9e \u00e0 l&rsquo;Assembl\u00e9e"},"content":{"rendered":"<h2>La suspension de la r\u00e9forme des retraites de 2023, dont l&rsquo;examen a enfin d\u00e9but\u00e9 \u00e0 l&rsquo;Assembl\u00e9e, a de grandes chances d&rsquo;\u00eatre vot\u00e9e, m\u00eame si les \u00e9changes s&rsquo;annoncent houleux \u00e0 gauche.<\/h2>\n<blockquote><p>Les d\u00e9put\u00e9s ont commenc\u00e9 \u00e0 d\u00e9battre de l&rsquo;article du projet de loi de financement de la S\u00e9curit\u00e9 sociale qui suspend jusqu&rsquo;\u00e0 janvier 2028 la marche en avant vers les 64 ans, tout comme le rel\u00e8vement du nombre de trimestres \u00e0 cotiser.<\/p><\/blockquote>\n<p>Concr\u00e8tement, la g\u00e9n\u00e9ration n\u00e9e en 1964 partirait \u00e0 62 ans et 9 mois (comme la pr\u00e9c\u00e9dente) au lieu des 63 ans pr\u00e9vus par la r\u00e9forme. Ces assur\u00e9s partiraient avec 170 trimestres cotis\u00e9s au lieu de 171.<\/p>\n<p>Si aucune autre r\u00e9forme n&rsquo;\u00e9tait vot\u00e9e apr\u00e8s la pr\u00e9sidentielle, l&rsquo;application de la r\u00e9forme Borne reprendrait ensuite, avec un trimestre de d\u00e9calage.<\/p>\n<p>Pour s&rsquo;assurer du vote des socialistes, voire de certains \u00e9cologistes et communistes, le gouvernement a d\u00e9pos\u00e9 un amendement pour \u00e9largir cette suspension, notamment aux carri\u00e8res longues, aux cat\u00e9gories \u00ab\u00a0actives\u00a0\u00bb et \u00ab\u00a0superactives\u00a0\u00bb de la fonction publique (pompiers, aides-soignantes&#8230;) et aux personnes n\u00e9es au premier trimestre 1965.<\/p>\n<p>Une ouverture qui a un co\u00fbt : \u00e9valu\u00e9e \u00e0 100 millions d&rsquo;euros en 2026 et 1,4 milliard en 2027 par le gouvernement, la suspension co\u00fbterait avec l&rsquo;\u00e9largissement 300 millions en 2026 et 1,9 milliard en 2027. Elle pourrait \u00eatre financ\u00e9e par une hausse de la CSG sur les revenus du capital vot\u00e9e dans le m\u00eame budget.<\/p>\n<p>Et si les socialistes ne boudent pas leur plaisir d&rsquo;avoir r\u00e9ussi \u00e0 faire bouger Emmanuel Macron sur sa principale r\u00e9forme du second quinquennat, les Insoumis restent vent debout contre \u00ab\u00a0une trahison\u00a0\u00bb du PS sur \u00ab\u00a0l&rsquo;abrogation\u00a0\u00bb de la r\u00e9forme, revendiqu\u00e9e par le Nouveau Front populaire aux l\u00e9gislatives-2024.<\/p>\n<p>\u00ab\u00a0Nous ne voterons pas cette compromission PS-Lecornu !\u00a0\u00bb, d\u00e9nonce Eric Coquerel (LFI) selon qui voter \u00ab\u00a0ce d\u00e9calage de 3 mois\u00a0\u00bb revient \u00e0 valider de facto aussi pour la premi\u00e8re fois l&rsquo;\u00e2ge l\u00e9gal de 64 ans.<\/p>\n<p>Le \u00ab\u00a0rapport de force, il porte ses fruits\u00a0\u00bb, se r\u00e9jouit au contraire J\u00e9r\u00f4me Guedj (PS).<\/p>\n<p>Une ligne de partage qui divise aussi les syndicats, la CFDT ayant salu\u00e9 une \u00ab\u00a0vraie victoire\u00a0\u00bb, quand la CGT fustige un \u00ab\u00a0simple d\u00e9calage\u00a0\u00bb.<\/p>\n<p>De quoi susciter des interrogations \u00e0 gauche. Les \u00e9cologistes voteront pour. Les d\u00e9put\u00e9s communistes voteront majoritairement contre ce qu&rsquo;ils consid\u00e8rent comme un simple \u00ab\u00a0d\u00e9calage\u00a0\u00bb et non une \u00ab\u00a0suspension\u00a0\u00bb, selon leur pr\u00e9sident St\u00e9phane Peu.<\/p>\n<h3>\u00a0\u00ab\u00a0On peut continuer\u00a0\u00bb<\/h3>\n<p>Pour des raisons diam\u00e9tralement oppos\u00e9es, une majorit\u00e9 du groupe LR devrait s&rsquo;opposer \u00e0 cette suspension, \u00e0 l&rsquo;instar des d\u00e9put\u00e9s Horizons d&rsquo;\u00c9douard Philippe, qui a d\u00e9sapprouv\u00e9 une concession \u00ab\u00a0trop importante\u00a0\u00bb au PS.<\/p>\n<p>Ces oppositions ne suffiront pas car \u00ab\u00a0tous les d\u00e9put\u00e9s RN\u00a0\u00bb voteront pour la suspension, selon leur cheffe de file Marine Le Pen.<\/p>\n<p>Et les d\u00e9put\u00e9s Renaissance s&rsquo;abstiendront majoritairement, souvent \u00e0 contrec\u0153ur, pour ne pas faire d\u00e9railler l&rsquo;accord avec les socialistes. \u00ab\u00a0Cinq ou six\u00a0\u00bb devraient voter contre, selon une source au groupe.<\/p>\n<p>Le chemin sera de toute fa\u00e7on encore long pour l&rsquo;adoption finale de cette suspension, qui sera accueillie en terrain hostile au S\u00e9nat, probablement \u00e0 partir de samedi.<\/p>\n<p>En raison du retard accumul\u00e9, les d\u00e9put\u00e9s n&rsquo;auront peut-\u00eatre pas la possibilit\u00e9 de voter en premi\u00e8re lecture sur l&rsquo;ensemble du budget de la S\u00e9curit\u00e9 sociale, dont l&rsquo;examen doit s&rsquo;achever \u00e0 ce stade mercredi \u00e0 minuit, avec pr\u00e8s de 400 amendements encore \u00e0 examiner.<\/p>\n<p>Y a-t-il encore une chance d&rsquo;aller au vote ? \u00ab\u00a0Non\u00a0\u00bb, estimait sobrement un d\u00e9put\u00e9 PS mercredi matin. \u00ab\u00a0On peut continuer\u00a0\u00bb les d\u00e9bats au-del\u00e0 de minuit, insiste le d\u00e9put\u00e9 LFI Hadrien Clouet, interpellant le gouvernement, arguant que ce dernier peut \u00e0 partir de minuit transmettre le texte au S\u00e9nat, mais n&rsquo;est pas oblig\u00e9 de le faire.<\/p>\n<p>Les Insoumis estiment que socialistes et gouvernement se sont entendus pour jouer la montre pour ne pas prendre le risque d&rsquo;un rejet du budget dans l&rsquo;h\u00e9micycle.<\/p>\n<p>Car, si le RN vote pour la suspension de la r\u00e9forme des retraites, il entend voter contre le texte dans son ensemble avec la suspension incluse.<\/p>\n<p>Cela pourrait contraindre les socialistes \u00e0 voter avec les macronistes en faveur du texte global alors qu&rsquo;ils pr\u00e9f\u00e8reraient s&rsquo;abstenir, n&rsquo;en cautionnant pas toutes les mesures.<\/p>\n<h3>En l&rsquo;absence de vote, le texte sera quoi qu&rsquo;il arrive transmis au S\u00e9nat et le gouvernement s&rsquo;est engag\u00e9 \u00e0 envoy\u00e9 la copie de l&rsquo;Assembl\u00e9e, dans son \u00e9tat au moment de l&rsquo;interruption des d\u00e9bats. (AFP<\/h3>\n","protected":false},"excerpt":{"rendered":"<p>La suspension de la r\u00e9forme des retraites de 2023, dont l&rsquo;examen a enfin d\u00e9but\u00e9 \u00e0 l&rsquo;Assembl\u00e9e, a de grandes chances d&rsquo;\u00eatre vot\u00e9e, m\u00eame si les \u00e9changes s&rsquo;annoncent houleux \u00e0 gauche. Les d\u00e9put\u00e9s ont commenc\u00e9 \u00e0 d\u00e9battre de l&rsquo;article du projet de loi de financement de la S\u00e9curit\u00e9 sociale qui suspend jusqu&rsquo;\u00e0 janvier 2028 la marche [&hellip;]<\/p>\n","protected":false},"author":1,"featured_media":11067,"comment_status":"open","ping_status":"closed","sticky":false,"template":"","format":"standard","meta":{"footnotes":""},"categories":[30],"tags":[1055,932],"class_list":["post-13894","post","type-post","status-publish","format-standard","has-post-thumbnail","hentry","category-actualite","tag-reforme-des-retraites","tag-retraites"],"aioseo_notices":[],"_links":{"self":[{"href":"https:\/\/www.culturalusa.com\/news\/wp-json\/wp\/v2\/posts\/13894","targetHints":{"allow":["GET"]}}],"collection":[{"href":"https:\/\/www.culturalusa.com\/news\/wp-json\/wp\/v2\/posts"}],"about":[{"href":"https:\/\/www.culturalusa.com\/news\/wp-json\/wp\/v2\/types\/post"}],"author":[{"embeddable":true,"href":"https:\/\/www.culturalusa.com\/news\/wp-json\/wp\/v2\/users\/1"}],"replies":[{"embeddable":true,"href":"https:\/\/www.culturalusa.com\/news\/wp-json\/wp\/v2\/comments?post=13894"}],"version-history":[{"count":1,"href":"https:\/\/www.culturalusa.com\/news\/wp-json\/wp\/v2\/posts\/13894\/revisions"}],"predecessor-version":[{"id":13895,"href":"https:\/\/www.culturalusa.com\/news\/wp-json\/wp\/v2\/posts\/13894\/revisions\/13895"}],"wp:featuredmedia":[{"embeddable":true,"href":"https:\/\/www.culturalusa.com\/news\/wp-json\/wp\/v2\/media\/11067"}],"wp:attachment":[{"href":"https:\/\/www.culturalusa.com\/news\/wp-json\/wp\/v2\/media?parent=13894"}],"wp:term":[{"taxonomy":"category","embeddable":true,"href":"https:\/\/www.culturalusa.com\/news\/wp-json\/wp\/v2\/categories?post=13894"},{"taxonomy":"post_tag","embeddable":true,"href":"https:\/\/www.culturalusa.com\/news\/wp-json\/wp\/v2\/tags?post=13894"}],"curies":[{"name":"wp","href":"https:\/\/api.w.org\/{rel}","templated":true}]}}