{"id":13902,"date":"2025-11-23T18:02:13","date_gmt":"2025-11-23T17:02:13","guid":{"rendered":"https:\/\/www.culturalusa.com\/news\/?p=13902"},"modified":"2025-11-23T18:02:13","modified_gmt":"2025-11-23T17:02:13","slug":"grippe-les-senateurs-retablissent-la-vaccination-obligatoire-pour-les-soignants","status":"publish","type":"post","link":"https:\/\/www.culturalusa.com\/news\/bien-etre-sante\/grippe-les-senateurs-retablissent-la-vaccination-obligatoire-pour-les-soignants\/","title":{"rendered":"Grippe: les s\u00e9nateurs r\u00e9tablissent la vaccination obligatoire pour les soignants"},"content":{"rendered":"<h2>Les s\u00e9nateurs ont approuv\u00e9 \u00e0 main lev\u00e9e la vaccination obligatoire contre la grippe des soignants exer\u00e7ant \u00e0 titre lib\u00e9ral, qui avait \u00e9t\u00e9 \u00e9cart\u00e9e par les d\u00e9put\u00e9s lors de l&rsquo;examen en premi\u00e8re lecture du budget de la S\u00e9curit\u00e9 sociale pour 2026.<\/h2>\n<blockquote><p><strong>Un article du projet de loi de financement de la S\u00e9curit\u00e9 sociale pr\u00e9voit dans sa version initiale que \u00ab\u00a0sous r\u00e9serve d&rsquo;une recommandation\u00a0\u00bb de la Haute Autorit\u00e9 de sant\u00e9 (HAS), la vaccination contre la grippe soit obligatoire pour les personnes r\u00e9sidant en Ehpad \u00ab\u00a0pendant la p\u00e9riode \u00e9pid\u00e9mique\u00a0\u00bb.<\/strong><\/p><\/blockquote>\n<p>La m\u00eame obligation, conditionn\u00e9e \u00e0 une recommandation de la HAS, est pr\u00e9vue pour \u00ab\u00a0les professionnels de sant\u00e9 exer\u00e7ant, \u00e0 titre lib\u00e9ral, une profession list\u00e9e dans un d\u00e9cret en Conseil d&rsquo;\u00c9tat\u00a0\u00bb.<\/p>\n<p>Ce d\u00e9cret devrait pr\u00e9ciser les \u00ab\u00a0conditions d&rsquo;exercice\u00a0\u00bb des soignants et \u00ab\u00a0l&rsquo;exposition \u00e0 des risques de contamination\u00a0\u00bb, notamment pour les personnes dont ils sont charg\u00e9s.<\/p>\n<p>L&rsquo;article a \u00e9t\u00e9 rejet\u00e9 \u00e0 l&rsquo;Assembl\u00e9e, l&rsquo;alliance RN-UDR et La France insoumise votant contre. Le RN avait d\u00e9fendu la \u00ab\u00a0libert\u00e9 vaccinale\u00a0\u00bb et LFI s&rsquo;\u00e9tait inqui\u00e9t\u00e9e du sort des r\u00e9sidents qui refuseraient.<\/p>\n<p>Les s\u00e9nateurs l&rsquo;ont au contraire approuv\u00e9, non sans avoir adopt\u00e9 au pr\u00e9alable un amendement de la rapporteure g\u00e9n\u00e9rale Corinne Imbert (LR) supprimant l&rsquo;obligation vaccinale pour les r\u00e9sidents des Ehpad, contre l&rsquo;avis du gouvernement.<\/p>\n<p>Soulignant que le taux de couverture des r\u00e9sidents est d\u00e9j\u00e0 \u00e9lev\u00e9 (83%), Mme Imbert a estim\u00e9 que l&rsquo;obligation posait pour les r\u00e9sidents \u00ab\u00a0des questions \u00e9thiques sensibles, notamment celle du consentement aux soins, d&rsquo;autant plus complexe \u00e0 appr\u00e9hender pour des personnes qui peuvent souffrir de troubles cognitifs\u00a0\u00bb.<\/p>\n<p>Elle a aussi fait valoir qu'\u00a0\u00bbaucune cons\u00e9quence concr\u00e8te (&#8230;) ne pourrait \u00eatre tir\u00e9e d&rsquo;un refus de vaccination\u00a0\u00bb, car \u00ab\u00a0on ne saurait imaginer (&#8230;) une expulsion de personnes vuln\u00e9rables de leurs structures d&rsquo;h\u00e9bergement parce qu&rsquo;ils refusent de se faire vacciner\u00a0\u00bb.<\/p>\n<p>La ministre de la Sant\u00e9 St\u00e9phanie Rist a \u00e9mis un avis d\u00e9favorable, soulignant que le taux de 83% pouvait masquer de fortes disparit\u00e9s en fonction des \u00e9tablissements.<\/p>\n<p>La HAS doit exprimer au printemps une recommandation sur une obligation vaccinale en 2026 contre la grippe des professionnels de sant\u00e9 exer\u00e7ant dans les structures hospitali\u00e8res et m\u00e9dicosociales.<\/p>\n<h3>L&rsquo;\u00e9pid\u00e9mie de grippe a provoqu\u00e9 en 2024 17.000 d\u00e9c\u00e8s, une flamb\u00e9e qui a eu un fort impact sur les h\u00f4pitaux et relanc\u00e9 la question sensible d&rsquo;une telle obligation, alors que seuls \u00ab\u00a021% des soignants sont vaccin\u00e9s contre la grippe\u00a0\u00bb, selon Mme Rist.<\/h3>\n","protected":false},"excerpt":{"rendered":"<p>Les s\u00e9nateurs ont approuv\u00e9 \u00e0 main lev\u00e9e la vaccination obligatoire contre la grippe des soignants exer\u00e7ant \u00e0 titre lib\u00e9ral, qui avait \u00e9t\u00e9 \u00e9cart\u00e9e par les d\u00e9put\u00e9s lors de l&rsquo;examen en premi\u00e8re lecture du budget de la S\u00e9curit\u00e9 sociale pour 2026. Un article du projet de loi de financement de la S\u00e9curit\u00e9 sociale pr\u00e9voit dans sa [&hellip;]<\/p>\n","protected":false},"author":1,"featured_media":10209,"comment_status":"open","ping_status":"closed","sticky":false,"template":"","format":"standard","meta":{"footnotes":""},"categories":[2209],"tags":[1431,3512,2021],"class_list":["post-13902","post","type-post","status-publish","format-standard","has-post-thumbnail","hentry","category-bien-etre-sante","tag-grippe","tag-vaccination-contre-la-grippe","tag-vaccination-obligatoire"],"aioseo_notices":[],"_links":{"self":[{"href":"https:\/\/www.culturalusa.com\/news\/wp-json\/wp\/v2\/posts\/13902","targetHints":{"allow":["GET"]}}],"collection":[{"href":"https:\/\/www.culturalusa.com\/news\/wp-json\/wp\/v2\/posts"}],"about":[{"href":"https:\/\/www.culturalusa.com\/news\/wp-json\/wp\/v2\/types\/post"}],"author":[{"embeddable":true,"href":"https:\/\/www.culturalusa.com\/news\/wp-json\/wp\/v2\/users\/1"}],"replies":[{"embeddable":true,"href":"https:\/\/www.culturalusa.com\/news\/wp-json\/wp\/v2\/comments?post=13902"}],"version-history":[{"count":1,"href":"https:\/\/www.culturalusa.com\/news\/wp-json\/wp\/v2\/posts\/13902\/revisions"}],"predecessor-version":[{"id":13903,"href":"https:\/\/www.culturalusa.com\/news\/wp-json\/wp\/v2\/posts\/13902\/revisions\/13903"}],"wp:featuredmedia":[{"embeddable":true,"href":"https:\/\/www.culturalusa.com\/news\/wp-json\/wp\/v2\/media\/10209"}],"wp:attachment":[{"href":"https:\/\/www.culturalusa.com\/news\/wp-json\/wp\/v2\/media?parent=13902"}],"wp:term":[{"taxonomy":"category","embeddable":true,"href":"https:\/\/www.culturalusa.com\/news\/wp-json\/wp\/v2\/categories?post=13902"},{"taxonomy":"post_tag","embeddable":true,"href":"https:\/\/www.culturalusa.com\/news\/wp-json\/wp\/v2\/tags?post=13902"}],"curies":[{"name":"wp","href":"https:\/\/api.w.org\/{rel}","templated":true}]}}