{"id":13904,"date":"2025-11-23T18:21:18","date_gmt":"2025-11-23T17:21:18","guid":{"rendered":"https:\/\/www.culturalusa.com\/news\/?p=13904"},"modified":"2025-11-23T18:21:18","modified_gmt":"2025-11-23T17:21:18","slug":"ukrainiens-americains-et-europeens-vont-discuter-en-suisse-du-plan-de-trump","status":"publish","type":"post","link":"https:\/\/www.culturalusa.com\/news\/actualite\/ukrainiens-americains-et-europeens-vont-discuter-en-suisse-du-plan-de-trump\/","title":{"rendered":"Ukrainiens, Am\u00e9ricains et Europ\u00e9ens vont discuter en Suisse du plan de Trump"},"content":{"rendered":"<h2>Des responsables ukrainiens, am\u00e9ricains et europ\u00e9ens se retrouvent dimanche en Suisse pour discuter du plan de Donald Trump visant \u00e0 mettre fin \u00e0 la guerre en Ukraine, au moment o\u00f9 Kiev craint d&rsquo;\u00eatre pouss\u00e9 \u00e0 une capitulation face \u00e0 Moscou.<\/h2>\n<blockquote><p>Le pr\u00e9sident am\u00e9ricain a fait savoir que ce plan n&rsquo;\u00e9tait pas sa derni\u00e8re offre et qu&rsquo;il souhaitait que les combats cessent \u00ab\u00a0d&rsquo;une mani\u00e8re ou d&rsquo;une autre\u00a0\u00bb.<\/p><\/blockquote>\n<p>Ce plan en 28 points suscite une grande inqui\u00e9tude \u00e0 Kiev car il reprend plusieurs exigences cl\u00e9s de la Russie, \u00e0 savoir que l&rsquo;Ukraine lui c\u00e8de des territoires, accepte de r\u00e9duire la taille de son arm\u00e9e et renonce \u00e0 int\u00e9grer l&rsquo;Otan. Il offre cependant des garanties de s\u00e9curit\u00e9 occidentales \u00e0 Kiev pour pr\u00e9venir toute nouvelle attaque russe.<\/p>\n<p>Le pr\u00e9sident ukrainien Volodymyr Zelensky a repouss\u00e9 vendredi ce plan, que Donald Trump et Vladimir Poutine le pressent d&rsquo;accepter, assurant qu&rsquo;il allait proposer des \u00ab\u00a0alternatives\u00a0\u00bb aux Am\u00e9ricains.<\/p>\n<p>Un responsable am\u00e9ricain a confirm\u00e9 \u00e0 l&rsquo;AFP l&rsquo;arriv\u00e9e dimanche \u00e0 Gen\u00e8ve du secr\u00e9taire d&rsquo;Etat Marco Rubio et de l&rsquo;\u00e9missaire diplomatique de Donald Trump, Steve Witkoff, et celle, samedi, du secr\u00e9taire am\u00e9ricain \u00e0 l&rsquo;Arm\u00e9e Daniel Driscoll. La d\u00e9l\u00e9gation ukrainienne en charge des pourparlers sera men\u00e9e par le bras droit de M. Zelensky, le chef de la pr\u00e9sidence Andri\u00ef Iermak.<\/p>\n<p>C\u00f4t\u00e9 europ\u00e9en, les conseillers \u00e0 la s\u00e9curit\u00e9 nationale des dirigeants fran\u00e7ais, allemand, britannique et italienne seront pr\u00e9sents \u00e0 Gen\u00e8ve pour prendre part aux discussions, selon plusieurs sources.<\/p>\n<p>R\u00e9unis au sommet du G20, onze pays principalement europ\u00e9ens ont estim\u00e9 dans une d\u00e9claration que le plan am\u00e9ricain \u00ab\u00a0requerra du travail suppl\u00e9mentaire\u00a0\u00bb, craignant qu&rsquo;il ne laisse l&rsquo;Ukraine \u00ab\u00a0vuln\u00e9rable \u00e0 de futures attaques\u00a0\u00bb.<\/p>\n<p>A Johannesburg, le pr\u00e9sident fran\u00e7ais Emmanuel Macron a annonc\u00e9 une r\u00e9union mardi apr\u00e8s-midi en visioconf\u00e9rence des pays soutenant l&rsquo;Ukraine. Selon lui, sans \u00ab\u00a0\u00e9l\u00e9ments de dissuasion, les Russes reviendront\u00a0\u00bb.<\/p>\n<h3>\u00a0\u00ab\u00a0Poutine ne comprend que la force\u00a0\u00bb<\/h3>\n<p>Donald Trump avait donn\u00e9 jusqu&rsquo;au 27 novembre, jour de la f\u00eate de Thanksgiving, \u00e0 M. Zelensky pour donner sa r\u00e9ponse aux solutions propos\u00e9es.<\/p>\n<p>Samedi, il a r\u00e9pondu \u00ab\u00a0non\u00a0\u00bb \u00e0 la question de savoir si son plan pour mettre fin au conflit en Ukraine \u00e9tait sa \u00ab\u00a0derni\u00e8re offre\u00a0\u00bb. \u00ab\u00a0Nous essayons d&rsquo;y mettre fin. D&rsquo;une mani\u00e8re ou d&rsquo;une autre, nous devons y mettre fin\u00a0\u00bb, a-t-il d\u00e9clar\u00e9 \u00e0 la presse, sans toutefois donner davantage de d\u00e9tails.<\/p>\n<p>Volodymyr Zelensky avait estim\u00e9 vendredi que son pays traversait \u00ab\u00a0l&rsquo;un des moments les plus difficiles de (son) histoire\u00a0\u00bb et \u00e9voqu\u00e9 un \u00ab\u00a0choix tr\u00e8s difficile\u00a0\u00bb: \u00ab\u00a0la perte de dignit\u00e9 ou le risque de perdre un partenaire cl\u00e9\u00a0\u00bb, les Etats-Unis.<\/p>\n<p>Vladimir Poutine a lui assur\u00e9 que le texte am\u00e9ricain \u00ab\u00a0pouvait servir de base \u00e0 un r\u00e8glement pacifique d\u00e9finitif\u00a0\u00bb du conflit lanc\u00e9 en 2022, se disant pr\u00eat \u00e0 une \u00ab\u00a0discussion approfondie de tous les d\u00e9tails\u00a0\u00bb du texte.<\/p>\n<p>En cas de refus ukrainien, il a menac\u00e9 de poursuivre les conqu\u00eates territoriales sur le front, o\u00f9 son arm\u00e9e a l&rsquo;avantage.<\/p>\n<p>Des m\u00e9dias, dont l&rsquo;AFP, ont publi\u00e9 ces propositions am\u00e9ricaines qui reprennent plusieurs demandes formul\u00e9es par le Kremlin, \u00e0 un moment o\u00f9 la pr\u00e9sidence ukrainienne est d\u00e9stabilis\u00e9e par un vaste scandale de corruption impliquant des proches de M. Zelensky, o\u00f9 l&rsquo;arm\u00e9e est en recul sur le front et o\u00f9 la population est soumise \u00e0 des coupures de courant d&rsquo;ampleur en raison des frappes russes.<\/p>\n<p>Selon ce plan, les deux r\u00e9gions du bassin minier et industriel du Donbass, Donetsk et Lougansk (est), ainsi que la Crim\u00e9e annex\u00e9e en 2014, seraient \u00ab\u00a0reconnues de facto comme russes, y compris par les \u00c9tats-Unis\u00a0\u00bb, et Moscou recevrait d&rsquo;autres territoires ukrainiens qui sont encore aujourd&rsquo;hui sous le contr\u00f4le de Kiev.<\/p>\n<p>La Russie verrait \u00e9galement son isolement \u00e0 l&rsquo;\u00e9gard du monde occidental prendre fin avec sa r\u00e9int\u00e9gration au G8 et la lev\u00e9e progressive des sanctions, ainsi que son souhait d&rsquo;\u00e9loigner \u00e0 jamais Kiev de l&rsquo;Alliance atlantique ent\u00e9rin\u00e9 dans la Constitution ukrainienne.<\/p>\n<p>Kiev devrait limiter son arm\u00e9e \u00e0 600.000 militaires et se contenter d&rsquo;une protection par des avions de combats europ\u00e9ens bas\u00e9s en Pologne, tandis que l&rsquo;Otan s&rsquo;engagerait \u00e0 ne pas stationner de troupes en Ukraine.<\/p>\n<p>Selon un responsable am\u00e9ricain, le plan comprend aussi des garanties de s\u00e9curit\u00e9 de la part de Washington et de ses alli\u00e9s europ\u00e9ens \u00e9quivalentes \u00e0 celles de l&rsquo;Otan en cas de future attaque. <strong>AFP<\/strong><\/p>\n","protected":false},"excerpt":{"rendered":"<p>Des responsables ukrainiens, am\u00e9ricains et europ\u00e9ens se retrouvent dimanche en Suisse pour discuter du plan de Donald Trump visant \u00e0 mettre fin \u00e0 la guerre en Ukraine, au moment o\u00f9 Kiev craint d&rsquo;\u00eatre pouss\u00e9 \u00e0 une capitulation face \u00e0 Moscou. Le pr\u00e9sident am\u00e9ricain a fait savoir que ce plan n&rsquo;\u00e9tait pas sa derni\u00e8re offre et [&hellip;]<\/p>\n","protected":false},"author":1,"featured_media":13905,"comment_status":"open","ping_status":"closed","sticky":false,"template":"","format":"standard","meta":{"footnotes":""},"categories":[30],"tags":[1822,3514,1531,3513],"class_list":["post-13904","post","type-post","status-publish","format-standard","has-post-thumbnail","hentry","category-actualite","tag-americains","tag-discuter-en-suisse","tag-europeens","tag-ukrainiens"],"aioseo_notices":[],"_links":{"self":[{"href":"https:\/\/www.culturalusa.com\/news\/wp-json\/wp\/v2\/posts\/13904","targetHints":{"allow":["GET"]}}],"collection":[{"href":"https:\/\/www.culturalusa.com\/news\/wp-json\/wp\/v2\/posts"}],"about":[{"href":"https:\/\/www.culturalusa.com\/news\/wp-json\/wp\/v2\/types\/post"}],"author":[{"embeddable":true,"href":"https:\/\/www.culturalusa.com\/news\/wp-json\/wp\/v2\/users\/1"}],"replies":[{"embeddable":true,"href":"https:\/\/www.culturalusa.com\/news\/wp-json\/wp\/v2\/comments?post=13904"}],"version-history":[{"count":1,"href":"https:\/\/www.culturalusa.com\/news\/wp-json\/wp\/v2\/posts\/13904\/revisions"}],"predecessor-version":[{"id":13906,"href":"https:\/\/www.culturalusa.com\/news\/wp-json\/wp\/v2\/posts\/13904\/revisions\/13906"}],"wp:featuredmedia":[{"embeddable":true,"href":"https:\/\/www.culturalusa.com\/news\/wp-json\/wp\/v2\/media\/13905"}],"wp:attachment":[{"href":"https:\/\/www.culturalusa.com\/news\/wp-json\/wp\/v2\/media?parent=13904"}],"wp:term":[{"taxonomy":"category","embeddable":true,"href":"https:\/\/www.culturalusa.com\/news\/wp-json\/wp\/v2\/categories?post=13904"},{"taxonomy":"post_tag","embeddable":true,"href":"https:\/\/www.culturalusa.com\/news\/wp-json\/wp\/v2\/tags?post=13904"}],"curies":[{"name":"wp","href":"https:\/\/api.w.org\/{rel}","templated":true}]}}