{"id":13934,"date":"2025-12-15T12:07:15","date_gmt":"2025-12-15T11:07:15","guid":{"rendered":"https:\/\/www.culturalusa.com\/news\/?p=13934"},"modified":"2025-12-15T12:07:15","modified_gmt":"2025-12-15T11:07:15","slug":"accord-ue-mercosur-derniere-ligne-droite-agitee-la-france-seme-le-trouble","status":"publish","type":"post","link":"https:\/\/www.culturalusa.com\/news\/actualite\/accord-ue-mercosur-derniere-ligne-droite-agitee-la-france-seme-le-trouble\/","title":{"rendered":"Accord UE-Mercosur. Derni\u00e8re ligne droite agit\u00e9e, la France s\u00e8me le trouble."},"content":{"rendered":"<h2>Ursula von der Leyen sera-t-elle au Br\u00e9sil pour signer l&rsquo;accord commercial entre l&rsquo;Union europ\u00e9enne et le Mercosur ?<\/h2>\n<p>La France a sem\u00e9 le trouble en r\u00e9clamant le report du vote des Etats europ\u00e9ens attendu cette semaine \u00e0 Bruxelles.<\/p>\n<p>\u00ab\u00a0A ce stade, le compte n&rsquo;y est pas pour prot\u00e9ger les agriculteurs fran\u00e7ais. Les exigences fran\u00e7aises n&rsquo;ont pas \u00e9t\u00e9 remplies\u00a0\u00bb, a tonn\u00e9 Paris dimanche soir.<\/p>\n<h3>Emmanuel Macron a demand\u00e9 \u00e0 la pr\u00e9sidente de la Commission europ\u00e9enne un report de l&rsquo;examen de l&rsquo;accord, a indiqu\u00e9 son entourage, alors que les Vingt-Sept doivent se prononcer entre mardi et vendredi.<\/h3>\n<p>Ce bras de fer lance une semaine qui s&rsquo;annon\u00e7ait d\u00e9j\u00e0 agit\u00e9e \u00e0 Bruxelles. Les syndicats agricoles promettent jusqu&rsquo;\u00e0 10.000 manifestants dans la capitale belge jeudi, en marge d&rsquo;un sommet europ\u00e9en entre chefs d&rsquo;Etat et de gouvernement.<\/p>\n<p>Les agriculteurs de l&rsquo;UE restent vent debout contre cet accord de libre-\u00e9change avec l&rsquo;Argentine, le Br\u00e9sil, l&rsquo;Uruguay et le Paraguay.<\/p>\n<p>L&rsquo;accord favoriserait les exportations europ\u00e9ennes de voitures, de machines, de vins et de spiritueux. En retour, il faciliterait l&rsquo;entr\u00e9e en Europe de viande, sucre, riz, miel ou soja sud-am\u00e9ricains, ce qui alarme les fili\u00e8res.<\/p>\n<p>La Commission europ\u00e9enne n&rsquo;a quant \u00e0 elle pas vari\u00e9. \u00ab\u00a0On esp\u00e8re avoir toutes les conditions pour une signature le week-end prochain\u00a0\u00bb, affirmait r\u00e9cemment sa porte-parole Paula Pinho.<\/p>\n<p>Ursula von der Leyen voudrait parapher ce trait\u00e9 commercial samedi lors du sommet du Mercosur dans la ville br\u00e9silienne de Foz do Igua\u00e7u.<\/p>\n<p>\u00ab\u00a0C&rsquo;est maintenant ou jamais\u00a0\u00bb, mart\u00e8le une source au sein de la Commission, \u00e0 propos de n\u00e9gociations entam\u00e9es il y a plus de 25 ans.<\/p>\n<h3>Avant de s&rsquo;envoler au Br\u00e9sil, Ursula von der Leyen a besoin de l&rsquo;aval des Etats europ\u00e9ens dans la semaine. Et le report en 2026 r\u00e9clam\u00e9 par la France est balay\u00e9 par d&rsquo;autres pays.<\/h3>\n<p>\u00ab\u00a0S&rsquo;il n&rsquo;y a pas de compromis cette semaine, on risque une crise europ\u00e9enne grave. Ce sera un grand \u00e9chec pour la Commission, pour l&rsquo;Allemagne et pour l&rsquo;Espagne\u00a0\u00bb, met en garde un diplomate europ\u00e9en, sous couvert de l&rsquo;anonymat.<\/p>\n<p>Ardents d\u00e9fenseurs de cet accord commercial, Allemands, Espagnols et Scandinaves veulent relancer leurs exportations, au moment o\u00f9 l&rsquo;\u00e9conomie europ\u00e9enne souffre de la concurrence chinoise et des taxes douani\u00e8res des Etats-Unis.<\/p>\n<p>La France aura donc du mal \u00e0 bloquer ce trait\u00e9 qui n&rsquo;a besoin que d&rsquo;une majorit\u00e9 qualifi\u00e9e pour \u00eatre adopt\u00e9.<\/p>\n<p>L&rsquo;Italie, qui a souffl\u00e9 le chaud et le froid, pourrait jouer les arbitres.<\/p>\n<h3>\u00a0Sauvegarde et contr\u00f4les renforc\u00e9s<\/h3>\n<p>Pour compliquer encore l&rsquo;\u00e9quation, avant le vote des Vingt-Sept, un autre scrutin est attendu d\u00e8s ce mardi, au Parlement europ\u00e9en cette fois.<\/p>\n<p>A Strasbourg, les eurod\u00e9put\u00e9s se penchent sur les mesures de \u00ab\u00a0sauvegarde\u00a0\u00bb destin\u00e9es \u00e0 rassurer les agriculteurs et amadouer la France.<\/p>\n<p>Avec ce dispositif, l&rsquo;Union europ\u00e9enne promet un \u00ab\u00a0suivi renforc\u00e9\u00a0\u00bb des produits les plus sensibles tels que la viande bovine, la volaille, le riz, le miel, les \u0153ufs, l&rsquo;ail, l&rsquo;\u00e9thanol et le sucre, et une intervention en cas de d\u00e9stabilisation du march\u00e9.<\/p>\n<p>Les Etats europ\u00e9ens ont d\u00e9j\u00e0 approuv\u00e9 cette clause de sauvegarde. Mais le Parlement europ\u00e9en pourrait encore la consolider.<\/p>\n<p>Autre signal pour tenter de convaincre Paris, la Commission europ\u00e9enne a annonc\u00e9 la semaine derni\u00e8re le renforcement de ses contr\u00f4les sur les importations agricoles, afin de s&rsquo;assurer qu&rsquo;elles respectent les normes europ\u00e9ennes.<\/p>\n<p>Bruxelles promet \u00e9galement de mettre \u00e0 jour ses r\u00e8gles sur les traces de pesticides dans les produits import\u00e9s, afin d&rsquo;\u00e9viter que des substances, pourtant interdites en Europe, rentrent sur le continent via les importations.<\/p>\n<p>Si Ursula von der Leyen signe le trait\u00e9 samedi, la partie ne sera pas termin\u00e9e pour autant.<\/p>\n<p>Il restera une ultime \u00e9tape au Parlement europ\u00e9en: l&rsquo;adoption d\u00e9finitive de l&rsquo;accord au d\u00e9but de l&rsquo;ann\u00e9e 2026 a priori.<\/p>\n<p>Des sources internes s&rsquo;attendent \u00e0 un scrutin serr\u00e9 dans l&rsquo;h\u00e9micycle, o\u00f9 les consid\u00e9rations nationales p\u00e8seront.<\/p>\n<p>Tous bords politiques confondus, \u00ab\u00a0tous les Fran\u00e7ais voteront contre, la plupart des Polonais aussi\u00a0\u00bb, pronostique un bon connaisseur des \u00e9quilibres parlementaires. En ajoutant la gauche radicale et l&rsquo;extr\u00eame droite, \u00ab\u00a0on arrive d\u00e9j\u00e0 \u00e0 300 opposants\u00a0\u00bb au trait\u00e9, calcule-t-il, sur un total de 720 \u00e9lus.<\/p>\n","protected":false},"excerpt":{"rendered":"<p>Ursula von der Leyen sera-t-elle au Br\u00e9sil pour signer l&rsquo;accord commercial entre l&rsquo;Union europ\u00e9enne et le Mercosur ? La France a sem\u00e9 le trouble en r\u00e9clamant le report du vote des Etats europ\u00e9ens attendu cette semaine \u00e0 Bruxelles. \u00ab\u00a0A ce stade, le compte n&rsquo;y est pas pour prot\u00e9ger les agriculteurs fran\u00e7ais. Les exigences fran\u00e7aises n&rsquo;ont [&hellip;]<\/p>\n","protected":false},"author":1,"featured_media":13935,"comment_status":"open","ping_status":"closed","sticky":false,"template":"","format":"standard","meta":{"footnotes":""},"categories":[30],"tags":[3522,1097,3523],"class_list":["post-13934","post","type-post","status-publish","format-standard","has-post-thumbnail","hentry","category-actualite","tag-accord-ue-mercosur","tag-agriculteurs","tag-mercosur"],"aioseo_notices":[],"_links":{"self":[{"href":"https:\/\/www.culturalusa.com\/news\/wp-json\/wp\/v2\/posts\/13934","targetHints":{"allow":["GET"]}}],"collection":[{"href":"https:\/\/www.culturalusa.com\/news\/wp-json\/wp\/v2\/posts"}],"about":[{"href":"https:\/\/www.culturalusa.com\/news\/wp-json\/wp\/v2\/types\/post"}],"author":[{"embeddable":true,"href":"https:\/\/www.culturalusa.com\/news\/wp-json\/wp\/v2\/users\/1"}],"replies":[{"embeddable":true,"href":"https:\/\/www.culturalusa.com\/news\/wp-json\/wp\/v2\/comments?post=13934"}],"version-history":[{"count":1,"href":"https:\/\/www.culturalusa.com\/news\/wp-json\/wp\/v2\/posts\/13934\/revisions"}],"predecessor-version":[{"id":13936,"href":"https:\/\/www.culturalusa.com\/news\/wp-json\/wp\/v2\/posts\/13934\/revisions\/13936"}],"wp:featuredmedia":[{"embeddable":true,"href":"https:\/\/www.culturalusa.com\/news\/wp-json\/wp\/v2\/media\/13935"}],"wp:attachment":[{"href":"https:\/\/www.culturalusa.com\/news\/wp-json\/wp\/v2\/media?parent=13934"}],"wp:term":[{"taxonomy":"category","embeddable":true,"href":"https:\/\/www.culturalusa.com\/news\/wp-json\/wp\/v2\/categories?post=13934"},{"taxonomy":"post_tag","embeddable":true,"href":"https:\/\/www.culturalusa.com\/news\/wp-json\/wp\/v2\/tags?post=13934"}],"curies":[{"name":"wp","href":"https:\/\/api.w.org\/{rel}","templated":true}]}}