{"id":13976,"date":"2025-12-17T17:48:58","date_gmt":"2025-12-17T16:48:58","guid":{"rendered":"https:\/\/www.culturalusa.com\/news\/?p=13976"},"modified":"2025-12-17T17:52:35","modified_gmt":"2025-12-17T16:52:35","slug":"dermatose-dans-le-sud-ouest-mobilisation-generale-pour-accelerer-la-vaccination","status":"publish","type":"post","link":"https:\/\/www.culturalusa.com\/news\/economie\/dermatose-dans-le-sud-ouest-mobilisation-generale-pour-accelerer-la-vaccination\/","title":{"rendered":"Dermatose. Dans le Sud-Ouest, mobilisation g\u00e9n\u00e9rale pour acc\u00e9l\u00e9rer la vaccination."},"content":{"rendered":"<div class=\"text-color text-font block-html mb-4\">\n<h2>La campagne de vaccination des bovins contre la dermatose nodulaire contagieuse (DNC) va prendre une \u00ab\u00a0acc\u00e9l\u00e9ration majeure\u00a0\u00bb dans le Sud-Ouest gr\u00e2ce \u00e0 la \u00ab\u00a0mobilisation g\u00e9n\u00e9rale\u00a0\u00bb des v\u00e9t\u00e9rinaires, ont promis mercredi les autorit\u00e9s, sans convaincre les agriculteurs protestataires.<\/h2>\n<blockquote><p>Le gouvernement a annonc\u00e9 pour ces prochaines semaines un objectif de 750.000 bovins \u00e0 vacciner dans dix d\u00e9partements du quart Sud-Ouest du pays.<\/p><\/blockquote>\n<p>\u00ab\u00a0Si nous voulons arriver au d\u00e9but du mois de f\u00e9vrier avec un d\u00e9but d&rsquo;immunit\u00e9 collective, il nous faut agir rapidement\u00a0\u00bb, a d\u00e9clar\u00e9 Jean-Marie Girier, pr\u00e9fet des Pyr\u00e9n\u00e9es-Atlantiques, dans une ferme du village b\u00e9arnais de Riupeyrous o\u00f9 cette campagne de vaccination \u00e9largie a d\u00e9marr\u00e9 mercredi apr\u00e8s-midi.<\/p>\n<p>\u00ab\u00a0C&rsquo;est une course contre-la-montre. Une mobilisation g\u00e9n\u00e9rale des v\u00e9t\u00e9rinaires\u00a0\u00bb, a estim\u00e9 le repr\u00e9sentant de l&rsquo;\u00c9tat, promettant \u00ab\u00a0des renforts de v\u00e9t\u00e9rinaires retrait\u00e9s, d&rsquo;\u00e9tudiants et des v\u00e9t\u00e9rinaires des arm\u00e9es\u00a0\u00bb pour permettre \u00ab\u00a0l&rsquo;acc\u00e9l\u00e9ration majeure\u00a0\u00bb annonc\u00e9e par le gouvernement.<\/p>\n<p>Dans ce d\u00e9partement, les 205.000 doses n\u00e9cessaires \u00e0 la vaccination de l&rsquo;ensemble du cheptel bovin seront re\u00e7ues \u00ab\u00a0d&rsquo;ici vendredi\u00a0\u00bb, ont assur\u00e9 les services de l&rsquo;\u00c9tat.<\/p>\n<p>Mais ces promesses logistiques peinent \u00e0 convaincre les agriculteurs qui protestent contre la strat\u00e9gie &#8211; maintenue &#8211; d&rsquo;abattage syst\u00e9matique des troupeaux d\u00e8s la d\u00e9tection d&rsquo;un cas de DNC.<\/p>\n<p>\u00ab\u00a0Si la France avait les doses n\u00e9cessaires, en l&rsquo;occurrence une dizaine de millions de doses pour vacciner l&rsquo;ensemble du troupeau national, on n&rsquo;en serait pas \u00e0 devoir abattre des troupeaux entiers\u00a0\u00bb, a estim\u00e9 sur la radio Ici Poitou St\u00e9phane Pelletier, vice-pr\u00e9sident de la Coordination Rurale (CR) dans la Vienne.<\/p>\n<p>Pour Olivier de Ginestet, membre de la CR des Landes pr\u00e9sent mercredi matin sur un rond-point occup\u00e9 depuis plusieurs jours par des agriculteurs \u00e0 Mont-de-Marsan, \u00ab\u00a0la vaccination, c&rsquo;est le seul parapluie qui prot\u00e8ge, \u00e7a permet de vivre avec le virus\u00a0\u00bb.<\/p>\n<p>\u00ab\u00a0L&rsquo;abattage syst\u00e9matique des b\u00eates, c&rsquo;est une illusion totale, \u00e7a ne marche pas. On l&rsquo;a bien vu pour le canard, on a abattu des canards et le virus (de la grippe aviaire, NDLR) est toujours l\u00e0\u00a0\u00bb, estime cet \u00e9leveur de volailles.<\/p>\n<h3>Selon le minist\u00e8re de l&rsquo;Agriculture, un stock de 500.000 vaccins est en cours d&rsquo;acheminement vers le Sud-Ouest et une commande de 400.000 doses, effectu\u00e9e la semaine derni\u00e8re aupr\u00e8s des Pays-Bas, sera livr\u00e9e prochainement.<\/h3>\n<\/div>\n","protected":false},"excerpt":{"rendered":"<p>La campagne de vaccination des bovins contre la dermatose nodulaire contagieuse (DNC) va prendre une \u00ab\u00a0acc\u00e9l\u00e9ration majeure\u00a0\u00bb dans le Sud-Ouest gr\u00e2ce \u00e0 la \u00ab\u00a0mobilisation g\u00e9n\u00e9rale\u00a0\u00bb des v\u00e9t\u00e9rinaires, ont promis mercredi les autorit\u00e9s, sans convaincre les agriculteurs protestataires. Le gouvernement a annonc\u00e9 pour ces prochaines semaines un objectif de 750.000 bovins \u00e0 vacciner dans dix d\u00e9partements [&hellip;]<\/p>\n","protected":false},"author":1,"featured_media":13977,"comment_status":"open","ping_status":"closed","sticky":false,"template":"","format":"standard","meta":{"footnotes":""},"categories":[1],"tags":[3525,3524,3526],"class_list":["post-13976","post","type-post","status-publish","format-standard","has-post-thumbnail","hentry","category-economie","tag-accelerer-la-vaccination","tag-dermatose","tag-vaccination-des-bovins"],"aioseo_notices":[],"_links":{"self":[{"href":"https:\/\/www.culturalusa.com\/news\/wp-json\/wp\/v2\/posts\/13976","targetHints":{"allow":["GET"]}}],"collection":[{"href":"https:\/\/www.culturalusa.com\/news\/wp-json\/wp\/v2\/posts"}],"about":[{"href":"https:\/\/www.culturalusa.com\/news\/wp-json\/wp\/v2\/types\/post"}],"author":[{"embeddable":true,"href":"https:\/\/www.culturalusa.com\/news\/wp-json\/wp\/v2\/users\/1"}],"replies":[{"embeddable":true,"href":"https:\/\/www.culturalusa.com\/news\/wp-json\/wp\/v2\/comments?post=13976"}],"version-history":[{"count":1,"href":"https:\/\/www.culturalusa.com\/news\/wp-json\/wp\/v2\/posts\/13976\/revisions"}],"predecessor-version":[{"id":13978,"href":"https:\/\/www.culturalusa.com\/news\/wp-json\/wp\/v2\/posts\/13976\/revisions\/13978"}],"wp:featuredmedia":[{"embeddable":true,"href":"https:\/\/www.culturalusa.com\/news\/wp-json\/wp\/v2\/media\/13977"}],"wp:attachment":[{"href":"https:\/\/www.culturalusa.com\/news\/wp-json\/wp\/v2\/media?parent=13976"}],"wp:term":[{"taxonomy":"category","embeddable":true,"href":"https:\/\/www.culturalusa.com\/news\/wp-json\/wp\/v2\/categories?post=13976"},{"taxonomy":"post_tag","embeddable":true,"href":"https:\/\/www.culturalusa.com\/news\/wp-json\/wp\/v2\/tags?post=13976"}],"curies":[{"name":"wp","href":"https:\/\/api.w.org\/{rel}","templated":true}]}}