{"id":13988,"date":"2026-01-05T17:03:33","date_gmt":"2026-01-05T16:03:33","guid":{"rendered":"https:\/\/www.culturalusa.com\/news\/?p=13988"},"modified":"2026-01-05T17:20:47","modified_gmt":"2026-01-05T16:20:47","slug":"medecins-liberaux-debut-dune-greve-de-dix-jours-prevue-pour-aller-crescendo","status":"publish","type":"post","link":"https:\/\/www.culturalusa.com\/news\/bien-etre-sante\/medecins-liberaux-debut-dune-greve-de-dix-jours-prevue-pour-aller-crescendo\/","title":{"rendered":"M\u00e9decins Lib\u00e9raux. D\u00e9but d&rsquo;une gr\u00e8ve de dix jours pr\u00e9vue pour aller crescendo."},"content":{"rendered":"<h2>M\u00e9decins Lib\u00e9raux. D\u00e9but d&rsquo;une gr\u00e8ve.<\/h2>\n<blockquote><p>Vent debout contre des \u00ab\u00a0politiques qui les pi\u00e9tinent\u00a0\u00bb, les m\u00e9decins lib\u00e9raux de ville et des cliniques d\u00e9butent lundi une gr\u00e8ve de dix jours qu&rsquo;ils pr\u00e9disent tr\u00e8s suivie, pr\u00e9vue pour monter progressivement en puissance et aller vers une \u00ab\u00a0fermeture totale\u00a0\u00bb des blocs op\u00e9ratoires ce week-end.<\/p><\/blockquote>\n<p>Le cabinet sera ferm\u00e9 du 5 au 15 janvier\u00a0\u00bb, \u00e9crit par exemple sur Doctolib le Dr Julie Galey, gyn\u00e9cologue et m\u00e9decin de la reproduction dans les Hauts-de-Seine. \u00ab\u00a0Le Dr Justine Dailly sera en gr\u00e8ve du 5 au 15 janvier comme des milliers de m\u00e9decins en France en r\u00e9action au m\u00e9pris du gouvernement\u00a0\u00bb, pouvait-on lire sur la page d&rsquo;une g\u00e9n\u00e9raliste lyonnaise.<\/p>\n<p>Le mouvement, lanc\u00e9 par les organisations professionnelles repr\u00e9sentatives, des syndicats \u00e9tudiants et de la jeune g\u00e9n\u00e9ration de m\u00e9decins, commence lundi par la fermeture des cabinets de certains praticiens, une r\u00e9duction d&rsquo;activit\u00e9 ou une \u00ab\u00a0gr\u00e8ve administrative\u00a0\u00bb pour d&rsquo;autres.<\/p>\n<p>Il doit s&rsquo;intensifier au fil des jours et mener \u00e0 une \u00ab\u00a0gr\u00e8ve dure\u00a0\u00bb, \u00ab\u00a0l&rsquo;arr\u00eat des blocs op\u00e9ratoires\u00a0\u00bb des cliniques du 10 au 14 janvier, et en point d&rsquo;orgue une manifestation \u00e0 Paris samedi apr\u00e8s-midi.<\/p>\n<p>\u00ab\u00a0Le mouvement sera excessivement suivi\u00a0\u00bb, affirme le syndicat CSMF. Du c\u00f4t\u00e9 des cabinets de ville, une plateforme en ligne, lanc\u00e9e par le syndicat Jeunes M\u00e9decins Ile-de-France, enregistrait lundi 15.600 d\u00e9clarations de gr\u00e8ve \u00e0 la mi-journ\u00e9e.<\/p>\n<h3>\u00ab\u00a0Continuit\u00e9 des soins\u00a0\u00bb<\/h3>\n<p>Les gr\u00e9vistes d\u00e9noncent entre autres un budget de la S\u00e9cu insuffisant face \u00e0 des besoins croissants, des mesures permettant aux autorit\u00e9s de baisser \u00ab\u00a0de fa\u00e7on autoritaire\u00a0\u00bb les tarifs de certains actes m\u00e9dicaux, en \u00ab\u00a0contournant\u00a0\u00bb le dialogue social, ou encore une limitation des prescriptions d&rsquo;arr\u00eat de travail.<\/p>\n<p>Ils fustigent diverses \u00ab\u00a0attaques politiques\u00a0\u00bb contre leurs d\u00e9passements d&rsquo;honoraires &#8211; en forte augmentation selon plusieurs rapports &#8211; et craignent encore la restriction de leur libert\u00e9 d&rsquo;installation, objet de textes en cours d&rsquo;examen au Parlement.<\/p>\n<p>La f\u00e9d\u00e9ration de l&rsquo;hospitalisation priv\u00e9e (FHP), qui regroupe l&rsquo;ensemble des cliniques fran\u00e7aises, soutient le mouvement.<\/p>\n<p>\u00ab\u00a0Sans m\u00e9decins lib\u00e9raux, il n&rsquo;y a pas de cliniques. On est totalement solidaires\u00a0\u00bb, assure le pr\u00e9sident Lamine Gharbi. Il d\u00e9nonce aussi le gel en 2026 des tarifs des prestations hospitali\u00e8res (rembours\u00e9es par la S\u00e9curit\u00e9 sociale), alors que \u00ab\u00a050% des cliniques sont d\u00e9j\u00e0 en d\u00e9ficit\u00a0\u00bb.<\/p>\n<p>Les cliniques assureront la \u00ab\u00a0continuit\u00e9 des soins\u00a0\u00bb pour les patients d\u00e9j\u00e0 hospitalis\u00e9s, mais les entr\u00e9es se r\u00e9duiront pour arriver \u00e0 un \u00ab\u00a0arr\u00eat total\u00a0\u00bb le 10. \u00ab\u00a0Les anesth\u00e9sistes seront en gr\u00e8ve de mani\u00e8re assez puissante. Sans eux, pas d&rsquo;op\u00e9rations\u00a0\u00bb donc \u00ab\u00a0je pense que 80% des blocs op\u00e9ratoires seront ferm\u00e9s ce week-end\u00a0\u00bb, estime M. Gharbi.<\/p>\n<p>La gr\u00e8ve pourrait mettre sous tension l&rsquo;h\u00f4pital public, d\u00e9j\u00e0 \u00e9prouv\u00e9 par un pic d&rsquo;\u00e9pid\u00e9mies hivernales.<\/p>\n<h3>\u00ab\u00a0Fonctionnement ralenti\u00a0\u00bb<\/h3>\n<p>Lundi matin, divers m\u00e9decins, g\u00e9n\u00e9ralistes ou sp\u00e9cialistes, annon\u00e7aient leur participation \u00e0 la gr\u00e8ve aupr\u00e8s de leurs patients par SMS, sur les r\u00e9seaux sociaux ou via les plateformes de prise de rendez-vous.<\/p>\n<p>C&rsquo;\u00e9tait le cas de cabinets notamment \u00e0 Corenc (Is\u00e8re), Montereau-Fault-Yonne (Seine-et-Marne) ou Fort Sainghin-en-M\u00e9lantois (Nord), a constat\u00e9 l&rsquo;AFP. Certains m\u00e9decins annon\u00e7aient seulement quelques jours de gr\u00e8ve ou un fonctionnement \u00ab\u00a0ralenti\u00a0\u00bb, par exemple \u00e0 Pratz-sur-Arly et Samo\u00ebns (Haute-Savoie), M\u00e9ricourt (Pas-de-Calais) ou encore une dermatologue de Versailles.<\/p>\n<p>Mais d&rsquo;autres praticiens travaillaient normalement.<\/p>\n<p>Dix jours de gr\u00e8ve, \u00ab\u00a0avec les loyers et les charges qui courent, je ne sais pas qui peut se le permettre\u00a0\u00bb, a t\u00e9moign\u00e9 aupr\u00e8s de l&rsquo;AFP un g\u00e9n\u00e9raliste non gr\u00e9viste de la r\u00e9gion Grand-Est, qui ne souhaite pas \u00eatre cit\u00e9. \u00ab\u00a0Ceux qui peuvent se le permettre, je ne suis pas trop inquiet pour eux\u00a0\u00bb, grince-t-il, observant la \u00ab\u00a0grande disparit\u00e9\u00a0\u00bb des niveaux de revenus entre g\u00e9n\u00e9ralistes et certaines sp\u00e9cialit\u00e9s, comme les radiologues ou radioth\u00e9rapeutes.<\/p>\n<p>\u00ab\u00a0Quel que soit le nombre de gr\u00e9vistes, l&rsquo;important est de pouvoir dire \u00e0 ces m\u00e9decins que je suis \u00e9videmment \u00e0 leur \u00e9coute\u00a0\u00bb, a soulign\u00e9 la ministre de la Sant\u00e9 St\u00e9phanie Rist, lundi matin sur France 2.<\/p>\n<p>Dans La R\u00e9publique du Centre dimanche, elle a indiqu\u00e9 avoir \u00ab\u00a0pris des mesures pour organiser la permanence des soins\u00a0\u00bb afin que les patients \u00ab\u00a0ne soient pas en danger\u00a0\u00bb et soulign\u00e9 qu&rsquo;elle pourrait \u00ab\u00a0avoir recours aux r\u00e9quisitions, en cas de besoin\u00a0\u00bb.<\/p>\n","protected":false},"excerpt":{"rendered":"<p>M\u00e9decins Lib\u00e9raux. D\u00e9but d&rsquo;une gr\u00e8ve. Vent debout contre des \u00ab\u00a0politiques qui les pi\u00e9tinent\u00a0\u00bb, les m\u00e9decins lib\u00e9raux de ville et des cliniques d\u00e9butent lundi une gr\u00e8ve de dix jours qu&rsquo;ils pr\u00e9disent tr\u00e8s suivie, pr\u00e9vue pour monter progressivement en puissance et aller vers une \u00ab\u00a0fermeture totale\u00a0\u00bb des blocs op\u00e9ratoires ce week-end. Le cabinet sera ferm\u00e9 du 5 [&hellip;]<\/p>\n","protected":false},"author":1,"featured_media":13991,"comment_status":"open","ping_status":"closed","sticky":false,"template":"","format":"standard","meta":{"footnotes":""},"categories":[2209],"tags":[3532,2541],"class_list":["post-13988","post","type-post","status-publish","format-standard","has-post-thumbnail","hentry","category-bien-etre-sante","tag-greve-de-dix-jours","tag-medecins-liberaux"],"aioseo_notices":[],"_links":{"self":[{"href":"https:\/\/www.culturalusa.com\/news\/wp-json\/wp\/v2\/posts\/13988","targetHints":{"allow":["GET"]}}],"collection":[{"href":"https:\/\/www.culturalusa.com\/news\/wp-json\/wp\/v2\/posts"}],"about":[{"href":"https:\/\/www.culturalusa.com\/news\/wp-json\/wp\/v2\/types\/post"}],"author":[{"embeddable":true,"href":"https:\/\/www.culturalusa.com\/news\/wp-json\/wp\/v2\/users\/1"}],"replies":[{"embeddable":true,"href":"https:\/\/www.culturalusa.com\/news\/wp-json\/wp\/v2\/comments?post=13988"}],"version-history":[{"count":1,"href":"https:\/\/www.culturalusa.com\/news\/wp-json\/wp\/v2\/posts\/13988\/revisions"}],"predecessor-version":[{"id":13990,"href":"https:\/\/www.culturalusa.com\/news\/wp-json\/wp\/v2\/posts\/13988\/revisions\/13990"}],"wp:featuredmedia":[{"embeddable":true,"href":"https:\/\/www.culturalusa.com\/news\/wp-json\/wp\/v2\/media\/13991"}],"wp:attachment":[{"href":"https:\/\/www.culturalusa.com\/news\/wp-json\/wp\/v2\/media?parent=13988"}],"wp:term":[{"taxonomy":"category","embeddable":true,"href":"https:\/\/www.culturalusa.com\/news\/wp-json\/wp\/v2\/categories?post=13988"},{"taxonomy":"post_tag","embeddable":true,"href":"https:\/\/www.culturalusa.com\/news\/wp-json\/wp\/v2\/tags?post=13988"}],"curies":[{"name":"wp","href":"https:\/\/api.w.org\/{rel}","templated":true}]}}