{"id":14000,"date":"2026-01-22T20:07:41","date_gmt":"2026-01-22T19:07:41","guid":{"rendered":"https:\/\/www.culturalusa.com\/news\/?p=14000"},"modified":"2026-01-22T20:07:41","modified_gmt":"2026-01-22T19:07:41","slug":"cacophonie-dans-lenseignement-catholique-au-sujet-dune-fermeture-de-betharram","status":"publish","type":"post","link":"https:\/\/www.culturalusa.com\/news\/actualite\/cacophonie-dans-lenseignement-catholique-au-sujet-dune-fermeture-de-betharram\/","title":{"rendered":"Cacophonie dans l&rsquo;enseignement catholique au sujet d&rsquo;une fermeture de B\u00e9tharram"},"content":{"rendered":"<h2>La structure associative qui f\u00e9d\u00e8re la gestion des \u00e9tablissements scolaires catholiques a annonc\u00e9 jeudi la fin prochaine du site de B\u00e9tharram, au c\u0153ur d&rsquo;un scandale de violences physiques et sexuelles, avant d&rsquo;\u00eatre d\u00e9mentie par le secr\u00e9tariat g\u00e9n\u00e9ral du secteur, rattach\u00e9 \u00e0 l&rsquo;\u00c9glise.<\/h2>\n<blockquote><p>\u00ab\u00a0Le mot B\u00e9tharram doit \u00eatre envoy\u00e9 aux oubliettes de l&rsquo;Histoire\u00a0\u00bb, a d\u00e9clar\u00e9 sur la radio RTL, \u00e0 la mi-journ\u00e9e, Pierre-Vincent Gu\u00e9ret, pr\u00e9sident de la F\u00e9d\u00e9ration nationale des organismes de gestion de l&rsquo;enseignement catholique (Fnogec), qui chapeaute le fonctionnement des \u00e9tablissements.<\/p><\/blockquote>\n<p>Depuis deux ans, pr\u00e8s de 250 plaintes ont \u00e9t\u00e9 d\u00e9pos\u00e9es par d&rsquo;anciens \u00e9l\u00e8ves de Notre-Dame-de-B\u00e9tharram aupr\u00e8s du parquet de Pau, mettant en cause des pr\u00eatres et des la\u00efcs pour des faits commis entre la fin des ann\u00e9es 1950 et le d\u00e9but des ann\u00e9es 2000.<\/p>\n<p>\u00ab\u00a0Le symbole doit dispara\u00eetre\u00a0\u00bb, a ajout\u00e9 le responsable, pr\u00e9cisant que l&rsquo;ensemble scolaire fond\u00e9 en 1837 \u00e0 Lestelle-B\u00e9tharram (Pyr\u00e9n\u00e9es-Atlantiques), rebaptis\u00e9 Le Beau Rameau depuis 2009, aurait ferm\u00e9 ses portes \u00ab\u00a0\u00e0 l&rsquo;\u00e9t\u00e9\u00a0\u00bb et que ses \u00e9l\u00e8ves actuels poursuivraient leur scolarit\u00e9 dans l&rsquo;\u00e9tablissement catholique d&rsquo;une commune voisine, Igon.<\/p>\n<p>Son annonce a rapidement \u00e9t\u00e9 salu\u00e9e par le principal porte-parole des victimes, Alain Esquerre, et les d\u00e9put\u00e9s Violette Spillebout (Renaissance) et Paul Vannier (LFI), co-rapporteurs d&rsquo;une commission d&rsquo;enqu\u00eate parlementaire &#8211; n\u00e9e du scandale &#8211; sur le contr\u00f4le par l&rsquo;\u00c9tat des \u00e9tablissements scolaires, publics et priv\u00e9s.<\/p>\n<p>Mais les propos de M. Gu\u00e9ret ont \u00e9t\u00e9 d\u00e9mentis, dans l&rsquo;apr\u00e8s-midi, par le Secr\u00e9tariat g\u00e9n\u00e9ral de l&rsquo;Enseignement catholique (Sgec), charg\u00e9 de \u00ab\u00a0mettre en \u0153uvre la politique\u00a0\u00bb du secteur en accord avec la Conf\u00e9rence des \u00e9v\u00eaques de France.<\/p>\n<p>\u00ab\u00a0Il n&rsquo;est pas question de fermeture de l&rsquo;\u00e9tablissement \u00e0 ce stade\u00a0\u00bb, a assur\u00e9 cette instance dans un communiqu\u00e9, saluant le travail engag\u00e9 par la direction du Beau Rameau pour \u00ab\u00a0r\u00e9tablir la confiance et la s\u00e9r\u00e9nit\u00e9\u00a0\u00bb, ce qui \u00ab\u00a0demande temps et discernement\u00a0\u00bb.<\/p>\n<p>Une mission visant \u00e0 \u00ab\u00a0renouveler en profondeur la gouvernance de l&rsquo;Enseignement catholique\u00a0\u00bb doit par ailleurs \u00eatre lanc\u00e9e lundi, selon le Sgec.<\/p>\n<h3>\u00a0\u00ab\u00a0Dissonance\u00a0\u00bb<\/h3>\n<p>\u00ab\u00a0Querelle de chefs\u00a0\u00bb, balaie Alain Esquerre, ancien \u00e9l\u00e8ve de B\u00e9tharram qui fut \u00e0 l&rsquo;origine de la r\u00e9v\u00e9lation du scandale, auquel il a consacr\u00e9 un livre. Selon lui, l&rsquo;\u00e9tablissement est dans une situation financi\u00e8re \u00ab\u00a0catastrophique\u00a0\u00bb et sa fermeture est bien act\u00e9e, les parents d&rsquo;\u00e9l\u00e8ves en \u00e9tant inform\u00e9s.<\/p>\n<p>\u00ab\u00a0Sans Ogec, il n&rsquo;y a pas de financement public et le fonctionnement ne peut perdurer dans son cadre actuel\u00a0\u00bb, abonde le d\u00e9put\u00e9 Paul Vannier, interrog\u00e9 par l&rsquo;AFP.<\/p>\n<p>\u00ab\u00a0Cette dissonance d\u00e9montre que l&rsquo;enseignement catholique est mal \u00e0 l&rsquo;aise dans les mesures \u00e0 prendre\u00a0\u00bb, juge de son c\u00f4t\u00e9 Violette Spillebout, qui appelait \u00ab\u00a0depuis longtemps\u00a0\u00bb, avec son coll\u00e8gue co-rapporteur, \u00e0 la fermeture de ce \u00ab\u00a0lieu de terribles souffrances\u00a0\u00bb.<\/p>\n<p>Quinze pr\u00eatres, presque tous d\u00e9c\u00e9d\u00e9s, et quatre la\u00efcs ont \u00e9t\u00e9 mis en cause. Mais seules deux plaintes ont \u00e9chapp\u00e9 \u00e0 la prescription, conduisant \u00e0 la mise en examen, pour viol et agression sexuelle, d&rsquo;un ex-surveillant plac\u00e9 en d\u00e9tention.<\/p>\n<p>Des violences avaient d\u00e9j\u00e0 \u00e9t\u00e9 d\u00e9nonc\u00e9es dans les ann\u00e9es 1990 mais la parole des anciens \u00e9l\u00e8ves ne s&rsquo;est lib\u00e9r\u00e9e qu&rsquo;\u00e0 partir de l&rsquo;automne 2023, d\u00e9non\u00e7ant fellations et masturbations forc\u00e9es, passages \u00e0 tabac, humiliations et supplices.<\/p>\n<p>Des faits pour lesquels la congr\u00e9gation des p\u00e8res de B\u00e9tharram a reconnu sa responsabilit\u00e9, l&rsquo;an dernier apr\u00e8s que le scandale eut \u00e9clat\u00e9, et compte indemniser toutes les victimes.<\/p>\n<p>Selon le pr\u00e9sident de la Fnogec, fermer l&rsquo;\u00e9tablissement n\u00e9cessite l&rsquo;accord de cette communaut\u00e9 religieuse, dont le si\u00e8ge est \u00e0 Rome. \u00ab\u00a0Si celle-ci ne s&rsquo;engage pas, on les attaquera en justice\u00a0\u00bb, a lanc\u00e9 M. Gu\u00e9ret au micro de RTL.<\/p>\n<p>Dans un communiqu\u00e9, la congr\u00e9gation de B\u00e9tharram a rappel\u00e9 qu&rsquo;elle n&rsquo;avait plus, depuis juillet, la tutelle sur l&rsquo;\u00e9tablissement b\u00e9arnais, exerc\u00e9e d\u00e9sormais par celle des Filles de la Croix, implant\u00e9e \u00e0 Igon.<\/p>\n<p>Elle reste cependant propri\u00e9taire des murs, a pr\u00e9cis\u00e9 \u00e0 l&rsquo;AFP son vicaire r\u00e9gional, Jean-Marie Ruspil.<\/p>\n","protected":false},"excerpt":{"rendered":"<p>La structure associative qui f\u00e9d\u00e8re la gestion des \u00e9tablissements scolaires catholiques a annonc\u00e9 jeudi la fin prochaine du site de B\u00e9tharram, au c\u0153ur d&rsquo;un scandale de violences physiques et sexuelles, avant d&rsquo;\u00eatre d\u00e9mentie par le secr\u00e9tariat g\u00e9n\u00e9ral du secteur, rattach\u00e9 \u00e0 l&rsquo;\u00c9glise. \u00ab\u00a0Le mot B\u00e9tharram doit \u00eatre envoy\u00e9 aux oubliettes de l&rsquo;Histoire\u00a0\u00bb, a d\u00e9clar\u00e9 sur [&hellip;]<\/p>\n","protected":false},"author":1,"featured_media":14001,"comment_status":"open","ping_status":"closed","sticky":false,"template":"","format":"standard","meta":{"footnotes":""},"categories":[30],"tags":[3533,3534,1956],"class_list":["post-14000","post","type-post","status-publish","format-standard","has-post-thumbnail","hentry","category-actualite","tag-betharram","tag-catholique","tag-eglise"],"aioseo_notices":[],"_links":{"self":[{"href":"https:\/\/www.culturalusa.com\/news\/wp-json\/wp\/v2\/posts\/14000","targetHints":{"allow":["GET"]}}],"collection":[{"href":"https:\/\/www.culturalusa.com\/news\/wp-json\/wp\/v2\/posts"}],"about":[{"href":"https:\/\/www.culturalusa.com\/news\/wp-json\/wp\/v2\/types\/post"}],"author":[{"embeddable":true,"href":"https:\/\/www.culturalusa.com\/news\/wp-json\/wp\/v2\/users\/1"}],"replies":[{"embeddable":true,"href":"https:\/\/www.culturalusa.com\/news\/wp-json\/wp\/v2\/comments?post=14000"}],"version-history":[{"count":1,"href":"https:\/\/www.culturalusa.com\/news\/wp-json\/wp\/v2\/posts\/14000\/revisions"}],"predecessor-version":[{"id":14002,"href":"https:\/\/www.culturalusa.com\/news\/wp-json\/wp\/v2\/posts\/14000\/revisions\/14002"}],"wp:featuredmedia":[{"embeddable":true,"href":"https:\/\/www.culturalusa.com\/news\/wp-json\/wp\/v2\/media\/14001"}],"wp:attachment":[{"href":"https:\/\/www.culturalusa.com\/news\/wp-json\/wp\/v2\/media?parent=14000"}],"wp:term":[{"taxonomy":"category","embeddable":true,"href":"https:\/\/www.culturalusa.com\/news\/wp-json\/wp\/v2\/categories?post=14000"},{"taxonomy":"post_tag","embeddable":true,"href":"https:\/\/www.culturalusa.com\/news\/wp-json\/wp\/v2\/tags?post=14000"}],"curies":[{"name":"wp","href":"https:\/\/api.w.org\/{rel}","templated":true}]}}