{"id":1401,"date":"2014-04-11T01:24:28","date_gmt":"2014-04-10T23:24:28","guid":{"rendered":"http:\/\/www.culturalusa.com\/news\/?p=1401"},"modified":"2014-04-11T01:24:28","modified_gmt":"2014-04-10T23:24:28","slug":"manoel-de-oliveira-105-ans-reprend-la-camera","status":"publish","type":"post","link":"https:\/\/www.culturalusa.com\/news\/culture\/manoel-de-oliveira-105-ans-reprend-la-camera\/","title":{"rendered":"Manoel de Oliveira 105 ans reprend la cam\u00e9ra"},"content":{"rendered":"<p><img loading=\"lazy\" decoding=\"async\" src=\"http:\/\/www.culturalusa.com\/news\/wp-content\/uploads\/2012\/12\/manoel_de_oliveira.jpg\" alt=\"Manoel de Oliveira\" width=\"467\" height=\"280\" class=\"aligncenter size-full wp-image-813\" srcset=\"https:\/\/www.culturalusa.com\/news\/wp-content\/uploads\/2012\/12\/manoel_de_oliveira.jpg 467w, https:\/\/www.culturalusa.com\/news\/wp-content\/uploads\/2012\/12\/manoel_de_oliveira-275x165.jpg 275w\" sizes=\"auto, (max-width: 467px) 100vw, 467px\" \/>Le doyen mondial des cin\u00e9astes Manoel de Oliveira, qui a f\u00eat\u00e9 en d\u00e9cembre son 105e anniversaire, va reprendre sa cam\u00e9ra \u00e0 Porto, sa ville d&rsquo;origine dans le nord du Portugal, pour le tournage d&rsquo;un court m\u00e9trage, a indiqu\u00e9 \u00e0 l&rsquo;AFP son entourage.<\/p>\n<p>\u00ab\u00a0Il a enfin obtenu le financement qu&rsquo;il attendait depuis plusieurs mois\u00a0\u00bb, a d\u00e9clar\u00e9 Adelaide Maria Trepa, la fille du r\u00e9alisateur.<\/p>\n<p>La conclusion de ce court m\u00e9trage, qui sera tourn\u00e9 du 9 au 13 avril, est pr\u00e9vue pour le mois d&rsquo;ao\u00fbt, a pr\u00e9cis\u00e9 dans un communiqu\u00e9 la soci\u00e9t\u00e9 de production portugaise \u00ab\u00a0O som e a furia\u00a0\u00bb, qui coproduit le film avec le fran\u00e7ais Epicentre films.<\/p>\n<p>Ce film marque le retour du cin\u00e9aste portugais dans sa ville natale, o\u00f9 il avait d\u00e9but\u00e9 dans les ann\u00e9es 1930 avec son documentaire \u00ab\u00a0Douro, travail fluvial\u00a0\u00bb, sur les activit\u00e9s des habitants des rives du fleuve Douro.<\/p>\n<p>Intitul\u00e9 \u00ab\u00a0Le vieux du Restelo\u00a0\u00bb(\u00ab\u00a0O Velho do Restelo\u00a0\u00bb), ce film s&rsquo;inspire notamment d&rsquo;un personnage du po\u00e8me \u00e9pique \u00ab\u00a0Les Lusiades\u00a0\u00bb, \u00e9crit au XVIe si\u00e8cle par Luis de Camoes pour raconter les grandes d\u00e9couvertes maritimes des navigateurs portugais.<\/p>\n<p>Le film de Manoel de Oliveira a re\u00e7u le soutien du secr\u00e9tariat portugais charg\u00e9 des affaires culturelles ainsi que du minist\u00e8re de la Culture fran\u00e7ais, a pr\u00e9cis\u00e9 la soci\u00e9t\u00e9 de production.<\/p>\n<p>Ce projet avait connu des retards dans un contexte particuli\u00e8rement difficile pour le cin\u00e9ma portugais, qui subit de plein fouet les coupes budg\u00e9taires appliqu\u00e9es par le gouvernement pour satisfaire aux exigences des cr\u00e9anciers internationaux du pays.<\/p>\n<p>A l&rsquo;occasion de son 105e anniversaire, en d\u00e9cembre, Manoel de Oliveira se disait toutefois confiant d&rsquo;obtenir rapidement les 350.000 euros n\u00e9cessaires pour le tournage.<\/p>\n<p>Le metteur en sc\u00e8ne, qui a \u00e9t\u00e9 hospitalis\u00e9 \u00e0 plusieurs reprises en 2012 en raison de complications survenues apr\u00e8s une infection, ne veut toujours pas entendre parler de retraite.<\/p>\n<p>\u00ab\u00a0Il est tr\u00e8s concentr\u00e9 sur le tournage de son nouveau film\u00a0\u00bb, a affirm\u00e9 la fille du cin\u00e9aste.<\/p>\n<p>Depuis la sortie de son premier film en 1931, Manoel de Oliveira a tourn\u00e9 plus de 50 longs m\u00e9trages de fiction et documentaires, r\u00e9alisant l&rsquo;essentiel de son oeuvre apr\u00e8s 60 ans. Son dernier film, \u00ab\u00a0Gebo et l&rsquo;ombre\u00a0\u00bb, date de 2012. (AFP)<\/p>\n<p style=\"text-align:center;\"><script type=\"text\/javascript\"><!--\ngoogle_ad_client = \"ca-pub-2727717456356200\";\n\/* CulturaLusa 468x60 *\/\ngoogle_ad_slot = \"2785499263\";\ngoogle_ad_width = 468;\ngoogle_ad_height = 60;\n\/\/-->\n<\/script><br \/>\n<script type=\"text\/javascript\"\nsrc=\"http:\/\/pagead2.googlesyndication.com\/pagead\/show_ads.js\">\n<\/script><\/p>\n","protected":false},"excerpt":{"rendered":"<p>Le doyen mondial des cin\u00e9astes Manoel de Oliveira, qui a f\u00eat\u00e9 en d\u00e9cembre son 105e anniversaire, va reprendre sa cam\u00e9ra \u00e0 Porto, sa ville d&rsquo;origine dans le nord du Portugal, pour le tournage d&rsquo;un court m\u00e9trage, a indiqu\u00e9 \u00e0 l&rsquo;AFP son entourage. \u00ab\u00a0Il a enfin obtenu le financement qu&rsquo;il attendait depuis plusieurs mois\u00a0\u00bb, a d\u00e9clar\u00e9 [&hellip;]<\/p>\n","protected":false},"author":1,"featured_media":0,"comment_status":"open","ping_status":"closed","sticky":false,"template":"","format":"standard","meta":{"footnotes":""},"categories":[4],"tags":[],"class_list":["post-1401","post","type-post","status-publish","format-standard","hentry","category-culture"],"aioseo_notices":[],"_links":{"self":[{"href":"https:\/\/www.culturalusa.com\/news\/wp-json\/wp\/v2\/posts\/1401","targetHints":{"allow":["GET"]}}],"collection":[{"href":"https:\/\/www.culturalusa.com\/news\/wp-json\/wp\/v2\/posts"}],"about":[{"href":"https:\/\/www.culturalusa.com\/news\/wp-json\/wp\/v2\/types\/post"}],"author":[{"embeddable":true,"href":"https:\/\/www.culturalusa.com\/news\/wp-json\/wp\/v2\/users\/1"}],"replies":[{"embeddable":true,"href":"https:\/\/www.culturalusa.com\/news\/wp-json\/wp\/v2\/comments?post=1401"}],"version-history":[{"count":0,"href":"https:\/\/www.culturalusa.com\/news\/wp-json\/wp\/v2\/posts\/1401\/revisions"}],"wp:attachment":[{"href":"https:\/\/www.culturalusa.com\/news\/wp-json\/wp\/v2\/media?parent=1401"}],"wp:term":[{"taxonomy":"category","embeddable":true,"href":"https:\/\/www.culturalusa.com\/news\/wp-json\/wp\/v2\/categories?post=1401"},{"taxonomy":"post_tag","embeddable":true,"href":"https:\/\/www.culturalusa.com\/news\/wp-json\/wp\/v2\/tags?post=1401"}],"curies":[{"name":"wp","href":"https:\/\/api.w.org\/{rel}","templated":true}]}}