{"id":14013,"date":"2026-01-29T17:08:39","date_gmt":"2026-01-29T16:08:39","guid":{"rendered":"https:\/\/www.culturalusa.com\/news\/?p=14013"},"modified":"2026-01-29T17:11:15","modified_gmt":"2026-01-29T16:11:15","slug":"iran-un-accord-trouve-au-sein-de-lue-pour-designer-les-gardiens-de-la-revolution-comme-organisation-terroriste","status":"publish","type":"post","link":"https:\/\/www.culturalusa.com\/news\/actualite\/iran-un-accord-trouve-au-sein-de-lue-pour-designer-les-gardiens-de-la-revolution-comme-organisation-terroriste\/","title":{"rendered":"Iran: un accord trouv\u00e9 au sein de l&rsquo;UE pour d\u00e9signer les Gardiens de la R\u00e9volution comme organisation terroriste"},"content":{"rendered":"<h2>Un accord au sein de l&rsquo;Union europ\u00e9enne pour d\u00e9signer les Gardiens de la R\u00e9volution comme organisation terroriste a \u00e9t\u00e9 trouv\u00e9, annonce ce jeudi 29 janvier la cheffe de la diplomatie de l&rsquo;UE, Kaja Kallas.<\/h2>\n<blockquote><p>\u00ab\u00a0Tout r\u00e9gime qui tue des milliers de ses propres citoyens \u0153uvre \u00e0 sa propre perte\u00a0\u00bb, a-t-elle \u00e9crit sur ses r\u00e9seaux sociaux, estimant que \u00ab\u00a0la r\u00e9pression ne peut rester sans r\u00e9ponse\u00a0\u00bb.<\/p><\/blockquote>\n<p>La pr\u00e9sidente de la Commission europ\u00e9enne Ursula von der Leyen a, elle, assur\u00e9 qu&rsquo;un r\u00e9gime qui r\u00e9prime les manifestations \u00ab\u00a0dans le sang\u00a0\u00bb est bien \u00ab\u00a0terroriste\u00a0\u00bb.<\/p>\n<p>La r\u00e9pression du mouvement de contestation contre le r\u00e9gime des Mollahs, d\u00e9but\u00e9 \u00e0 la fin du mois de d\u00e9cembre, a fait pr\u00e8s de 6.000 morts, selon l&rsquo;ONG Human Rights Activists News Agency (HRANA), bas\u00e9e aux \u00c9tats-Unis.<\/p>\n<h3>Un accord au sein de l&rsquo;Union europ\u00e9enne pour d\u00e9signer les Gardiens de la R\u00e9volution comme organisation terroriste a \u00e9t\u00e9 trouv\u00e9, annonce ce\u00a0 la cheffe de la diplomatie de l&rsquo;UE, Kaja Kallas.<\/h3>\n","protected":false},"excerpt":{"rendered":"<p>Un accord au sein de l&rsquo;Union europ\u00e9enne pour d\u00e9signer les Gardiens de la R\u00e9volution comme organisation terroriste a \u00e9t\u00e9 trouv\u00e9, annonce ce jeudi 29 janvier la cheffe de la diplomatie de l&rsquo;UE, Kaja Kallas. \u00ab\u00a0Tout r\u00e9gime qui tue des milliers de ses propres citoyens \u0153uvre \u00e0 sa propre perte\u00a0\u00bb, a-t-elle \u00e9crit sur ses r\u00e9seaux sociaux, [&hellip;]<\/p>\n","protected":false},"author":1,"featured_media":14014,"comment_status":"open","ping_status":"closed","sticky":false,"template":"","format":"standard","meta":{"footnotes":""},"categories":[30],"tags":[180,3540,441,3542,3541,815],"class_list":["post-14013","post","type-post","status-publish","format-standard","has-post-thumbnail","hentry","category-actualite","tag-commission-europeenne","tag-gardiens-de-la-revolution","tag-iran","tag-iran-organisation-terroriste","tag-organisation-terroriste","tag-ue"],"aioseo_notices":[],"_links":{"self":[{"href":"https:\/\/www.culturalusa.com\/news\/wp-json\/wp\/v2\/posts\/14013","targetHints":{"allow":["GET"]}}],"collection":[{"href":"https:\/\/www.culturalusa.com\/news\/wp-json\/wp\/v2\/posts"}],"about":[{"href":"https:\/\/www.culturalusa.com\/news\/wp-json\/wp\/v2\/types\/post"}],"author":[{"embeddable":true,"href":"https:\/\/www.culturalusa.com\/news\/wp-json\/wp\/v2\/users\/1"}],"replies":[{"embeddable":true,"href":"https:\/\/www.culturalusa.com\/news\/wp-json\/wp\/v2\/comments?post=14013"}],"version-history":[{"count":3,"href":"https:\/\/www.culturalusa.com\/news\/wp-json\/wp\/v2\/posts\/14013\/revisions"}],"predecessor-version":[{"id":14017,"href":"https:\/\/www.culturalusa.com\/news\/wp-json\/wp\/v2\/posts\/14013\/revisions\/14017"}],"wp:featuredmedia":[{"embeddable":true,"href":"https:\/\/www.culturalusa.com\/news\/wp-json\/wp\/v2\/media\/14014"}],"wp:attachment":[{"href":"https:\/\/www.culturalusa.com\/news\/wp-json\/wp\/v2\/media?parent=14013"}],"wp:term":[{"taxonomy":"category","embeddable":true,"href":"https:\/\/www.culturalusa.com\/news\/wp-json\/wp\/v2\/categories?post=14013"},{"taxonomy":"post_tag","embeddable":true,"href":"https:\/\/www.culturalusa.com\/news\/wp-json\/wp\/v2\/tags?post=14013"}],"curies":[{"name":"wp","href":"https:\/\/api.w.org\/{rel}","templated":true}]}}