{"id":14069,"date":"2026-03-10T17:25:51","date_gmt":"2026-03-10T16:25:51","guid":{"rendered":"https:\/\/www.culturalusa.com\/news\/?p=14069"},"modified":"2026-03-10T17:25:51","modified_gmt":"2026-03-10T16:25:51","slug":"g7-energie-mardi-a-paris-pour-stabiliser-le-cours-du-petrole","status":"publish","type":"post","link":"https:\/\/www.culturalusa.com\/news\/economie\/g7-energie-mardi-a-paris-pour-stabiliser-le-cours-du-petrole\/","title":{"rendered":"G7 Energie.  Mardi \u00e0 Paris pour \u00ab\u00a0stabiliser\u00a0\u00bb le cours du p\u00e9trole."},"content":{"rendered":"<h2>La France multiplie les initiatives face aux cours p\u00e9troliers chahut\u00e9s par la guerre au Moyen-Orient et organise\u00a0 un \u00ab\u00a0G7 Energie\u00a0\u00bb, au lendemain d&rsquo;un G7 Finances d\u00e9j\u00e0 focalis\u00e9 sur le m\u00eame sujet.<\/h2>\n<blockquote><p>\u00ab\u00a0Nous r\u00e9unirons le G7 Energie en marge du sommet international du nucl\u00e9aire qui se tient \u00e0 Paris, pour avancer sur cette question-l\u00e0 (le prix du p\u00e9trole, NDLR), avec un objectif qui est de baisser les prix\u00a0\u00bb, a affirm\u00e9 mardi sur France 2 Maud Bregeon, ministre d\u00e9l\u00e9gu\u00e9e \u00e0 l&rsquo;Energie.<\/p><\/blockquote>\n<p>Cette nouvelle r\u00e9union, qui rassemblera les ministres de l&rsquo;Energie des pays du G7, doit leur permettre d&rsquo;\u00e9changer \u00ab\u00a0sur les impacts de la situation actuelle pour le secteur \u00e9nerg\u00e9tique mondial\u00a0\u00bb, les enjeux d&rsquo;approvisionnement en p\u00e9trole et en gaz et \u00ab\u00a0leurs cons\u00e9quences sur les prix\u00a0\u00bb, a fait savoir \u00e0 la presse le minist\u00e8re fran\u00e7ais de l&rsquo;Economie, charg\u00e9 notamment de la souverainet\u00e9 \u00e9nerg\u00e9tique.<\/p>\n<p>Une initiative prise lundi par le pr\u00e9sident Emmanuel Macron qui se tient 24 heures apr\u00e8s un G7 Finances d\u00e9j\u00e0 largement consacr\u00e9 \u00e0 la m\u00eame question, alors que le prix du p\u00e9trole \u00e9tait encore en train de grimper.<\/p>\n<p>Mais apr\u00e8s avoir connu une hausse spectaculaire face aux difficult\u00e9s d&rsquo;approvisionnement depuis les pays du Golfe en raison de la quasi-paralysie du d\u00e9troit d&rsquo;Ormuz, le cours de l&rsquo;or noir a plong\u00e9 dans la foul\u00e9e d&rsquo;une d\u00e9claration de Donald Trump, lundi soir, lorsque le pr\u00e9sident am\u00e9ricain a affirm\u00e9 que la guerre avec l&rsquo;Iran \u00e9tait \u00ab\u00a0quasiment\u00a0\u00bb finie.<\/p>\n<p>\u00ab\u00a0Il faut stabiliser le march\u00e9\u00a0\u00bb, a insist\u00e9 le ministre d\u00e9l\u00e9gu\u00e9 \u00e0 l&rsquo;industrie Roland Lescure, qui repr\u00e9sentera la France aux c\u00f4t\u00e9s de Maud Bregeon lors de ce G7 Energie, en marge du sommet consacr\u00e9 \u00e0 la relance du nucl\u00e9aire civil organis\u00e9 \u00e0 Paris.<\/p>\n<h3>Pas de formule magique<\/h3>\n<p>Ce sujet est tr\u00e8s sensible dans le d\u00e9bat politique en France. Car la mont\u00e9e en fl\u00e8che des prix du baril de ces derniers jours s&rsquo;est tr\u00e8s vite r\u00e9percut\u00e9e sur les prix \u00e0 la pompe.<\/p>\n<p>Dans les stations-service en France, le gazole a d\u00e9pass\u00e9 lundi la barre symbolique des 2 euros le litre, selon une moyenne calcul\u00e9e par l&rsquo;AFP sur la base des donn\u00e9es de quelque 9.400 stations-service transmises au gouvernement, un seuil in\u00e9dit depuis l&rsquo;\u00e9t\u00e9 2022.<\/p>\n<p>Depuis le 27 f\u00e9vrier, veille des premi\u00e8res frappes isra\u00e9lo-am\u00e9ricaines sur l&rsquo;Iran, le prix de ce carburant routier, le plus consomm\u00e9 dans le pays, a bondi de 16% en France m\u00e9tropolitaine.<\/p>\n<p>Mis sous pression par les oppositions et certains syndicats qui appellent \u00e0 des mesures d&rsquo;urgence, le gouvernement refuse pour le moment de d\u00e9ployer de nouvelles aides \u00e0 l&rsquo;achat de carburant.<\/p>\n<p>\u00ab\u00a0Nous souhaitons que le prix \u00e0 la pompe baisse. Pour que le prix \u00e0 la pompe baisse, il n&rsquo;y a pas de formule magique, il n&rsquo;y a pas de recette domestique, il faut stabiliser le march\u00e9. Pour \u00e7a, il faut rouvrir le d\u00e9troit d&rsquo;Ormuz (&#8230;) et que le p\u00e9trole puisse circuler de mani\u00e8re libre dans le monde entier\u00a0\u00bb, a insist\u00e9 le ministre fran\u00e7ais de l&rsquo;Economie et des Finances Roland Lescure mardi.<\/p>\n<p>Lundi, les ministres des Finances du G7 se sont dit \u00ab\u00a0pr\u00eats\u00a0\u00bb \u00e0 puiser si besoin dans les r\u00e9serves strat\u00e9giques de p\u00e9trole.<\/p>\n<p>\u00ab\u00a0L&rsquo;objectif\u00a0\u00bb du travail men\u00e9 \u00ab\u00a0sur les r\u00e9serves strat\u00e9giques\u00a0\u00bb est de \u00ab\u00a0s&rsquo;assurer que, dans des zones o\u00f9 il y a des tensions d&rsquo;approvisionnement (&#8230;), on puisse int\u00e9grer le fait que le march\u00e9 se lib\u00e8re\u00a0\u00bb, ce qui va, selon M. Lescure, permettre de \u00ab\u00a0faire baisser les cours\u00a0\u00bb. \u00ab\u00a0On l&rsquo;a d\u00e9j\u00e0 vu depuis 24 heures, faisons en sorte que \u00e7a continue\u00a0\u00bb, a poursuivi le ministre.<\/p>\n","protected":false},"excerpt":{"rendered":"<p>La France multiplie les initiatives face aux cours p\u00e9troliers chahut\u00e9s par la guerre au Moyen-Orient et organise\u00a0 un \u00ab\u00a0G7 Energie\u00a0\u00bb, au lendemain d&rsquo;un G7 Finances d\u00e9j\u00e0 focalis\u00e9 sur le m\u00eame sujet. \u00ab\u00a0Nous r\u00e9unirons le G7 Energie en marge du sommet international du nucl\u00e9aire qui se tient \u00e0 Paris, pour avancer sur cette question-l\u00e0 (le prix [&hellip;]<\/p>\n","protected":false},"author":1,"featured_media":14070,"comment_status":"open","ping_status":"closed","sticky":false,"template":"","format":"standard","meta":{"footnotes":""},"categories":[1],"tags":[3557,731,3556,3558],"class_list":["post-14069","post","type-post","status-publish","format-standard","has-post-thumbnail","hentry","category-economie","tag-cours-du-petrole","tag-g7","tag-g7-energie","tag-guerre-au-moyen-orient"],"aioseo_notices":[],"_links":{"self":[{"href":"https:\/\/www.culturalusa.com\/news\/wp-json\/wp\/v2\/posts\/14069","targetHints":{"allow":["GET"]}}],"collection":[{"href":"https:\/\/www.culturalusa.com\/news\/wp-json\/wp\/v2\/posts"}],"about":[{"href":"https:\/\/www.culturalusa.com\/news\/wp-json\/wp\/v2\/types\/post"}],"author":[{"embeddable":true,"href":"https:\/\/www.culturalusa.com\/news\/wp-json\/wp\/v2\/users\/1"}],"replies":[{"embeddable":true,"href":"https:\/\/www.culturalusa.com\/news\/wp-json\/wp\/v2\/comments?post=14069"}],"version-history":[{"count":1,"href":"https:\/\/www.culturalusa.com\/news\/wp-json\/wp\/v2\/posts\/14069\/revisions"}],"predecessor-version":[{"id":14071,"href":"https:\/\/www.culturalusa.com\/news\/wp-json\/wp\/v2\/posts\/14069\/revisions\/14071"}],"wp:featuredmedia":[{"embeddable":true,"href":"https:\/\/www.culturalusa.com\/news\/wp-json\/wp\/v2\/media\/14070"}],"wp:attachment":[{"href":"https:\/\/www.culturalusa.com\/news\/wp-json\/wp\/v2\/media?parent=14069"}],"wp:term":[{"taxonomy":"category","embeddable":true,"href":"https:\/\/www.culturalusa.com\/news\/wp-json\/wp\/v2\/categories?post=14069"},{"taxonomy":"post_tag","embeddable":true,"href":"https:\/\/www.culturalusa.com\/news\/wp-json\/wp\/v2\/tags?post=14069"}],"curies":[{"name":"wp","href":"https:\/\/api.w.org\/{rel}","templated":true}]}}