{"id":14080,"date":"2026-03-13T18:45:59","date_gmt":"2026-03-13T17:45:59","guid":{"rendered":"https:\/\/www.culturalusa.com\/news\/?p=14080"},"modified":"2026-03-13T18:45:59","modified_gmt":"2026-03-13T17:45:59","slug":"macron-au-cote-de-zelensky-promet-que-la-guerre-au-moyen-orient-noffrira-pas-de-repit-a-la-russie","status":"publish","type":"post","link":"https:\/\/www.culturalusa.com\/news\/actualite\/macron-au-cote-de-zelensky-promet-que-la-guerre-au-moyen-orient-noffrira-pas-de-repit-a-la-russie\/","title":{"rendered":"Macron, au c\u00f4t\u00e9 de Zelensky, promet que la guerre au Moyen-Orient n&rsquo;offrira pas de \u00ab\u00a0r\u00e9pit\u00a0\u00bb \u00e0 la Russie"},"content":{"rendered":"<h2>Emmanuel Macron, en recevant Volodymyr Zelensky \u00e0 l&rsquo;Elys\u00e9e, a affirm\u00e9 que la Russie \u00ab\u00a0se trompe\u00a0\u00bb si elle esp\u00e8re que la guerre au Moyen-Orient lui offrira un \u00ab\u00a0r\u00e9pit\u00a0\u00bb, minimisant la port\u00e9e de la lev\u00e9e temporaire de sanctions am\u00e9ricaines sur le p\u00e9trole russe.<\/h2>\n<blockquote><p>\u00ab\u00a0Rien ne nous d\u00e9tournera de l&rsquo;Ukraine\u00a0\u00bb, a dit le pr\u00e9sident fran\u00e7ais. \u00ab\u00a0Aujourd&rsquo;hui, la Russie croit peut-\u00eatre que la guerre en Iran va lui offrir un r\u00e9pit. Elle se trompe.\u00a0\u00bb<\/p><\/blockquote>\n<p>\u00ab\u00a0Le contexte de mont\u00e9e des prix du cours du p\u00e9trole ne doit en aucun cas amener \u00e0 revoir notre politique de sanctions \u00e0 l&rsquo;\u00e9gard de la Russie, c&rsquo;est la position que le G7 a tenue\u00a0\u00bb, a-t-il affirm\u00e9.<\/p>\n<p>Les Etats-Unis, membres du G7, ont pourtant autoris\u00e9 jeudi jusqu&rsquo;au 11 avril la vente du p\u00e9trole russe stock\u00e9 sur des navires, dans un contexte de flamb\u00e9e des prix du brut.<\/p>\n<p>La Russie, poids lourd des hydrocarbures, a besoin de rentr\u00e9es d&rsquo;argent pour financer son effort de guerre en Ukraine, o\u00f9 elle a lanc\u00e9 une invasion \u00e0 grande \u00e9chelle en 2022.<\/p>\n<p>Emmanuel Macron a n\u00e9anmoins estim\u00e9 que la d\u00e9cision am\u00e9ricaine avait \u00e9t\u00e9 prise \u00ab\u00a0de mani\u00e8re exceptionnelle et limit\u00e9e\u00a0\u00bb et \u00ab\u00a0ne revient pas de mani\u00e8re durable et large sur les sanctions qu&rsquo;eux-m\u00eames ont d\u00e9cid\u00e9\u00a0\u00bb dans le cadre du G7.<\/p>\n<p>Volodymyr Zelensky, au contraire, a jug\u00e9 qu&rsquo;elle entra\u00eenera un \u00ab\u00a0renforcement de la position de la Russie\u00a0\u00bb et \u00ab\u00a0ne contribue certainement pas \u00e0 la paix\u00a0\u00bb.<\/p>\n<p>Selon le pr\u00e9sident ukrainien, cet \u00ab\u00a0assouplissement\u00a0\u00bb des sanctions pourrait rapporter \u00e0 la Russie \u00ab\u00a0environ 10 milliards de dollars\u00a0\u00bb qu&rsquo;elle d\u00e9pensera en drones et autres armements.<\/p>\n<p>Ces drones sont utilis\u00e9s en Ukraine mais le seront aussi contre \u00ab\u00a0les voisins de l&rsquo;Iran\u00a0\u00bb, alli\u00e9 de Moscou, et les Occidentaux pr\u00e9sents dans la zone, a assur\u00e9 Volodymyr Zelensky. \u00ab\u00a0Lever les sanctions juste pour que davantage de drones viennent vous attaquer plus tard n&rsquo;est, \u00e0 mon avis, pas la bonne d\u00e9cision.\u00a0\u00bb<\/p>\n<p>La Russie a affirm\u00e9 que T\u00e9h\u00e9ran ne lui avait pas demand\u00e9 d&rsquo;aide militaire. Des m\u00e9dias am\u00e9ricains ont en revanche \u00e9voqu\u00e9 un partage de renseignements russes pour aider l&rsquo;Iran \u00e0 frapper des cibles.<\/p>\n<h3>\u00ab\u00a0Expertise\u00a0\u00bb<\/h3>\n<p>La visite du pr\u00e9sident ukrainien \u00e0 Paris, la douzi\u00e8me depuis 2022, se d\u00e9roule alors que le conflit d\u00e9clench\u00e9 le 28 f\u00e9vrier par les Etats-Unis et Isra\u00ebl contre l&rsquo;Iran monopolise l&rsquo;attention du monde entier.<\/p>\n<p>Un militaire fran\u00e7ais a \u00e9t\u00e9 tu\u00e9 et six bless\u00e9s jeudi soir dans une attaque de drone de conception iranienne au Kurdistan irakien, ont annonc\u00e9 les autorit\u00e9s fran\u00e7aises. Il s&rsquo;agissait d&rsquo;un drone Shahed, selon un colonel fran\u00e7ais, soit le m\u00eame type de drones utilis\u00e9 presque chaque jour par la Russie en Ukraine.<\/p>\n<p>L&rsquo;Ukraine compte capitaliser sur son expertise pour combattre les drones iraniens, jug\u00e9e \u00ab\u00a0\u00e0 nulle autre pareille\u00a0\u00bb par l&rsquo;Elys\u00e9e.<\/p>\n<p>Des sp\u00e9cialistes militaires ukrainiens se sont rendus dans plusieurs pays du Golfe derni\u00e8rement pour partager leur exp\u00e9rience en mati\u00e8re d&rsquo;interception des drones de conception iranienne, et Volodymyr Zelensky a propos\u00e9 \u00ab\u00a0de d\u00e9velopper tout cela en collaboration avec les pays europ\u00e9ens\u00a0\u00bb.<\/p>\n<p>Emmanuel Macron et Volodymyr Zelensky se sont entretenus avant leur conf\u00e9rence de presse commune, puis ont eu un d\u00e9jeuner de travail en t\u00eate-\u00e0-t\u00eate. Le pr\u00e9sident ukrainien doit participer dans l&rsquo;apr\u00e8s-midi \u00e0 un \u00e9change avec des \u00e9tudiants \u00e0 Sciences Po.<\/p>\n<h3>\u00a0Blocage<\/h3>\n<p>Les deux dirigeants ont aussi \u00e9voqu\u00e9 le pr\u00eat de 90 milliards d&rsquo;euros promis par les dirigeants de l&rsquo;Union europ\u00e9enne \u00e0 Kiev en d\u00e9cembre.<\/p>\n<p>Les premiers d\u00e9caissements sont bloqu\u00e9s par la Hongrie qui r\u00e9clame que l&rsquo;Ukraine rouvre rapidement l&rsquo;acheminement vers le sol hongrois de p\u00e9trole russe par l&rsquo;ol\u00e9oduc Droujba, endommag\u00e9 selon les autorit\u00e9s ukrainiennes par une frappe de Moscou.<\/p>\n<p>M. Macron a assur\u00e9 \u00ab\u00a0avec force et clart\u00e9\u00a0\u00bb que le pr\u00eat serait vers\u00e9 car \u00ab\u00a0c&rsquo;est le devoir de chaque Nation de tenir les promesses qui sont faites\u00a0\u00bb.<\/p>\n<p>La question sera de nouveau sur la table des Vingt-Sept lors d&rsquo;un sommet de l&rsquo;UE la semaine prochaine \u00e0 Bruxelles.<\/p>\n<h3>Autre sujet \u00e0 l&rsquo;agenda, les besoins de l&rsquo;Ukraine en armement.<\/h3>\n<p>Le pr\u00e9sident Zelensky, qui a besoin de syst\u00e8mes de d\u00e9fense antia\u00e9rienne performants pour contrer les attaques russes, a dit au journal Ouest-France vouloir obtenir \u00ab\u00a0le plus rapidement possible\u00a0\u00bb les syst\u00e8mes SAMP-T franco-italiens de nouvelle g\u00e9n\u00e9ration, le plus rapidement possible.<\/p>\n<p>Sur place en Ukraine, une frappe de missile russe dans la r\u00e9gion de Kharkiv a fait au moins trois morts et quatre bless\u00e9s t\u00f4t vendredi, selon les autorit\u00e9s locales. <strong>AFP<\/strong><\/p>\n","protected":false},"excerpt":{"rendered":"<p>Emmanuel Macron, en recevant Volodymyr Zelensky \u00e0 l&rsquo;Elys\u00e9e, a affirm\u00e9 que la Russie \u00ab\u00a0se trompe\u00a0\u00bb si elle esp\u00e8re que la guerre au Moyen-Orient lui offrira un \u00ab\u00a0r\u00e9pit\u00a0\u00bb, minimisant la port\u00e9e de la lev\u00e9e temporaire de sanctions am\u00e9ricaines sur le p\u00e9trole russe. \u00ab\u00a0Rien ne nous d\u00e9tournera de l&rsquo;Ukraine\u00a0\u00bb, a dit le pr\u00e9sident fran\u00e7ais. \u00ab\u00a0Aujourd&rsquo;hui, la Russie [&hellip;]<\/p>\n","protected":false},"author":1,"featured_media":14081,"comment_status":"open","ping_status":"closed","sticky":false,"template":"","format":"standard","meta":{"footnotes":""},"categories":[30],"tags":[3558,388,333,3239],"class_list":["post-14080","post","type-post","status-publish","format-standard","has-post-thumbnail","hentry","category-actualite","tag-guerre-au-moyen-orient","tag-russie","tag-ukraine","tag-zelensky"],"aioseo_notices":[],"_links":{"self":[{"href":"https:\/\/www.culturalusa.com\/news\/wp-json\/wp\/v2\/posts\/14080","targetHints":{"allow":["GET"]}}],"collection":[{"href":"https:\/\/www.culturalusa.com\/news\/wp-json\/wp\/v2\/posts"}],"about":[{"href":"https:\/\/www.culturalusa.com\/news\/wp-json\/wp\/v2\/types\/post"}],"author":[{"embeddable":true,"href":"https:\/\/www.culturalusa.com\/news\/wp-json\/wp\/v2\/users\/1"}],"replies":[{"embeddable":true,"href":"https:\/\/www.culturalusa.com\/news\/wp-json\/wp\/v2\/comments?post=14080"}],"version-history":[{"count":1,"href":"https:\/\/www.culturalusa.com\/news\/wp-json\/wp\/v2\/posts\/14080\/revisions"}],"predecessor-version":[{"id":14082,"href":"https:\/\/www.culturalusa.com\/news\/wp-json\/wp\/v2\/posts\/14080\/revisions\/14082"}],"wp:featuredmedia":[{"embeddable":true,"href":"https:\/\/www.culturalusa.com\/news\/wp-json\/wp\/v2\/media\/14081"}],"wp:attachment":[{"href":"https:\/\/www.culturalusa.com\/news\/wp-json\/wp\/v2\/media?parent=14080"}],"wp:term":[{"taxonomy":"category","embeddable":true,"href":"https:\/\/www.culturalusa.com\/news\/wp-json\/wp\/v2\/categories?post=14080"},{"taxonomy":"post_tag","embeddable":true,"href":"https:\/\/www.culturalusa.com\/news\/wp-json\/wp\/v2\/tags?post=14080"}],"curies":[{"name":"wp","href":"https:\/\/api.w.org\/{rel}","templated":true}]}}