{"id":14090,"date":"2026-03-17T18:49:43","date_gmt":"2026-03-17T17:49:43","guid":{"rendered":"https:\/\/www.culturalusa.com\/news\/?p=14090"},"modified":"2026-03-17T18:49:43","modified_gmt":"2026-03-17T17:49:43","slug":"detroit-dormuz-la-france-pas-prete-a-des-operations-douverture-dans-le-contexte-actuel","status":"publish","type":"post","link":"https:\/\/www.culturalusa.com\/news\/monde\/detroit-dormuz-la-france-pas-prete-a-des-operations-douverture-dans-le-contexte-actuel\/","title":{"rendered":"D\u00e9troit d&rsquo;Ormuz: la France pas pr\u00eate \u00e0 des op\u00e9rations d&rsquo;ouverture \u00ab\u00a0dans le contexte actuel\u00a0\u00bb"},"content":{"rendered":"<h2>\nEmmanuel Macron a martel\u00e9 qu&rsquo;il \u00e9tait hors de question pour la France de s&rsquo;engager dans des \u00ab\u00a0op\u00e9rations\u00a0\u00bb de s\u00e9curisation du d\u00e9troit d&rsquo;Ormuz \u00ab\u00a0dans le contexte actuel\u00a0\u00bb de \u00ab\u00a0bombardements\u00a0\u00bb mais qu&rsquo;une fois la situation redevenue \u00ab\u00a0plus calme\u00a0\u00bb, elle pourrait participer \u00e0 des \u00ab\u00a0escortes\u00a0\u00bb de navires dans ce passage strat\u00e9gique pour l&rsquo;\u00e9conomie mondiale.<\/h2>\n<blockquote><p>\u00ab\u00a0Nous ne sommes pas partie prenante au conflit et donc jamais la France ne prendra part \u00e0 des op\u00e9rations d&rsquo;ouverture ou de lib\u00e9ration du d\u00e9troit d&rsquo;Ormuz dans le contexte actuel\u00a0\u00bb, a d\u00e9clar\u00e9 le pr\u00e9sident fran\u00e7ais, opposant une fin de non-recevoir \u00e0 Donald Trump, au d\u00e9but d&rsquo;un conseil de d\u00e9fense \u00e0 l&rsquo;Elys\u00e9e.<\/p><\/blockquote>\n<h3>Le pr\u00e9sident am\u00e9ricain a insist\u00e9 pour que les alli\u00e9s des Etats-Unis, notamment les grandes puissances europ\u00e9ennes, surmontent leurs r\u00e9ticences manifestes \u00e0 participer \u00e0 la s\u00e9curisation du d\u00e9troit d&rsquo;Ormuz, bloqu\u00e9 par l&rsquo;Iran. Tout comme Paris, Londres et Berlin se sont aussi montr\u00e9s plus que r\u00e9serv\u00e9s.<\/h3>\n<p>\u00ab\u00a0Par contre, nous sommes convaincus qu&rsquo;une fois la situation plus calme (..) c&rsquo;est-\u00e0-dire une fois que le c\u0153ur des bombardements aura cess\u00e9, nous sommes pr\u00eats, avec d&rsquo;autres nations, \u00e0 prendre la responsabilit\u00e9 d&rsquo;un syst\u00e8me d&rsquo;escorte\u00a0\u00bb de p\u00e9troliers et porte-conteneurs dans le d\u00e9troit par des b\u00e2timents militaires, a ajout\u00e9 Emmanuel Macron.<\/p>\n<p>\u00ab\u00a0Ce travail supposera des discussions, une +d\u00e9confliction+ (proc\u00e9dures de communication et d&rsquo;\u00e9change d&rsquo;informations pour \u00e9viter des d\u00e9rapages, ndlr) avec l&rsquo;Iran parce que, en aucun cas, ce ne peut \u00eatre une op\u00e9ration de vive force\u00a0\u00bb, a encore insist\u00e9 le chef de l&rsquo;Etat qui a d\u00e9j\u00e0 \u00e9voqu\u00e9 une telle initiative le 9 mars \u00e0 Chypre.<\/p>\n<p>Cette mission, qui sera \u00e0 \u00ab\u00a0b\u00e2tir dans les jours et les semaines \u00e0 venir\u00a0\u00bb, \u00ab\u00a0doit donc \u00eatre pleinement distincte des op\u00e9rations de guerre qui sont en cours et des bombardements en cours\u00a0\u00bb, a-t-il encore dit.<\/p>\n<p>Des \u00e9changes ont d\u00e9j\u00e0 eu lieu en ce sens avec \u00ab\u00a0l&rsquo;Inde et plusieurs autres partenaires europ\u00e9ens ou de la r\u00e9gion\u00a0\u00bb, a-t-il ajout\u00e9, en se disant aussi oppos\u00e9 \u00e0 l&rsquo;id\u00e9e d&rsquo;\u00e9tendre l&rsquo;op\u00e9ration europ\u00e9enne Aspides mise en place en mer Rouge au d\u00e9troit d&rsquo;Ormuz. \u00ab\u00a0Ce cadre ne doit pas \u00eatre \u00e9tendu \u00e0 d&rsquo;autres op\u00e9rations\u00a0\u00bb, a-t-il dit.<\/p>\n<h3>Les chefs de la diplomatie de l&rsquo;UE, r\u00e9unis \u00e0 Bruxelles, ont \u00e9cart\u00e9 l&rsquo;id\u00e9e d&rsquo;envoyer dans le d\u00e9troit d&rsquo;Ormuz la mission europ\u00e9enne de protection du trafic maritime Aspides en Rouge.<\/h3>\n<p>Cette mission navale de l&rsquo;UE est compos\u00e9e de trois navires militaires. Pour la faire intervenir dans le d\u00e9troit d&rsquo;Ormuz, il serait n\u00e9cessaire de modifier le mandat de cette op\u00e9ration, con\u00e7ue \u00e0 l&rsquo;origine pour prot\u00e9ger les navires marchands des attaques des rebelles houtis, alli\u00e9s de l&rsquo;Iran, en mer Rouge.<\/p>\n","protected":false},"excerpt":{"rendered":"<p>Emmanuel Macron a martel\u00e9 qu&rsquo;il \u00e9tait hors de question pour la France de s&rsquo;engager dans des \u00ab\u00a0op\u00e9rations\u00a0\u00bb de s\u00e9curisation du d\u00e9troit d&rsquo;Ormuz \u00ab\u00a0dans le contexte actuel\u00a0\u00bb de \u00ab\u00a0bombardements\u00a0\u00bb mais qu&rsquo;une fois la situation redevenue \u00ab\u00a0plus calme\u00a0\u00bb, elle pourrait participer \u00e0 des \u00ab\u00a0escortes\u00a0\u00bb de navires dans ce passage strat\u00e9gique pour l&rsquo;\u00e9conomie mondiale. \u00ab\u00a0Nous ne sommes pas [&hellip;]<\/p>\n","protected":false},"author":1,"featured_media":14091,"comment_status":"open","ping_status":"closed","sticky":false,"template":"","format":"standard","meta":{"footnotes":""},"categories":[1372],"tags":[3564,3565,3566],"class_list":["post-14090","post","type-post","status-publish","format-standard","has-post-thumbnail","hentry","category-monde","tag-detroit-dormuz","tag-la-france-pas-prete-a-des-operations-douverture","tag-mer-rouge"],"aioseo_notices":[],"_links":{"self":[{"href":"https:\/\/www.culturalusa.com\/news\/wp-json\/wp\/v2\/posts\/14090","targetHints":{"allow":["GET"]}}],"collection":[{"href":"https:\/\/www.culturalusa.com\/news\/wp-json\/wp\/v2\/posts"}],"about":[{"href":"https:\/\/www.culturalusa.com\/news\/wp-json\/wp\/v2\/types\/post"}],"author":[{"embeddable":true,"href":"https:\/\/www.culturalusa.com\/news\/wp-json\/wp\/v2\/users\/1"}],"replies":[{"embeddable":true,"href":"https:\/\/www.culturalusa.com\/news\/wp-json\/wp\/v2\/comments?post=14090"}],"version-history":[{"count":1,"href":"https:\/\/www.culturalusa.com\/news\/wp-json\/wp\/v2\/posts\/14090\/revisions"}],"predecessor-version":[{"id":14092,"href":"https:\/\/www.culturalusa.com\/news\/wp-json\/wp\/v2\/posts\/14090\/revisions\/14092"}],"wp:featuredmedia":[{"embeddable":true,"href":"https:\/\/www.culturalusa.com\/news\/wp-json\/wp\/v2\/media\/14091"}],"wp:attachment":[{"href":"https:\/\/www.culturalusa.com\/news\/wp-json\/wp\/v2\/media?parent=14090"}],"wp:term":[{"taxonomy":"category","embeddable":true,"href":"https:\/\/www.culturalusa.com\/news\/wp-json\/wp\/v2\/categories?post=14090"},{"taxonomy":"post_tag","embeddable":true,"href":"https:\/\/www.culturalusa.com\/news\/wp-json\/wp\/v2\/tags?post=14090"}],"curies":[{"name":"wp","href":"https:\/\/api.w.org\/{rel}","templated":true}]}}