{"id":14093,"date":"2026-03-19T18:49:54","date_gmt":"2026-03-19T17:49:54","guid":{"rendered":"https:\/\/www.culturalusa.com\/news\/?p=14093"},"modified":"2026-03-19T18:49:54","modified_gmt":"2026-03-19T17:49:54","slug":"un-episode-de-pollution-de-lair-attendu-sur-une-partie-de-leurope","status":"publish","type":"post","link":"https:\/\/www.culturalusa.com\/news\/technologie\/un-episode-de-pollution-de-lair-attendu-sur-une-partie-de-leurope\/","title":{"rendered":"Un \u00e9pisode de pollution de l&rsquo;air attendu sur une partie de l&rsquo;Europe"},"content":{"rendered":"<h2>Un \u00e9pisode \u00ab\u00a0notable\u00a0\u00bb de pollution de l&rsquo;air aux particules fines est attendu ces prochains jours sur une partie de l&rsquo;Europe, dont la France, a alert\u00e9 l&rsquo;observatoire europ\u00e9en Copernicus.<\/h2>\n<blockquote><p>Cette \u00ab\u00a0d\u00e9t\u00e9rioration de la qualit\u00e9 de l&rsquo;air\u00a0\u00bb est caus\u00e9e par des particules fines (PM 2,5) pr\u00e9sentes en Europe de l&rsquo;Ouest qui concerneront plusieurs pays dont l&rsquo;Allemagne, la Belgique, la France, l&rsquo;Irlande, les Pays-Bas et le Royaume-Uni.<\/p><\/blockquote>\n<p>\u00ab\u00a0Bien qu&rsquo;il s&rsquo;agisse d&rsquo;un cas habituel au printemps, cela repr\u00e9sente une situation notable occasionn\u00e9e par des particules fines provenant de sources multiples et en particulier de l&rsquo;agriculture\u00a0\u00bb, souligne dans un communiqu\u00e9 le service de surveillance de l&rsquo;atmosph\u00e8re de Copernicus.<\/p>\n<p>Les agriculteurs sont en effet, en p\u00e9riode d&rsquo;\u00e9pandage d&rsquo;engrais, source d&rsquo;\u00e9missions d&rsquo;ammoniac, gaz tr\u00e8s irritant et pr\u00e9curseur des particules fines. Des conditions m\u00e9t\u00e9orologiques stables emp\u00eachent par ailleurs la dispersion de ces polluants qui trouvent aussi leur origine dans le transport routier.<\/p>\n<h3>La qualit\u00e9 de l&rsquo;air va de surcro\u00eet p\u00e2tir de l&rsquo;augmentation des pollens de bouleaux et d&rsquo;aulnes.<\/h3>\n<blockquote><p>Selon Sant\u00e9 Publique France, la pollution atmosph\u00e9rique \u00ab\u00a0induit des effets aux niveaux respiratoire et cardiovasculaire pouvant conduire \u00e0 un d\u00e9c\u00e8s pr\u00e9matur\u00e9\u00a0\u00bb.<\/p><\/blockquote>\n<h3>Elle se traduit chaque ann\u00e9e par 40.000 morts pr\u00e9matur\u00e9es en France, selon la m\u00eame source.<\/h3>\n<p>L&rsquo;exposition au long cours \u00e0 la pollution atmosph\u00e9rique entra\u00eene de surcro\u00eet un \u00ab\u00a0fardeau consid\u00e9rable\u00a0\u00bb, sanitaire et \u00e9conomique, avec plusieurs dizaines de milliers de nouveaux cas de maladies chaque ann\u00e9e dans l&rsquo;Hexagone, selon une \u00e9tude publi\u00e9e fin janvier 2025 par Sant\u00e9 publique France.<\/p>\n<p>L&rsquo;\u00e9tude a explor\u00e9 les cancers du poumon, BPCO, asthme, pneumopathie et autres infections aigu\u00ebs des voies respiratoires inf\u00e9rieures (grippe exclue), mais aussi AVC, infarctus, hypertension et diab\u00e8te de type 2.<\/p>\n","protected":false},"excerpt":{"rendered":"<p>Un \u00e9pisode \u00ab\u00a0notable\u00a0\u00bb de pollution de l&rsquo;air aux particules fines est attendu ces prochains jours sur une partie de l&rsquo;Europe, dont la France, a alert\u00e9 l&rsquo;observatoire europ\u00e9en Copernicus. Cette \u00ab\u00a0d\u00e9t\u00e9rioration de la qualit\u00e9 de l&rsquo;air\u00a0\u00bb est caus\u00e9e par des particules fines (PM 2,5) pr\u00e9sentes en Europe de l&rsquo;Ouest qui concerneront plusieurs pays dont l&rsquo;Allemagne, la [&hellip;]<\/p>\n","protected":false},"author":1,"featured_media":11235,"comment_status":"open","ping_status":"closed","sticky":false,"template":"","format":"standard","meta":{"footnotes":""},"categories":[6],"tags":[3568,3567,987],"class_list":["post-14093","post","type-post","status-publish","format-standard","has-post-thumbnail","hentry","category-technologie","tag-particules-fines","tag-pollution-de-lair-aux-particules","tag-pollution-de-lair"],"aioseo_notices":[],"_links":{"self":[{"href":"https:\/\/www.culturalusa.com\/news\/wp-json\/wp\/v2\/posts\/14093","targetHints":{"allow":["GET"]}}],"collection":[{"href":"https:\/\/www.culturalusa.com\/news\/wp-json\/wp\/v2\/posts"}],"about":[{"href":"https:\/\/www.culturalusa.com\/news\/wp-json\/wp\/v2\/types\/post"}],"author":[{"embeddable":true,"href":"https:\/\/www.culturalusa.com\/news\/wp-json\/wp\/v2\/users\/1"}],"replies":[{"embeddable":true,"href":"https:\/\/www.culturalusa.com\/news\/wp-json\/wp\/v2\/comments?post=14093"}],"version-history":[{"count":1,"href":"https:\/\/www.culturalusa.com\/news\/wp-json\/wp\/v2\/posts\/14093\/revisions"}],"predecessor-version":[{"id":14094,"href":"https:\/\/www.culturalusa.com\/news\/wp-json\/wp\/v2\/posts\/14093\/revisions\/14094"}],"wp:featuredmedia":[{"embeddable":true,"href":"https:\/\/www.culturalusa.com\/news\/wp-json\/wp\/v2\/media\/11235"}],"wp:attachment":[{"href":"https:\/\/www.culturalusa.com\/news\/wp-json\/wp\/v2\/media?parent=14093"}],"wp:term":[{"taxonomy":"category","embeddable":true,"href":"https:\/\/www.culturalusa.com\/news\/wp-json\/wp\/v2\/categories?post=14093"},{"taxonomy":"post_tag","embeddable":true,"href":"https:\/\/www.culturalusa.com\/news\/wp-json\/wp\/v2\/tags?post=14093"}],"curies":[{"name":"wp","href":"https:\/\/api.w.org\/{rel}","templated":true}]}}