{"id":14100,"date":"2026-03-30T18:39:46","date_gmt":"2026-03-30T16:39:46","guid":{"rendered":"https:\/\/www.culturalusa.com\/news\/?p=14100"},"modified":"2026-03-30T18:39:46","modified_gmt":"2026-03-30T16:39:46","slug":"retour-de-celine-dion-fin-du-suspense-attendu","status":"publish","type":"post","link":"https:\/\/www.culturalusa.com\/news\/culture\/retour-de-celine-dion-fin-du-suspense-attendu\/","title":{"rendered":"Retour de C\u00e9line Dion: fin du suspense attendu."},"content":{"rendered":"<h2>La pression monte autour du retour sur sc\u00e8ne de C\u00e9line Dion, dont les d\u00e9tails des prochains concerts, attendus par les fans de la diva qu\u00e9becoise depuis six ans, sont esp\u00e9r\u00e9s en soir\u00e9e apr\u00e8s une semaine de suspense et de communication XXL.<\/h2>\n<blockquote><p>Dans un spot diffus\u00e9 sur les r\u00e9seaux sociaux, France T\u00e9l\u00e9visions a ainsi convi\u00e9 les t\u00e9l\u00e9spectateurs \u00e0 assister \u00e0 une annonce \u00e0 21H05 sur France 2, sans donner plus de d\u00e9tails.<\/p><\/blockquote>\n<p>Dans la nuit de dimanche \u00e0 lundi, une cam\u00e9ra de vid\u00e9o-surveillance a capt\u00e9 des images, retransmises sur BFMTV, de ce qui ressemble \u00e0 une r\u00e9p\u00e9tition en pleine nuit: la tour Eiffel, scintillant de bleu, affiche les mots \u00ab\u00a0C\u00e9line Dion\u00a0\u00bb, \u00ab\u00a0Paris\u00a0\u00bb et \u00ab\u00a0Je suis pr\u00eate\u00a0\u00bb.<\/p>\n<p>Ces indices s&rsquo;inscrivent dans le sillage de ceux distill\u00e9s dans les rues de la capitale fran\u00e7aise, la presse et sur les r\u00e9seaux sociaux de la chanteuse depuis une semaine, signe d&rsquo;une campagne de communication millim\u00e9tr\u00e9e.<\/p>\n<h3>Des affiches publicitaires ont fait irruption le 23 mars \u00e0 Paris, avec pour seules indications des titres de ses tubes comme \u00ab\u00a0S&rsquo;il suffisait d&rsquo;aimer\u00a0\u00bb ou \u00ab\u00a0Pour que tu m&rsquo;aimes encore\u00a0\u00bb.<\/h3>\n<p>Ces clins d\u2019\u0153il pr\u00e9sagent du grand retour de la diva qu\u00e9b\u00e9coise sur sc\u00e8ne, notamment \u00e0 Paris, o\u00f9 l&rsquo;id\u00e9e d&rsquo;une r\u00e9sidence est depuis longtemps \u00e0 l&rsquo;\u00e9tude par ses \u00e9quipes.<\/p>\n<p>La star, qui f\u00eate lundi ses 58 ans, entend montrer une nouvelle fois l&rsquo;\u00e9tendue de sa r\u00e9silience et sa volont\u00e9 de poursuivre plus de quatre d\u00e9cennies de musique &#8211; et plus de 250 millions d&rsquo;albums vendus &#8211; plus de six ans apr\u00e8s avoir \u00e9t\u00e9 contrainte de s&rsquo;\u00e9loigner de la sc\u00e8ne.<\/p>\n<p>Sa derni\u00e8re tourn\u00e9e, \u00ab\u00a0Courage World Tour\u00a0\u00bb, avait \u00e9t\u00e9 annul\u00e9e en 2020, \u00e0 cause de la pand\u00e9mie puis des sympt\u00f4mes caus\u00e9s par le syndrome de la personne raide, une maladie neurologique incurable dont elle est atteinte.<\/p>\n<p>C\u00e9line Dion \u00e9tait toutefois r\u00e9apparue lors de la c\u00e9r\u00e9monie d&rsquo;ouverture des Jeux olympiques de Paris 2024, interpr\u00e9tant l&rsquo;intemporel \u00ab\u00a0Hymne \u00e0 l&rsquo;amour\u00a0\u00bb d&rsquo;\u00c9dith Piaf, avec d\u00e9j\u00e0, la tour Eiffel pour d\u00e9cor.<\/p>\n","protected":false},"excerpt":{"rendered":"<p>La pression monte autour du retour sur sc\u00e8ne de C\u00e9line Dion, dont les d\u00e9tails des prochains concerts, attendus par les fans de la diva qu\u00e9becoise depuis six ans, sont esp\u00e9r\u00e9s en soir\u00e9e apr\u00e8s une semaine de suspense et de communication XXL. Dans un spot diffus\u00e9 sur les r\u00e9seaux sociaux, France T\u00e9l\u00e9visions a ainsi convi\u00e9 les [&hellip;]<\/p>\n","protected":false},"author":1,"featured_media":14101,"comment_status":"open","ping_status":"closed","sticky":false,"template":"","format":"standard","meta":{"footnotes":""},"categories":[4],"tags":[547,1396,3572],"class_list":["post-14100","post","type-post","status-publish","format-standard","has-post-thumbnail","hentry","category-culture","tag-celine-dion","tag-concerts","tag-retour-de-celine-dion"],"aioseo_notices":[],"_links":{"self":[{"href":"https:\/\/www.culturalusa.com\/news\/wp-json\/wp\/v2\/posts\/14100","targetHints":{"allow":["GET"]}}],"collection":[{"href":"https:\/\/www.culturalusa.com\/news\/wp-json\/wp\/v2\/posts"}],"about":[{"href":"https:\/\/www.culturalusa.com\/news\/wp-json\/wp\/v2\/types\/post"}],"author":[{"embeddable":true,"href":"https:\/\/www.culturalusa.com\/news\/wp-json\/wp\/v2\/users\/1"}],"replies":[{"embeddable":true,"href":"https:\/\/www.culturalusa.com\/news\/wp-json\/wp\/v2\/comments?post=14100"}],"version-history":[{"count":1,"href":"https:\/\/www.culturalusa.com\/news\/wp-json\/wp\/v2\/posts\/14100\/revisions"}],"predecessor-version":[{"id":14102,"href":"https:\/\/www.culturalusa.com\/news\/wp-json\/wp\/v2\/posts\/14100\/revisions\/14102"}],"wp:featuredmedia":[{"embeddable":true,"href":"https:\/\/www.culturalusa.com\/news\/wp-json\/wp\/v2\/media\/14101"}],"wp:attachment":[{"href":"https:\/\/www.culturalusa.com\/news\/wp-json\/wp\/v2\/media?parent=14100"}],"wp:term":[{"taxonomy":"category","embeddable":true,"href":"https:\/\/www.culturalusa.com\/news\/wp-json\/wp\/v2\/categories?post=14100"},{"taxonomy":"post_tag","embeddable":true,"href":"https:\/\/www.culturalusa.com\/news\/wp-json\/wp\/v2\/tags?post=14100"}],"curies":[{"name":"wp","href":"https:\/\/api.w.org\/{rel}","templated":true}]}}