{"id":14115,"date":"2026-04-20T17:58:56","date_gmt":"2026-04-20T15:58:56","guid":{"rendered":"https:\/\/www.culturalusa.com\/news\/?p=14115"},"modified":"2026-04-20T17:58:56","modified_gmt":"2026-04-20T15:58:56","slug":"entre-bardella-et-le-medef-des-echanges-courtois-sans-tabou-et-transparents-sur-leconomie","status":"publish","type":"post","link":"https:\/\/www.culturalusa.com\/news\/actualite\/entre-bardella-et-le-medef-des-echanges-courtois-sans-tabou-et-transparents-sur-leconomie\/","title":{"rendered":"Entre Bardella et le Medef, des \u00e9changes courtois, sans tabou et transparents sur l&rsquo;\u00e9conomie"},"content":{"rendered":"<h2>Le pr\u00e9sident du Rassemblement national Jordan Bardella a salu\u00e9 des \u00e9changes \u00ab\u00a0courtois\u00a0\u00bb \u00e0 l&rsquo;issue d&rsquo;un d\u00e9jeuner tr\u00e8s comment\u00e9 avec le Medef, un rendez-vous qu&rsquo;il avait refus\u00e9 de qualifier d'\u00a0\u00bbaudition\u00a0\u00bb.<\/h2>\n<blockquote><p>Le chef du RN s&rsquo;est entretenu pendant plus de deux heures avec le bureau ex\u00e9cutif de l&rsquo;organisation patronale. Le dialogue a \u00e9t\u00e9 \u00ab\u00a0extr\u00eamement courtois\u00a0\u00bb, a-t-il comment\u00e9, avec \u00ab\u00a0des \u00e9changes sans tabou, transparents, sur l&rsquo;\u00e9conomie fran\u00e7aise\u00a0\u00bb et notamment \u00ab\u00a0la fiscalit\u00e9, les normes\u00a0\u00bb.<\/p><\/blockquote>\n<p>Ni M. Bardella ni les deux autres convives du RN \u00e0 ce d\u00e9jeuner, le d\u00e9put\u00e9 de Moselle Alexandre Loubet et le \u00ab\u00a0conseiller sp\u00e9cial\u00a0\u00bb Fran\u00e7ois Durvye, n&rsquo;ont communiqu\u00e9 sur le contenu de leurs discussions avec le Medef. Avant de rencontrer les repr\u00e9sentants du patronat, le patron du parti \u00e0 la flamme avait n\u00e9anmoins confi\u00e9 attendre de leur part \u00ab\u00a0des propositions concr\u00e8tes pour le redressement de l&rsquo;entreprise fran\u00e7aise\u00a0\u00bb.<\/p>\n<p>Le rendez-vous se tenait dans le cadre d&rsquo;une s\u00e9rie d&rsquo;entretiens du Medef avec les leaders des principaux partis politiques, quelques jours apr\u00e8s apr\u00e8s un d\u00eener entre Marine Le Pen et plusieurs chefs d&rsquo;entreprise du CAC 40.<\/p>\n<h3>\u00ab\u00a0Je ne suis pas en audition \u00e0 l&rsquo;\u00e9cole\u00a0\u00bb, a assur\u00e9 M. Bardella.<\/h3>\n<p>Interrog\u00e9 sur un tournant lib\u00e9ral du RN, il a r\u00e9pondu croire \u00ab\u00a0dans la libert\u00e9 d&rsquo;entreprendre\u00a0\u00bb.<\/p>\n<p>\u00ab\u00a0Je ne suis pas de gauche, je n&rsquo;ai pas l&rsquo;entreprise honteuse (&#8230;) Le redressement de l&rsquo;\u00e9conomie fran\u00e7aise et le pouvoir d&rsquo;achat de la France du travail va \u00eatre au c\u0153ur du futur projet pr\u00e9sidentiel\u00a0\u00bb, a-t-il ajout\u00e9.<\/p>\n<p>Dans une lettre adress\u00e9e aux chefs d\u2019entreprise et publi\u00e9e sur X lundi matin, Jordan Bardella et la cheffe des d\u00e9put\u00e9s RN Marine Le Pen ont annonc\u00e9 \u00ab\u00a0\u00e9laborer un grand projet d\u2019ordonnance de simplification\u00a0\u00bb pour le d\u00e9but d\u2019un \u00e9ventuel mandat pr\u00e9sidentiel en 2027. Il vise \u00e0 \u00ab\u00a0lever les verrous normatifs qui freinent le d\u00e9veloppement \u00e9conomique de la France\u00a0\u00bb, notamment des \u00ab\u00a0contraintes juridiques et administratives\u00a0\u00bb \u00e9manant par exemple de textes de loi europ\u00e9ens.<\/p>\n<p>Dans cette missive, les dirigeants du parti indiquent confier \u00e0 trois de ses cadres, dont Alexandre Loubet, d&rsquo;organiser des rencontrer avec \u00ab\u00a0les principales f\u00e9d\u00e9rations professionnelles fran\u00e7aises ainsi que les organisations repr\u00e9sentant le monde \u00e9conomique\u00a0\u00bb.<\/p>\n<p>Pour autant, le RN \u00ab\u00a0ne change pas d&rsquo;un iota sur les mesures que l&rsquo;on d\u00e9fend\u00a0\u00bb quant aux co\u00fbts li\u00e9s \u00e0 l&rsquo;immigration, le millefeuille territorial ou encore l&rsquo;Union europ\u00e9enne, a indiqu\u00e9 M. Loubet.<\/p>\n<p>L&rsquo;invitation tendue par le Medef \u00e0 Jordan Bardella avait suscit\u00e9 de vives r\u00e9actions, la CFDT y voyant du \u00ab\u00a0cynisme\u00a0\u00bb de la part de l&rsquo;organisation. De son c\u00f4t\u00e9, le pr\u00e9sident de la CPME Amir Reza Tofighi a d\u00e9nonc\u00e9 lundi sur RTL l'\u00a0\u00bbhypocrisie\u00a0\u00bb des offusqu\u00e9s, expliquant: \u00ab\u00a0On parle avec tous ceux qui aujourd&rsquo;hui sont au pouvoir ou briguent \u00e0 \u00eatre au pouvoir parce qu&rsquo;on d\u00e9fend les entreprises\u00a0\u00bb.<\/p>\n<p>Le pr\u00e9sident du Medef Patrick Martin avait justifi\u00e9 mercredi cette r\u00e9ception: \u00ab\u00a0Peut-on exclure le RN du spectre de nos contacts politiques? \u00c9videmment non, parce que c&rsquo;est une formation qui p\u00e8se lourd au Parlement\u00a0\u00bb.<\/p>\n<p>Et de nier une prise de parti du patronat pour le RN. \u00ab\u00a0Je vous le dis les yeux dans les yeux, c&rsquo;est faux\u00a0\u00bb.<\/p>\n","protected":false},"excerpt":{"rendered":"<p>Le pr\u00e9sident du Rassemblement national Jordan Bardella a salu\u00e9 des \u00e9changes \u00ab\u00a0courtois\u00a0\u00bb \u00e0 l&rsquo;issue d&rsquo;un d\u00e9jeuner tr\u00e8s comment\u00e9 avec le Medef, un rendez-vous qu&rsquo;il avait refus\u00e9 de qualifier d&rsquo;\u00a0\u00bbaudition\u00a0\u00bb. Le chef du RN s&rsquo;est entretenu pendant plus de deux heures avec le bureau ex\u00e9cutif de l&rsquo;organisation patronale. Le dialogue a \u00e9t\u00e9 \u00ab\u00a0extr\u00eamement courtois\u00a0\u00bb, a-t-il comment\u00e9, [&hellip;]<\/p>\n","protected":false},"author":1,"featured_media":14116,"comment_status":"open","ping_status":"closed","sticky":false,"template":"","format":"standard","meta":{"footnotes":""},"categories":[30],"tags":[3576,991,1024],"class_list":["post-14115","post","type-post","status-publish","format-standard","has-post-thumbnail","hentry","category-actualite","tag-jordan-bardella","tag-medef","tag-rn"],"aioseo_notices":[],"_links":{"self":[{"href":"https:\/\/www.culturalusa.com\/news\/wp-json\/wp\/v2\/posts\/14115","targetHints":{"allow":["GET"]}}],"collection":[{"href":"https:\/\/www.culturalusa.com\/news\/wp-json\/wp\/v2\/posts"}],"about":[{"href":"https:\/\/www.culturalusa.com\/news\/wp-json\/wp\/v2\/types\/post"}],"author":[{"embeddable":true,"href":"https:\/\/www.culturalusa.com\/news\/wp-json\/wp\/v2\/users\/1"}],"replies":[{"embeddable":true,"href":"https:\/\/www.culturalusa.com\/news\/wp-json\/wp\/v2\/comments?post=14115"}],"version-history":[{"count":1,"href":"https:\/\/www.culturalusa.com\/news\/wp-json\/wp\/v2\/posts\/14115\/revisions"}],"predecessor-version":[{"id":14117,"href":"https:\/\/www.culturalusa.com\/news\/wp-json\/wp\/v2\/posts\/14115\/revisions\/14117"}],"wp:featuredmedia":[{"embeddable":true,"href":"https:\/\/www.culturalusa.com\/news\/wp-json\/wp\/v2\/media\/14116"}],"wp:attachment":[{"href":"https:\/\/www.culturalusa.com\/news\/wp-json\/wp\/v2\/media?parent=14115"}],"wp:term":[{"taxonomy":"category","embeddable":true,"href":"https:\/\/www.culturalusa.com\/news\/wp-json\/wp\/v2\/categories?post=14115"},{"taxonomy":"post_tag","embeddable":true,"href":"https:\/\/www.culturalusa.com\/news\/wp-json\/wp\/v2\/tags?post=14115"}],"curies":[{"name":"wp","href":"https:\/\/api.w.org\/{rel}","templated":true}]}}