{"id":1448,"date":"2014-05-14T15:19:56","date_gmt":"2014-05-14T13:19:56","guid":{"rendered":"http:\/\/www.culturalusa.com\/news\/?p=1448"},"modified":"2014-05-14T15:19:56","modified_gmt":"2014-05-14T13:19:56","slug":"la-succession-de-jose-manuel-barroso-a-la-commission-europeenne","status":"publish","type":"post","link":"https:\/\/www.culturalusa.com\/news\/portugal\/la-succession-de-jose-manuel-barroso-a-la-commission-europeenne\/","title":{"rendered":"La succession de Jos\u00e9 Manuel Barroso \u00e0 la Commission Europ\u00e9enne"},"content":{"rendered":"<p><img loading=\"lazy\" decoding=\"async\" src=\"http:\/\/www.culturalusa.com\/news\/wp-content\/uploads\/2012\/05\/Barroso.jpg\" alt=\"Jos\u00e9 Manuel Barroso\" width=\"467\" height=\"270\" class=\"aligncenter size-full wp-image-599\" srcset=\"https:\/\/www.culturalusa.com\/news\/wp-content\/uploads\/2012\/05\/Barroso.jpg 467w, https:\/\/www.culturalusa.com\/news\/wp-content\/uploads\/2012\/05\/Barroso-275x159.jpg 275w\" sizes=\"auto, (max-width: 467px) 100vw, 467px\" \/>Quasi tous les candidats \u00e0 la succession de Jos\u00e9 Manuel Barroso le disent: le prochain pr\u00e9sident de la Commission europ\u00e9enne devra \u00eatre capable de r\u00e9former une institution devenue en dix ans un repoussoir pour une majorit\u00e9 de citoyens europ\u00e9ens.<\/p>\n<p>Dans la vulgate, la Commission est devenue \u00ab\u00a0Bruxelles\u00a0\u00bb, une entit\u00e9 supranationale aux attributions mal identifi\u00e9es &#8212; 68% des personnes interrog\u00e9es en France disent ne pas conna\u00eetre le nom de son pr\u00e9sident &#8212; et d\u00e9nonc\u00e9e par les populistes comme la responsable de tous les \u00e9checs de l&rsquo;Europe.<\/p>\n<p>Or la Commission europ\u00e9enne ne d\u00e9cide pas de tout, contrairement \u00e0 ce que soutiennent ses d\u00e9tracteurs. Elle propose, les Etats et le Parlement europ\u00e9en disposent. \u00ab\u00a0C&rsquo;est tr\u00e8s habile de s&rsquo;approprier les succ\u00e8s au niveau national et d&rsquo;imputer les \u00e9checs \u00e0 la Commission\u00a0\u00bb, souligne le candidat des socialistes, Martin Schulz.<\/p>\n<p>\u00ab\u00a0Mais la cons\u00e9quence est une m\u00e9fiance consid\u00e9rable des citoyens dans les institutions de l&rsquo;Europe, et cette perte de confiance est le probl\u00e8me le plus grave auquel nous sommes confront\u00e9s\u00a0\u00bb, d\u00e9plore-t-il.<\/p>\n<p>M. Barroso porte une lourde responsabilit\u00e9 dans cette situation, car il a renonc\u00e9 aux pr\u00e9rogatives de sa fonction, soutient le candidat des lib\u00e9raux, l&rsquo;ancien Premier ministre belge Guy Verhofstadt. \u00ab\u00a0Je lui ai dit: vous avez le droit d&rsquo;initiative mais vous ne l&rsquo;utilisez pas. Vous t\u00e9l\u00e9phonez d&rsquo;abord \u00e0 Berlin et \u00e0 Paris et si vous n&rsquo;avez pas le feu vert, vous ne faites rien\u00a0\u00bb.<\/p>\n<p>\u00ab\u00a0Jos\u00e9 Manuel Barroso m&rsquo;a racont\u00e9 se sentir comme un contr\u00f4leur a\u00e9rien dans un a\u00e9roport et m&rsquo;a confi\u00e9 que son seul souci \u00e9tait d&rsquo;\u00e9viter une catastrophe. Moi, je trouve que le pr\u00e9sident de la Commission europ\u00e9enne doit \u00e9crire le plan de vol du d\u00e9part \u00e0 l&rsquo;arriv\u00e9e, et pas seulement contr\u00f4ler\u00a0\u00bb, tacle Martin Schulz.<\/p>\n<p>La faute incombe au syst\u00e8me de d\u00e9cision impos\u00e9 par les dirigeants europ\u00e9ens, qui ont rabaiss\u00e9 le r\u00f4le de la Commission europ\u00e9enne avec l&rsquo;assentiment de son pr\u00e9sident, explique Guy Verhofstadt.<\/p>\n<p>\u00ab\u00a0L&rsquo;intergouvernemental ne peut pas fonctionner avec une Commission absente et un Conseil des Etats incapable de trouver un accord sur les grandes r\u00e9formes \u00e0 faire au niveau europ\u00e9en\u00a0\u00bb, d\u00e9plore-t-il.<\/p>\n<p>Jusqu&rsquo;\u00e0 pr\u00e9sent, la nomination du pr\u00e9sident de la Commission europ\u00e9enne \u00e9tait un pouvoir discr\u00e9tionnaire des dirigeants europ\u00e9en. Nomm\u00e9 en 2004, Jos\u00e9 Manuel Barroso, alors Premier ministre conservateur du Portugal, a \u00e9t\u00e9 un second choix, apr\u00e8s un veto de Londres contre M. Verhofstadt.<\/p>\n<p>Dix ans apr\u00e8s, la donne a chang\u00e9. Les partis politiques europ\u00e9ens ont impos\u00e9 une comp\u00e9tition entre des candidats. L&rsquo;\u00e9lu devrait \u00eatre celui qui ralliera sur son nom la majorit\u00e9 des \u00e9lus du nouveau Parlement.<\/p>\n<p>Les pr\u00e9tendants insistent sur la n\u00e9cessit\u00e9 de r\u00e9former l&rsquo;institution. Tous connaissent les mauvaises relations entre M. Barroso et son \u00e9quipe de commissaires, et ils veulent y rem\u00e9dier.<\/p>\n<p>\u00ab\u00a0Nous avons besoin d&rsquo;une Commission qui ne joue plus en d\u00e9fensif, mais utilise son pouvoir de d\u00e9poser des lois\u00a0\u00bb, plaide Guy Verhofstadt.<\/p>\n<p>Candidat des conservateurs, l&rsquo;ancien Premier ministre luxembourgeois, Jean-Claude Juncker, veut rendre \u00e0 l&rsquo;institution son r\u00f4le politique et recentrer son action sur les \u00ab\u00a0probl\u00e8mes qui n\u00e9cessitent une action commune\u00a0\u00bb.<\/p>\n<p>S&rsquo;il est \u00e9lu, il assure vouloir choisir des commissaires \u00ab\u00a0au parcours politique national et europ\u00e9en impressionnants\u00a0\u00bb, et entend refuser les candidats pr\u00e9sent\u00e9s par les Etats s&rsquo;ils ne r\u00e9pondent pas \u00e0 ce profil.<\/p>\n<p>Martin Schulz veut lui aussi \u00ab\u00a0impliquer les citoyens\u00a0\u00bb, ce qui impose une approche plus centr\u00e9e autour de leurs pr\u00e9occupations et \u00ab\u00a0une r\u00e9flexion sur la n\u00e9cessit\u00e9 de r\u00e9guler ou de d\u00e9r\u00e9guler\u00a0\u00bb.<\/p>\n<p>Le prochain pr\u00e9sident de la Commission sera \u00e9lu gr\u00e2ce \u00e0 un accord entre les deux grandes familles dominantes du Parlement europ\u00e9en, les conservateurs et les socialistes. \u00ab\u00a0Sa cr\u00e9dibilit\u00e9 d\u00e9pendra de sa capacit\u00e9 \u00e0 s&rsquo;affranchir des capitales et d&rsquo;imposer au Conseil et au Parlement de se positionner sur ses initiatives\u00a0\u00bb, avertit Daniel Cohn-Bendit, qui a si\u00e9g\u00e9 pendant 20 ans au Parlement europ\u00e9en. (AFP)<\/p>\n<p style=\"text-align:center;\"><script type=\"text\/javascript\"><!--\ngoogle_ad_client = \"ca-pub-2727717456356200\";\n\/* CulturaLusa 468x60 *\/\ngoogle_ad_slot = \"2785499263\";\ngoogle_ad_width = 468;\ngoogle_ad_height = 60;\n\/\/-->\n<\/script><br \/>\n<script type=\"text\/javascript\"\nsrc=\"http:\/\/pagead2.googlesyndication.com\/pagead\/show_ads.js\">\n<\/script><\/p>\n","protected":false},"excerpt":{"rendered":"<p>Quasi tous les candidats \u00e0 la succession de Jos\u00e9 Manuel Barroso le disent: le prochain pr\u00e9sident de la Commission europ\u00e9enne devra \u00eatre capable de r\u00e9former une institution devenue en dix ans un repoussoir pour une majorit\u00e9 de citoyens europ\u00e9ens. Dans la vulgate, la Commission est devenue \u00ab\u00a0Bruxelles\u00a0\u00bb, une entit\u00e9 supranationale aux attributions mal identifi\u00e9es &#8212; [&hellip;]<\/p>\n","protected":false},"author":1,"featured_media":0,"comment_status":"open","ping_status":"closed","sticky":false,"template":"","format":"standard","meta":{"footnotes":""},"categories":[3],"tags":[],"class_list":["post-1448","post","type-post","status-publish","format-standard","hentry","category-portugal"],"aioseo_notices":[],"_links":{"self":[{"href":"https:\/\/www.culturalusa.com\/news\/wp-json\/wp\/v2\/posts\/1448","targetHints":{"allow":["GET"]}}],"collection":[{"href":"https:\/\/www.culturalusa.com\/news\/wp-json\/wp\/v2\/posts"}],"about":[{"href":"https:\/\/www.culturalusa.com\/news\/wp-json\/wp\/v2\/types\/post"}],"author":[{"embeddable":true,"href":"https:\/\/www.culturalusa.com\/news\/wp-json\/wp\/v2\/users\/1"}],"replies":[{"embeddable":true,"href":"https:\/\/www.culturalusa.com\/news\/wp-json\/wp\/v2\/comments?post=1448"}],"version-history":[{"count":0,"href":"https:\/\/www.culturalusa.com\/news\/wp-json\/wp\/v2\/posts\/1448\/revisions"}],"wp:attachment":[{"href":"https:\/\/www.culturalusa.com\/news\/wp-json\/wp\/v2\/media?parent=1448"}],"wp:term":[{"taxonomy":"category","embeddable":true,"href":"https:\/\/www.culturalusa.com\/news\/wp-json\/wp\/v2\/categories?post=1448"},{"taxonomy":"post_tag","embeddable":true,"href":"https:\/\/www.culturalusa.com\/news\/wp-json\/wp\/v2\/tags?post=1448"}],"curies":[{"name":"wp","href":"https:\/\/api.w.org\/{rel}","templated":true}]}}