{"id":1452,"date":"2014-05-14T15:43:25","date_gmt":"2014-05-14T13:43:25","guid":{"rendered":"http:\/\/www.culturalusa.com\/news\/?p=1452"},"modified":"2014-05-14T15:43:25","modified_gmt":"2014-05-14T13:43:25","slug":"alfonso-cuaron-et-chiara-mastroianni-pour-louverture-du-67e-festival-de-cannes","status":"publish","type":"post","link":"https:\/\/www.culturalusa.com\/news\/culture\/alfonso-cuaron-et-chiara-mastroianni-pour-louverture-du-67e-festival-de-cannes\/","title":{"rendered":"Alfonso Cuaron et Chiara Mastroianni pour l&rsquo;ouverture du 67e Festival de Cannes"},"content":{"rendered":"<p><img loading=\"lazy\" decoding=\"async\" src=\"http:\/\/www.culturalusa.com\/news\/wp-content\/uploads\/2014\/05\/Chiara-Mastroianni.jpg\" alt=\"Chiara Mastroianni\" width=\"467\" height=\"410\" class=\"aligncenter size-full wp-image-1453\" srcset=\"https:\/\/www.culturalusa.com\/news\/wp-content\/uploads\/2014\/05\/Chiara-Mastroianni.jpg 467w, https:\/\/www.culturalusa.com\/news\/wp-content\/uploads\/2014\/05\/Chiara-Mastroianni-275x241.jpg 275w, https:\/\/www.culturalusa.com\/news\/wp-content\/uploads\/2014\/05\/Chiara-Mastroianni-456x400.jpg 456w\" sizes=\"auto, (max-width: 467px) 100vw, 467px\" \/>Le r\u00e9alisateur mexicain Alfonso Cuaron, Oscar 2014 du meilleur r\u00e9alisateur pour \u00ab\u00a0Gravity\u00a0\u00bb ainsi que l&rsquo;actrice Chiara Mastroianni d\u00e9clareront ouvert mercredi soir le 67e Festival de Cannes, a appris l&rsquo;AFP aupr\u00e8s des organisateurs.<\/p>\n<p>La c\u00e9r\u00e9monie d&rsquo;ouverture d\u00e9butera \u00e0 19h15 (17h15 GMT). Elle sera anim\u00e9e par l&rsquo;acteur Lambert Wilson et retransmise en direct et en clair sur Canal+.<\/p>\n<p>Cuaron, 52 ans, est consid\u00e9r\u00e9 comme l&rsquo;un des cin\u00e9astes mexicains les plus prometteurs et dou\u00e9s de sa g\u00e9n\u00e9ration, aux c\u00f4t\u00e9s de Guillermo del Toro ou Alejandro Gonzalez Inarritu.<\/p>\n<p>Cuaron, et son \u00ab\u00a0Gravity\u00a0\u00bb, grand succ\u00e8s mondial avec George Clooney et Sandra Bullock, a re\u00e7u d\u00e9but mars l&rsquo;Oscar du meilleur r\u00e9alisateur et l&rsquo;Oscar du meilleur montage.<\/p>\n<p>Mastroianni, 41 ans, fille de l&rsquo;actrice Catherine Deneuve et de l&rsquo;acteur italien Marcello Mastroianni, a beaucoup tourn\u00e9 pour le cin\u00e9ma d&rsquo;auteur.<\/p>\n<p>L&rsquo;affiche du 67e Festival repr\u00e9sente Marcello Mastroianni dans le film de Federico Fellini \u00ab\u00a0Huit et demi\u00a0\u00bb, pr\u00e9sent\u00e9 \u00e0 Cannes en 1963.<\/p>\n<p>Chiara et Marcello Mastroianni avaient gravi ensemble les marches du palais des festivals en 1996 pour le film de Raoul Ruiz \u00ab\u00a0Trois vies et une seule mort\u00a0\u00bb.<\/p>\n<p>L&rsquo;an dernier, c&rsquo;est l&rsquo;acteur am\u00e9ricain Leonardo DiCaprio qui avait d\u00e9clar\u00e9 ouvert le 66e Festival de Cannes.<\/p>\n<p style=\"text-align:center;\"><script type=\"text\/javascript\"><!--\ngoogle_ad_client = \"ca-pub-2727717456356200\";\n\/* CulturaLusa 468x60 *\/\ngoogle_ad_slot = \"2785499263\";\ngoogle_ad_width = 468;\ngoogle_ad_height = 60;\n\/\/-->\n<\/script><br \/>\n<script type=\"text\/javascript\"\nsrc=\"http:\/\/pagead2.googlesyndication.com\/pagead\/show_ads.js\">\n<\/script><\/p>\n","protected":false},"excerpt":{"rendered":"<p>Le r\u00e9alisateur mexicain Alfonso Cuaron, Oscar 2014 du meilleur r\u00e9alisateur pour \u00ab\u00a0Gravity\u00a0\u00bb ainsi que l&rsquo;actrice Chiara Mastroianni d\u00e9clareront ouvert mercredi soir le 67e Festival de Cannes, a appris l&rsquo;AFP aupr\u00e8s des organisateurs. La c\u00e9r\u00e9monie d&rsquo;ouverture d\u00e9butera \u00e0 19h15 (17h15 GMT). Elle sera anim\u00e9e par l&rsquo;acteur Lambert Wilson et retransmise en direct et en clair sur [&hellip;]<\/p>\n","protected":false},"author":1,"featured_media":0,"comment_status":"open","ping_status":"closed","sticky":false,"template":"","format":"standard","meta":{"footnotes":""},"categories":[4],"tags":[],"class_list":["post-1452","post","type-post","status-publish","format-standard","hentry","category-culture"],"aioseo_notices":[],"_links":{"self":[{"href":"https:\/\/www.culturalusa.com\/news\/wp-json\/wp\/v2\/posts\/1452","targetHints":{"allow":["GET"]}}],"collection":[{"href":"https:\/\/www.culturalusa.com\/news\/wp-json\/wp\/v2\/posts"}],"about":[{"href":"https:\/\/www.culturalusa.com\/news\/wp-json\/wp\/v2\/types\/post"}],"author":[{"embeddable":true,"href":"https:\/\/www.culturalusa.com\/news\/wp-json\/wp\/v2\/users\/1"}],"replies":[{"embeddable":true,"href":"https:\/\/www.culturalusa.com\/news\/wp-json\/wp\/v2\/comments?post=1452"}],"version-history":[{"count":0,"href":"https:\/\/www.culturalusa.com\/news\/wp-json\/wp\/v2\/posts\/1452\/revisions"}],"wp:attachment":[{"href":"https:\/\/www.culturalusa.com\/news\/wp-json\/wp\/v2\/media?parent=1452"}],"wp:term":[{"taxonomy":"category","embeddable":true,"href":"https:\/\/www.culturalusa.com\/news\/wp-json\/wp\/v2\/categories?post=1452"},{"taxonomy":"post_tag","embeddable":true,"href":"https:\/\/www.culturalusa.com\/news\/wp-json\/wp\/v2\/tags?post=1452"}],"curies":[{"name":"wp","href":"https:\/\/api.w.org\/{rel}","templated":true}]}}